{"id":6649,"date":"2021-03-21T19:41:00","date_gmt":"2021-03-21T18:41:00","guid":{"rendered":"http:\/\/spp3.slawno.pl\/?p=6649"},"modified":"2021-03-21T19:49:20","modified_gmt":"2021-03-21T18:49:20","slug":"zajecia-w-klasie-1b","status":"publish","type":"post","link":"http:\/\/spp3.slawno.pl\/?p=6649","title":{"rendered":"Zaj\u0119cia w klasie 1b"},"content":{"rendered":"<p>Dzie\u0144 pe\u0142en wra\u017ce\u0144. Uczniowie klasy 1b nie czekali na 21 marca na wiosn\u0119. Ju\u017c w pi\u0105tek zaprosili wiosn\u0119 do siebie. W tym dniu byli solidarni z osobami z zespo\u0142em Downa, zorganizowali warsztaty stolarskie, ozdobili klas\u0119 wiosennymi kwiatami.<\/p>\n<p>Wi\u0119cej zdj\u0119\u0107 na <a href=\"https:\/\/www.facebook.com\/profile.php?id=100057090535208\">fb SP3<\/a><\/p>\n<p><img loading=\"lazy\" decoding=\"async\" class=\"alignnone size-full wp-image-6650\" src=\"http:\/\/spp3.slawno.pl\/wp-content\/uploads\/2021\/03\/1klasa.jpg\" alt=\"Nogi uczni\u00f3w w kolorowych, r\u00f3\u017cnych skarpetkach\" width=\"960\" height=\"720\" srcset=\"http:\/\/spp3.slawno.pl\/wp-content\/uploads\/2021\/03\/1klasa.jpg 960w, http:\/\/spp3.slawno.pl\/wp-content\/uploads\/2021\/03\/1klasa-300x225.jpg 300w, http:\/\/spp3.slawno.pl\/wp-content\/uploads\/2021\/03\/1klasa-768x576.jpg 768w, http:\/\/spp3.slawno.pl\/wp-content\/uploads\/2021\/03\/1klasa-678x509.jpg 678w, http:\/\/spp3.slawno.pl\/wp-content\/uploads\/2021\/03\/1klasa-326x245.jpg 326w, http:\/\/spp3.slawno.pl\/wp-content\/uploads\/2021\/03\/1klasa-80x60.jpg 80w\" sizes=\"(max-width: 960px) 100vw, 960px\" \/> <img loading=\"lazy\" decoding=\"async\" class=\"alignnone size-full wp-image-6651\" src=\"http:\/\/spp3.slawno.pl\/wp-content\/uploads\/2021\/03\/1klasa1.jpg\" alt=\"Nogi uczni\u00f3w w kolorowych, r\u00f3\u017cnych skarpetkach\" width=\"960\" height=\"720\" srcset=\"http:\/\/spp3.slawno.pl\/wp-content\/uploads\/2021\/03\/1klasa1.jpg 960w, http:\/\/spp3.slawno.pl\/wp-content\/uploads\/2021\/03\/1klasa1-300x225.jpg 300w, http:\/\/spp3.slawno.pl\/wp-content\/uploads\/2021\/03\/1klasa1-768x576.jpg 768w, http:\/\/spp3.slawno.pl\/wp-content\/uploads\/2021\/03\/1klasa1-678x509.jpg 678w, http:\/\/spp3.slawno.pl\/wp-content\/uploads\/2021\/03\/1klasa1-326x245.jpg 326w, http:\/\/spp3.slawno.pl\/wp-content\/uploads\/2021\/03\/1klasa1-80x60.jpg 80w\" sizes=\"(max-width: 960px) 100vw, 960px\" \/><\/p>\n","protected":false},"excerpt":{"rendered":"<div class=\"mh-excerpt\"><p>Dzie\u0144 pe\u0142en wra\u017ce\u0144. Uczniowie klasy 1b nie czekali na 21 marca na wiosn\u0119. Ju\u017c w pi\u0105tek zaprosili wiosn\u0119 do siebie. W tym dniu byli solidarni <a class=\"mh-excerpt-more\" href=\"http:\/\/spp3.slawno.pl\/?p=6649\" title=\"Zaj\u0119cia w klasie 1b\">[&#8230;]<\/a><\/p>\n<\/div>","protected":false},"author":2,"featured_media":6652,"comment_status":"closed","ping_status":"open","sticky":false,"template":"","format":"standard","meta":{"footnotes":""},"categories":[8],"tags":[],"class_list":["post-6649","post","type-post","status-publish","format-standard","has-post-thumbnail","hentry","category-wydarzenia"],"_links":{"self":[{"href":"http:\/\/spp3.slawno.pl\/index.php?rest_route=\/wp\/v2\/posts\/6649"}],"collection":[{"href":"http:\/\/spp3.slawno.pl\/index.php?rest_route=\/wp\/v2\/posts"}],"about":[{"href":"http:\/\/spp3.slawno.pl\/index.php?rest_route=\/wp\/v2\/types\/post"}],"author":[{"embeddable":true,"href":"http:\/\/spp3.slawno.pl\/index.php?rest_route=\/wp\/v2\/users\/2"}],"replies":[{"embeddable":true,"href":"http:\/\/spp3.slawno.pl\/index.php?rest_route=%2Fwp%2Fv2%2Fcomments&post=6649"}],"version-history":[{"count":2,"href":"http:\/\/spp3.slawno.pl\/index.php?rest_route=\/wp\/v2\/posts\/6649\/revisions"}],"predecessor-version":[{"id":6663,"href":"http:\/\/spp3.slawno.pl\/index.php?rest_route=\/wp\/v2\/posts\/6649\/revisions\/6663"}],"wp:featuredmedia":[{"embeddable":true,"href":"http:\/\/spp3.slawno.pl\/index.php?rest_route=\/wp\/v2\/media\/6652"}],"wp:attachment":[{"href":"http:\/\/spp3.slawno.pl\/index.php?rest_route=%2Fwp%2Fv2%2Fmedia&parent=6649"}],"wp:term":[{"taxonomy":"category","embeddable":true,"href":"http:\/\/spp3.slawno.pl\/index.php?rest_route=%2Fwp%2Fv2%2Fcategories&post=6649"},{"taxonomy":"post_tag","embeddable":true,"href":"http:\/\/spp3.slawno.pl\/index.php?rest_route=%2Fwp%2Fv2%2Ftags&post=6649"}],"curies":[{"name":"wp","href":"https:\/\/api.w.org\/{rel}","templated":true}]}}