{"id":6654,"date":"2021-03-21T19:46:47","date_gmt":"2021-03-21T18:46:47","guid":{"rendered":"http:\/\/spp3.slawno.pl\/?p=6654"},"modified":"2021-05-30T17:57:41","modified_gmt":"2021-05-30T15:57:41","slug":"dzien-swietego-patryka-2","status":"publish","type":"post","link":"http:\/\/spp3.slawno.pl\/?p=6654","title":{"rendered":"Dzie\u0144 \u015awi\u0119tego Patryka"},"content":{"rendered":"<p>Dzie\u0144 \u015aw. Patryka na zielono zago\u015bci\u0142 w\u015br\u00f3d trzecioklasist\u00f3w..<span class=\"pq6dq46d tbxw36s4 knj5qynh kvgmc6g5 ditlmg2l oygrvhab nvdbi5me sf5mxxl7 gl3lb2sf hhz5lgdu\"><img loading=\"lazy\" decoding=\"async\" src=\"https:\/\/static.xx.fbcdn.net\/images\/emoji.php\/v9\/t87\/1\/16\/1f340.png\" alt=\"\ud83c\udf40\" width=\"16\" height=\"16\" \/><\/span><\/p>\n<p>Wi\u0119cej zdj\u0119\u0107 na <a href=\"https:\/\/www.facebook.com\/profile.php?id=100057090535208\">fb SP3<\/a><\/p>\n<p><img loading=\"lazy\" decoding=\"async\" class=\"alignnone size-full wp-image-6655\" src=\"http:\/\/spp3.slawno.pl\/wp-content\/uploads\/2021\/03\/\u015aw.-Patryk1.jpg\" alt=\"Dzieci ubrane na zielono \u015bwi\u0119tuj\u0105 Dzie\u0144 \u015aw. Patryka\" width=\"720\" height=\"540\" srcset=\"http:\/\/spp3.slawno.pl\/wp-content\/uploads\/2021\/03\/\u015aw.-Patryk1.jpg 720w, http:\/\/spp3.slawno.pl\/wp-content\/uploads\/2021\/03\/\u015aw.-Patryk1-300x225.jpg 300w, http:\/\/spp3.slawno.pl\/wp-content\/uploads\/2021\/03\/\u015aw.-Patryk1-678x509.jpg 678w, http:\/\/spp3.slawno.pl\/wp-content\/uploads\/2021\/03\/\u015aw.-Patryk1-326x245.jpg 326w, http:\/\/spp3.slawno.pl\/wp-content\/uploads\/2021\/03\/\u015aw.-Patryk1-80x60.jpg 80w\" sizes=\"(max-width: 720px) 100vw, 720px\" \/> <img loading=\"lazy\" decoding=\"async\" class=\"alignnone size-full wp-image-6656\" src=\"http:\/\/spp3.slawno.pl\/wp-content\/uploads\/2021\/03\/\u015aw.-Patrykb.jpg\" alt=\"Dzieci ubrane na zielono \u015bwi\u0119tuj\u0105 Dzie\u0144 \u015aw. Patryka\" width=\"640\" height=\"480\" srcset=\"http:\/\/spp3.slawno.pl\/wp-content\/uploads\/2021\/03\/\u015aw.-Patrykb.jpg 640w, http:\/\/spp3.slawno.pl\/wp-content\/uploads\/2021\/03\/\u015aw.-Patrykb-300x225.jpg 300w, http:\/\/spp3.slawno.pl\/wp-content\/uploads\/2021\/03\/\u015aw.-Patrykb-326x245.jpg 326w, http:\/\/spp3.slawno.pl\/wp-content\/uploads\/2021\/03\/\u015aw.-Patrykb-80x60.jpg 80w\" sizes=\"(max-width: 640px) 100vw, 640px\" \/> <img loading=\"lazy\" decoding=\"async\" class=\"alignnone size-full wp-image-6657\" src=\"http:\/\/spp3.slawno.pl\/wp-content\/uploads\/2021\/03\/\u015aw.-Patrykc.jpg\" alt=\"Dzieci ubrane na zielono \u015bwi\u0119tuj\u0105 Dzie\u0144 \u015aw. Patryka\" width=\"360\" height=\"480\" srcset=\"http:\/\/spp3.slawno.pl\/wp-content\/uploads\/2021\/03\/\u015aw.-Patrykc.jpg 360w, http:\/\/spp3.slawno.pl\/wp-content\/uploads\/2021\/03\/\u015aw.-Patrykc-225x300.jpg 225w\" sizes=\"(max-width: 360px) 100vw, 360px\" \/> <img loading=\"lazy\" decoding=\"async\" class=\"alignnone size-full wp-image-6658\" src=\"http:\/\/spp3.slawno.pl\/wp-content\/uploads\/2021\/03\/\u015aw.-Patrykd.jpg\" alt=\"Dzieci ubrane na zielono \u015bwi\u0119tuj\u0105 Dzie\u0144 \u015aw. Patryka\" width=\"640\" height=\"480\" srcset=\"http:\/\/spp3.slawno.pl\/wp-content\/uploads\/2021\/03\/\u015aw.-Patrykd.jpg 640w, http:\/\/spp3.slawno.pl\/wp-content\/uploads\/2021\/03\/\u015aw.-Patrykd-300x225.jpg 300w, http:\/\/spp3.slawno.pl\/wp-content\/uploads\/2021\/03\/\u015aw.-Patrykd-326x245.jpg 326w, http:\/\/spp3.slawno.pl\/wp-content\/uploads\/2021\/03\/\u015aw.-Patrykd-80x60.jpg 80w\" sizes=\"(max-width: 640px) 100vw, 640px\" \/> <img loading=\"lazy\" decoding=\"async\" class=\"alignnone size-full wp-image-6659\" src=\"http:\/\/spp3.slawno.pl\/wp-content\/uploads\/2021\/03\/\u015awPatryka.jpg\" alt=\"Dzieci ubrane na zielono \u015bwi\u0119tuj\u0105 Dzie\u0144 \u015aw. Patryka\" width=\"360\" height=\"480\" srcset=\"http:\/\/spp3.slawno.pl\/wp-content\/uploads\/2021\/03\/\u015awPatryka.jpg 360w, http:\/\/spp3.slawno.pl\/wp-content\/uploads\/2021\/03\/\u015awPatryka-225x300.jpg 225w\" sizes=\"(max-width: 360px) 100vw, 360px\" \/><\/p>\n","protected":false},"excerpt":{"rendered":"<div class=\"mh-excerpt\"><p>Dzie\u0144 \u015aw. Patryka na zielono zago\u015bci\u0142 w\u015br\u00f3d trzecioklasist\u00f3w.. Wi\u0119cej zdj\u0119\u0107 na fb SP3<\/p>\n<\/div>","protected":false},"author":2,"featured_media":6658,"comment_status":"closed","ping_status":"open","sticky":false,"template":"","format":"standard","meta":{"footnotes":""},"categories":[32,22,8],"tags":[],"class_list":["post-6654","post","type-post","status-publish","format-standard","has-post-thumbnail","hentry","category-akcje","category-lekcje-w-naszej-szkole-nie-sa-nudne","category-wydarzenia"],"_links":{"self":[{"href":"http:\/\/spp3.slawno.pl\/index.php?rest_route=\/wp\/v2\/posts\/6654"}],"collection":[{"href":"http:\/\/spp3.slawno.pl\/index.php?rest_route=\/wp\/v2\/posts"}],"about":[{"href":"http:\/\/spp3.slawno.pl\/index.php?rest_route=\/wp\/v2\/types\/post"}],"author":[{"embeddable":true,"href":"http:\/\/spp3.slawno.pl\/index.php?rest_route=\/wp\/v2\/users\/2"}],"replies":[{"embeddable":true,"href":"http:\/\/spp3.slawno.pl\/index.php?rest_route=%2Fwp%2Fv2%2Fcomments&post=6654"}],"version-history":[{"count":3,"href":"http:\/\/spp3.slawno.pl\/index.php?rest_route=\/wp\/v2\/posts\/6654\/revisions"}],"predecessor-version":[{"id":6662,"href":"http:\/\/spp3.slawno.pl\/index.php?rest_route=\/wp\/v2\/posts\/6654\/revisions\/6662"}],"wp:featuredmedia":[{"embeddable":true,"href":"http:\/\/spp3.slawno.pl\/index.php?rest_route=\/wp\/v2\/media\/6658"}],"wp:attachment":[{"href":"http:\/\/spp3.slawno.pl\/index.php?rest_route=%2Fwp%2Fv2%2Fmedia&parent=6654"}],"wp:term":[{"taxonomy":"category","embeddable":true,"href":"http:\/\/spp3.slawno.pl\/index.php?rest_route=%2Fwp%2Fv2%2Fcategories&post=6654"},{"taxonomy":"post_tag","embeddable":true,"href":"http:\/\/spp3.slawno.pl\/index.php?rest_route=%2Fwp%2Fv2%2Ftags&post=6654"}],"curies":[{"name":"wp","href":"https:\/\/api.w.org\/{rel}","templated":true}]}}