{"id":6675,"date":"2021-03-22T18:15:14","date_gmt":"2021-03-22T17:15:14","guid":{"rendered":"http:\/\/spp3.slawno.pl\/?p=6675"},"modified":"2021-05-30T18:01:52","modified_gmt":"2021-05-30T16:01:52","slug":"klasa-1-a-podczas-swiatowego-dnia-zespolu-downa","status":"publish","type":"post","link":"http:\/\/spp3.slawno.pl\/?p=6675","title":{"rendered":"Klasa 1 a podczas \u015awiatowego  Dnia Zespo\u0142u Downa&#8230;"},"content":{"rendered":"<p>Wi\u0119cej zdj\u0119c na <a href=\"https:\/\/www.facebook.com\/profile.php?id=100057090535208\">fb SP3<\/a><\/p>\n<p><img loading=\"lazy\" decoding=\"async\" class=\"alignnone size-full wp-image-6676\" src=\"http:\/\/spp3.slawno.pl\/wp-content\/uploads\/2021\/03\/Solidarni-z-dzie\u0107mi-chorymi-na-Zesp\u00f3\u0142-Downa.jpg\" alt=\"Solidarni z dzie\u0107mi chorymi na Zesp\u00f3\u0142 Downa\" width=\"960\" height=\"718\" srcset=\"http:\/\/spp3.slawno.pl\/wp-content\/uploads\/2021\/03\/Solidarni-z-dzie\u0107mi-chorymi-na-Zesp\u00f3\u0142-Downa.jpg 960w, http:\/\/spp3.slawno.pl\/wp-content\/uploads\/2021\/03\/Solidarni-z-dzie\u0107mi-chorymi-na-Zesp\u00f3\u0142-Downa-300x224.jpg 300w, http:\/\/spp3.slawno.pl\/wp-content\/uploads\/2021\/03\/Solidarni-z-dzie\u0107mi-chorymi-na-Zesp\u00f3\u0142-Downa-768x574.jpg 768w, http:\/\/spp3.slawno.pl\/wp-content\/uploads\/2021\/03\/Solidarni-z-dzie\u0107mi-chorymi-na-Zesp\u00f3\u0142-Downa-326x245.jpg 326w, http:\/\/spp3.slawno.pl\/wp-content\/uploads\/2021\/03\/Solidarni-z-dzie\u0107mi-chorymi-na-Zesp\u00f3\u0142-Downa-80x60.jpg 80w\" sizes=\"(max-width: 960px) 100vw, 960px\" \/> <img loading=\"lazy\" decoding=\"async\" class=\"alignnone size-full wp-image-6677\" src=\"http:\/\/spp3.slawno.pl\/wp-content\/uploads\/2021\/03\/Solidarni-z-dzie\u0107mi-chorymi-na-Zesp\u00f3\u0142-Downa1.jpg\" alt=\"Solidarni z dzie\u0107mi chorymi na Zesp\u00f3\u0142 Downa\" width=\"960\" height=\"718\" srcset=\"http:\/\/spp3.slawno.pl\/wp-content\/uploads\/2021\/03\/Solidarni-z-dzie\u0107mi-chorymi-na-Zesp\u00f3\u0142-Downa1.jpg 960w, http:\/\/spp3.slawno.pl\/wp-content\/uploads\/2021\/03\/Solidarni-z-dzie\u0107mi-chorymi-na-Zesp\u00f3\u0142-Downa1-300x224.jpg 300w, http:\/\/spp3.slawno.pl\/wp-content\/uploads\/2021\/03\/Solidarni-z-dzie\u0107mi-chorymi-na-Zesp\u00f3\u0142-Downa1-768x574.jpg 768w, http:\/\/spp3.slawno.pl\/wp-content\/uploads\/2021\/03\/Solidarni-z-dzie\u0107mi-chorymi-na-Zesp\u00f3\u0142-Downa1-326x245.jpg 326w, http:\/\/spp3.slawno.pl\/wp-content\/uploads\/2021\/03\/Solidarni-z-dzie\u0107mi-chorymi-na-Zesp\u00f3\u0142-Downa1-80x60.jpg 80w\" sizes=\"(max-width: 960px) 100vw, 960px\" \/> <img loading=\"lazy\" decoding=\"async\" class=\"alignnone size-large wp-image-6678\" src=\"http:\/\/spp3.slawno.pl\/wp-content\/uploads\/2021\/03\/Solidarni-z-dzie\u0107mi-chorymi-na-Zesp\u00f3\u0142-Downa2.jpg\" alt=\"\" width=\"960\" height=\"718\" srcset=\"http:\/\/spp3.slawno.pl\/wp-content\/uploads\/2021\/03\/Solidarni-z-dzie\u0107mi-chorymi-na-Zesp\u00f3\u0142-Downa2.jpg 960w, http:\/\/spp3.slawno.pl\/wp-content\/uploads\/2021\/03\/Solidarni-z-dzie\u0107mi-chorymi-na-Zesp\u00f3\u0142-Downa2-300x224.jpg 300w, http:\/\/spp3.slawno.pl\/wp-content\/uploads\/2021\/03\/Solidarni-z-dzie\u0107mi-chorymi-na-Zesp\u00f3\u0142-Downa2-768x574.jpg 768w, http:\/\/spp3.slawno.pl\/wp-content\/uploads\/2021\/03\/Solidarni-z-dzie\u0107mi-chorymi-na-Zesp\u00f3\u0142-Downa2-326x245.jpg 326w, http:\/\/spp3.slawno.pl\/wp-content\/uploads\/2021\/03\/Solidarni-z-dzie\u0107mi-chorymi-na-Zesp\u00f3\u0142-Downa2-80x60.jpg 80w\" sizes=\"(max-width: 960px) 100vw, 960px\" \/> <img loading=\"lazy\" decoding=\"async\" class=\"alignnone size-full wp-image-6679\" src=\"http:\/\/spp3.slawno.pl\/wp-content\/uploads\/2021\/03\/Solidarni-z-dzie\u0107mi-chorymi-na-Zesp\u00f3\u0142-Downa3.jpg\" alt=\"Solidarni z dzie\u0107mi chorymi na Zesp\u00f3\u0142 Downa\" width=\"960\" height=\"718\" srcset=\"http:\/\/spp3.slawno.pl\/wp-content\/uploads\/2021\/03\/Solidarni-z-dzie\u0107mi-chorymi-na-Zesp\u00f3\u0142-Downa3.jpg 960w, http:\/\/spp3.slawno.pl\/wp-content\/uploads\/2021\/03\/Solidarni-z-dzie\u0107mi-chorymi-na-Zesp\u00f3\u0142-Downa3-300x224.jpg 300w, http:\/\/spp3.slawno.pl\/wp-content\/uploads\/2021\/03\/Solidarni-z-dzie\u0107mi-chorymi-na-Zesp\u00f3\u0142-Downa3-768x574.jpg 768w, http:\/\/spp3.slawno.pl\/wp-content\/uploads\/2021\/03\/Solidarni-z-dzie\u0107mi-chorymi-na-Zesp\u00f3\u0142-Downa3-326x245.jpg 326w, http:\/\/spp3.slawno.pl\/wp-content\/uploads\/2021\/03\/Solidarni-z-dzie\u0107mi-chorymi-na-Zesp\u00f3\u0142-Downa3-80x60.jpg 80w\" sizes=\"(max-width: 960px) 100vw, 960px\" \/> <img loading=\"lazy\" decoding=\"async\" class=\"alignnone size-full wp-image-6680\" src=\"http:\/\/spp3.slawno.pl\/wp-content\/uploads\/2021\/03\/Solidarni-z-dzie\u0107mi-chorymi-na-Zesp\u00f3\u0142-Downa11.jpg\" alt=\"Solidarni z dzie\u0107mi chorymi na Zesp\u00f3\u0142 Downa\" width=\"960\" height=\"718\" srcset=\"http:\/\/spp3.slawno.pl\/wp-content\/uploads\/2021\/03\/Solidarni-z-dzie\u0107mi-chorymi-na-Zesp\u00f3\u0142-Downa11.jpg 960w, http:\/\/spp3.slawno.pl\/wp-content\/uploads\/2021\/03\/Solidarni-z-dzie\u0107mi-chorymi-na-Zesp\u00f3\u0142-Downa11-300x224.jpg 300w, http:\/\/spp3.slawno.pl\/wp-content\/uploads\/2021\/03\/Solidarni-z-dzie\u0107mi-chorymi-na-Zesp\u00f3\u0142-Downa11-768x574.jpg 768w, http:\/\/spp3.slawno.pl\/wp-content\/uploads\/2021\/03\/Solidarni-z-dzie\u0107mi-chorymi-na-Zesp\u00f3\u0142-Downa11-326x245.jpg 326w, http:\/\/spp3.slawno.pl\/wp-content\/uploads\/2021\/03\/Solidarni-z-dzie\u0107mi-chorymi-na-Zesp\u00f3\u0142-Downa11-80x60.jpg 80w\" sizes=\"(max-width: 960px) 100vw, 960px\" \/> <img loading=\"lazy\" decoding=\"async\" class=\"alignnone size-full wp-image-6681\" src=\"http:\/\/spp3.slawno.pl\/wp-content\/uploads\/2021\/03\/Solidarni-z-dzie\u0107mi-chorymi-na-Zesp\u00f3\u0142-Downa12.jpg\" alt=\"Solidarni z dzie\u0107mi chorymi na Zesp\u00f3\u0142 Downa\" width=\"960\" height=\"718\" srcset=\"http:\/\/spp3.slawno.pl\/wp-content\/uploads\/2021\/03\/Solidarni-z-dzie\u0107mi-chorymi-na-Zesp\u00f3\u0142-Downa12.jpg 960w, http:\/\/spp3.slawno.pl\/wp-content\/uploads\/2021\/03\/Solidarni-z-dzie\u0107mi-chorymi-na-Zesp\u00f3\u0142-Downa12-300x224.jpg 300w, http:\/\/spp3.slawno.pl\/wp-content\/uploads\/2021\/03\/Solidarni-z-dzie\u0107mi-chorymi-na-Zesp\u00f3\u0142-Downa12-768x574.jpg 768w, http:\/\/spp3.slawno.pl\/wp-content\/uploads\/2021\/03\/Solidarni-z-dzie\u0107mi-chorymi-na-Zesp\u00f3\u0142-Downa12-326x245.jpg 326w, http:\/\/spp3.slawno.pl\/wp-content\/uploads\/2021\/03\/Solidarni-z-dzie\u0107mi-chorymi-na-Zesp\u00f3\u0142-Downa12-80x60.jpg 80w\" sizes=\"(max-width: 960px) 100vw, 960px\" \/> <img loading=\"lazy\" decoding=\"async\" class=\"alignnone size-full wp-image-6682\" src=\"http:\/\/spp3.slawno.pl\/wp-content\/uploads\/2021\/03\/Solidarni-z-dzie\u0107mi-chorymi-na-Zesp\u00f3\u0142-Downa13.jpg\" alt=\"Solidarni z dzie\u0107mi chorymi na Zesp\u00f3\u0142 Downa\" width=\"960\" height=\"718\" srcset=\"http:\/\/spp3.slawno.pl\/wp-content\/uploads\/2021\/03\/Solidarni-z-dzie\u0107mi-chorymi-na-Zesp\u00f3\u0142-Downa13.jpg 960w, http:\/\/spp3.slawno.pl\/wp-content\/uploads\/2021\/03\/Solidarni-z-dzie\u0107mi-chorymi-na-Zesp\u00f3\u0142-Downa13-300x224.jpg 300w, http:\/\/spp3.slawno.pl\/wp-content\/uploads\/2021\/03\/Solidarni-z-dzie\u0107mi-chorymi-na-Zesp\u00f3\u0142-Downa13-768x574.jpg 768w, http:\/\/spp3.slawno.pl\/wp-content\/uploads\/2021\/03\/Solidarni-z-dzie\u0107mi-chorymi-na-Zesp\u00f3\u0142-Downa13-326x245.jpg 326w, http:\/\/spp3.slawno.pl\/wp-content\/uploads\/2021\/03\/Solidarni-z-dzie\u0107mi-chorymi-na-Zesp\u00f3\u0142-Downa13-80x60.jpg 80w\" sizes=\"(max-width: 960px) 100vw, 960px\" \/><\/p>\n","protected":false},"excerpt":{"rendered":"<div class=\"mh-excerpt\"><p>Wi\u0119cej zdj\u0119c na fb SP3<\/p>\n<\/div>","protected":false},"author":2,"featured_media":6682,"comment_status":"closed","ping_status":"open","sticky":false,"template":"","format":"standard","meta":{"footnotes":""},"categories":[32,22,8],"tags":[],"class_list":["post-6675","post","type-post","status-publish","format-standard","has-post-thumbnail","hentry","category-akcje","category-lekcje-w-naszej-szkole-nie-sa-nudne","category-wydarzenia"],"_links":{"self":[{"href":"http:\/\/spp3.slawno.pl\/index.php?rest_route=\/wp\/v2\/posts\/6675"}],"collection":[{"href":"http:\/\/spp3.slawno.pl\/index.php?rest_route=\/wp\/v2\/posts"}],"about":[{"href":"http:\/\/spp3.slawno.pl\/index.php?rest_route=\/wp\/v2\/types\/post"}],"author":[{"embeddable":true,"href":"http:\/\/spp3.slawno.pl\/index.php?rest_route=\/wp\/v2\/users\/2"}],"replies":[{"embeddable":true,"href":"http:\/\/spp3.slawno.pl\/index.php?rest_route=%2Fwp%2Fv2%2Fcomments&post=6675"}],"version-history":[{"count":1,"href":"http:\/\/spp3.slawno.pl\/index.php?rest_route=\/wp\/v2\/posts\/6675\/revisions"}],"predecessor-version":[{"id":6683,"href":"http:\/\/spp3.slawno.pl\/index.php?rest_route=\/wp\/v2\/posts\/6675\/revisions\/6683"}],"wp:featuredmedia":[{"embeddable":true,"href":"http:\/\/spp3.slawno.pl\/index.php?rest_route=\/wp\/v2\/media\/6682"}],"wp:attachment":[{"href":"http:\/\/spp3.slawno.pl\/index.php?rest_route=%2Fwp%2Fv2%2Fmedia&parent=6675"}],"wp:term":[{"taxonomy":"category","embeddable":true,"href":"http:\/\/spp3.slawno.pl\/index.php?rest_route=%2Fwp%2Fv2%2Fcategories&post=6675"},{"taxonomy":"post_tag","embeddable":true,"href":"http:\/\/spp3.slawno.pl\/index.php?rest_route=%2Fwp%2Fv2%2Ftags&post=6675"}],"curies":[{"name":"wp","href":"https:\/\/api.w.org\/{rel}","templated":true}]}}