{"id":6691,"date":"2021-03-22T18:33:35","date_gmt":"2021-03-22T17:33:35","guid":{"rendered":"http:\/\/spp3.slawno.pl\/?p=6691"},"modified":"2021-03-22T18:33:35","modified_gmt":"2021-03-22T17:33:35","slug":"pracowite-dni-w-klasie-iiib","status":"publish","type":"post","link":"http:\/\/spp3.slawno.pl\/?p=6691","title":{"rendered":"Pracowite dni w klasie IIIb"},"content":{"rendered":"<div dir=\"auto\">Dni pe\u0142ne wra\u017ce\u0144 w klasie IIIb <span class=\"pq6dq46d tbxw36s4 knj5qynh kvgmc6g5 ditlmg2l oygrvhab nvdbi5me sf5mxxl7 gl3lb2sf hhz5lgdu\"><img loading=\"lazy\" decoding=\"async\" src=\"https:\/\/static.xx.fbcdn.net\/images\/emoji.php\/v9\/tb7\/1\/16\/1f917.png\" alt=\"\ud83e\udd17\" width=\"16\" height=\"16\" \/><\/span><span class=\"pq6dq46d tbxw36s4 knj5qynh kvgmc6g5 ditlmg2l oygrvhab nvdbi5me sf5mxxl7 gl3lb2sf hhz5lgdu\"><img loading=\"lazy\" decoding=\"async\" src=\"https:\/\/static.xx.fbcdn.net\/images\/emoji.php\/v9\/td3\/1\/16\/1f649.png\" alt=\"\ud83d\ude49\" width=\"16\" height=\"16\" \/><\/span><span class=\"pq6dq46d tbxw36s4 knj5qynh kvgmc6g5 ditlmg2l oygrvhab nvdbi5me sf5mxxl7 gl3lb2sf hhz5lgdu\"><img loading=\"lazy\" decoding=\"async\" src=\"https:\/\/static.xx.fbcdn.net\/images\/emoji.php\/v9\/t96\/1\/16\/1f49c.png\" alt=\"\ud83d\udc9c\" width=\"16\" height=\"16\" \/><\/span><span class=\"pq6dq46d tbxw36s4 knj5qynh kvgmc6g5 ditlmg2l oygrvhab nvdbi5me sf5mxxl7 gl3lb2sf hhz5lgdu\"><img loading=\"lazy\" decoding=\"async\" src=\"https:\/\/static.xx.fbcdn.net\/images\/emoji.php\/v9\/t6c\/1\/16\/1f411.png\" alt=\"\ud83d\udc11\" width=\"16\" height=\"16\" \/><\/span><span class=\"pq6dq46d tbxw36s4 knj5qynh kvgmc6g5 ditlmg2l oygrvhab nvdbi5me sf5mxxl7 gl3lb2sf hhz5lgdu\"><img loading=\"lazy\" decoding=\"async\" src=\"https:\/\/static.xx.fbcdn.net\/images\/emoji.php\/v9\/t29\/1\/16\/1f430.png\" alt=\"\ud83d\udc30\" width=\"16\" height=\"16\" \/><\/span><span class=\"pq6dq46d tbxw36s4 knj5qynh kvgmc6g5 ditlmg2l oygrvhab nvdbi5me sf5mxxl7 gl3lb2sf hhz5lgdu\"><img loading=\"lazy\" decoding=\"async\" src=\"https:\/\/static.xx.fbcdn.net\/images\/emoji.php\/v9\/tbb\/1\/16\/1f98b.png\" alt=\"\ud83e\udd8b\" width=\"16\" height=\"16\" \/><\/span><span class=\"pq6dq46d tbxw36s4 knj5qynh kvgmc6g5 ditlmg2l oygrvhab nvdbi5me sf5mxxl7 gl3lb2sf hhz5lgdu\"><img loading=\"lazy\" decoding=\"async\" src=\"https:\/\/static.xx.fbcdn.net\/images\/emoji.php\/v9\/t6f\/1\/16\/1f337.png\" alt=\"\ud83c\udf37\" width=\"16\" height=\"16\" \/><\/span><\/div>\n<div dir=\"auto\">Dwa ostatnie dni, przed rozpocz\u0119ciem nauki zdalnej by\u0142y dla nas niesamowicie kreatywne. Odby\u0142y si\u0119:<\/div>\n<div dir=\"auto\">1.Obchody \u015awiatowego Dnia Zespo\u0142u Downa.<\/div>\n<div dir=\"auto\">2.Warsztaty Wielkanocne .<\/div>\n<div dir=\"auto\">3.Pokaz Mody Recyklingowej.<\/div>\n<div dir=\"auto\"><img loading=\"lazy\" decoding=\"async\" class=\"alignnone size-full wp-image-6692\" src=\"http:\/\/spp3.slawno.pl\/wp-content\/uploads\/2021\/03\/Zaj\u0119cia-w-3a.jpg\" alt=\"Zaj\u0119cia w 3b, warsztaty w drewnie, solidarni z Zespo\u0142em Downa, pokaz mody recyklingowej\" width=\"540\" height=\"960\" srcset=\"http:\/\/spp3.slawno.pl\/wp-content\/uploads\/2021\/03\/Zaj\u0119cia-w-3a.jpg 540w, http:\/\/spp3.slawno.pl\/wp-content\/uploads\/2021\/03\/Zaj\u0119cia-w-3a-169x300.jpg 169w\" sizes=\"(max-width: 540px) 100vw, 540px\" \/> <img loading=\"lazy\" decoding=\"async\" class=\"alignnone size-full wp-image-6693\" src=\"http:\/\/spp3.slawno.pl\/wp-content\/uploads\/2021\/03\/Zaj\u0119cia-w-3a1.jpg\" alt=\"Zaj\u0119cia w 3b, warsztaty w drewnie, solidarni z Zespo\u0142em Downa, pokaz mody recyklingowej\" width=\"960\" height=\"540\" srcset=\"http:\/\/spp3.slawno.pl\/wp-content\/uploads\/2021\/03\/Zaj\u0119cia-w-3a1.jpg 960w, http:\/\/spp3.slawno.pl\/wp-content\/uploads\/2021\/03\/Zaj\u0119cia-w-3a1-300x169.jpg 300w, http:\/\/spp3.slawno.pl\/wp-content\/uploads\/2021\/03\/Zaj\u0119cia-w-3a1-768x432.jpg 768w, http:\/\/spp3.slawno.pl\/wp-content\/uploads\/2021\/03\/Zaj\u0119cia-w-3a1-678x381.jpg 678w\" sizes=\"(max-width: 960px) 100vw, 960px\" \/> <img loading=\"lazy\" decoding=\"async\" class=\"alignnone size-full wp-image-6694\" src=\"http:\/\/spp3.slawno.pl\/wp-content\/uploads\/2021\/03\/Zaj\u0119cia-w-3a2.jpg\" alt=\"Zaj\u0119cia w 3b, warsztaty w drewnie, solidarni z Zespo\u0142em Downa, pokaz mody recyklingowej\" width=\"540\" height=\"960\" srcset=\"http:\/\/spp3.slawno.pl\/wp-content\/uploads\/2021\/03\/Zaj\u0119cia-w-3a2.jpg 540w, http:\/\/spp3.slawno.pl\/wp-content\/uploads\/2021\/03\/Zaj\u0119cia-w-3a2-169x300.jpg 169w\" sizes=\"(max-width: 540px) 100vw, 540px\" \/> <img loading=\"lazy\" decoding=\"async\" class=\"alignnone size-full wp-image-6695\" src=\"http:\/\/spp3.slawno.pl\/wp-content\/uploads\/2021\/03\/Zaj\u0119cia-w-3a3.jpg\" alt=\"Zaj\u0119cia w 3b, warsztaty w drewnie, solidarni z Zespo\u0142em Downa, pokaz mody recyklingowej\" width=\"960\" height=\"540\" srcset=\"http:\/\/spp3.slawno.pl\/wp-content\/uploads\/2021\/03\/Zaj\u0119cia-w-3a3.jpg 960w, http:\/\/spp3.slawno.pl\/wp-content\/uploads\/2021\/03\/Zaj\u0119cia-w-3a3-300x169.jpg 300w, http:\/\/spp3.slawno.pl\/wp-content\/uploads\/2021\/03\/Zaj\u0119cia-w-3a3-768x432.jpg 768w, http:\/\/spp3.slawno.pl\/wp-content\/uploads\/2021\/03\/Zaj\u0119cia-w-3a3-678x381.jpg 678w\" sizes=\"(max-width: 960px) 100vw, 960px\" \/> <img loading=\"lazy\" decoding=\"async\" class=\"alignnone size-full wp-image-6696\" src=\"http:\/\/spp3.slawno.pl\/wp-content\/uploads\/2021\/03\/Zaj\u0119cia-w-3a4.jpg\" alt=\"Zaj\u0119cia w 3b, warsztaty w drewnie, solidarni z Zespo\u0142em Downa, pokaz mody recyklingowej\" width=\"960\" height=\"540\" srcset=\"http:\/\/spp3.slawno.pl\/wp-content\/uploads\/2021\/03\/Zaj\u0119cia-w-3a4.jpg 960w, http:\/\/spp3.slawno.pl\/wp-content\/uploads\/2021\/03\/Zaj\u0119cia-w-3a4-300x169.jpg 300w, http:\/\/spp3.slawno.pl\/wp-content\/uploads\/2021\/03\/Zaj\u0119cia-w-3a4-768x432.jpg 768w, http:\/\/spp3.slawno.pl\/wp-content\/uploads\/2021\/03\/Zaj\u0119cia-w-3a4-678x381.jpg 678w\" sizes=\"(max-width: 960px) 100vw, 960px\" \/> <img loading=\"lazy\" decoding=\"async\" class=\"alignnone size-full wp-image-6697\" src=\"http:\/\/spp3.slawno.pl\/wp-content\/uploads\/2021\/03\/Zaj\u0119cia-w-3a5jpg.jpg\" alt=\"Zaj\u0119cia w 3b, warsztaty w drewnie, solidarni z Zespo\u0142em Downa, pokaz mody recyklingowej\" width=\"540\" height=\"960\" srcset=\"http:\/\/spp3.slawno.pl\/wp-content\/uploads\/2021\/03\/Zaj\u0119cia-w-3a5jpg.jpg 540w, http:\/\/spp3.slawno.pl\/wp-content\/uploads\/2021\/03\/Zaj\u0119cia-w-3a5jpg-169x300.jpg 169w\" sizes=\"(max-width: 540px) 100vw, 540px\" \/> <img loading=\"lazy\" decoding=\"async\" class=\"alignnone size-full wp-image-6698\" src=\"http:\/\/spp3.slawno.pl\/wp-content\/uploads\/2021\/03\/Zaj\u0119cia-w-3a6.jpg\" alt=\"Zaj\u0119cia w 3b, warsztaty w drewnie, solidarni z Zespo\u0142em Downa, pokaz mody recyklingowej\" width=\"960\" height=\"540\" srcset=\"http:\/\/spp3.slawno.pl\/wp-content\/uploads\/2021\/03\/Zaj\u0119cia-w-3a6.jpg 960w, http:\/\/spp3.slawno.pl\/wp-content\/uploads\/2021\/03\/Zaj\u0119cia-w-3a6-300x169.jpg 300w, http:\/\/spp3.slawno.pl\/wp-content\/uploads\/2021\/03\/Zaj\u0119cia-w-3a6-768x432.jpg 768w, http:\/\/spp3.slawno.pl\/wp-content\/uploads\/2021\/03\/Zaj\u0119cia-w-3a6-678x381.jpg 678w\" sizes=\"(max-width: 960px) 100vw, 960px\" \/> <img loading=\"lazy\" decoding=\"async\" class=\"alignnone size-full wp-image-6699\" src=\"http:\/\/spp3.slawno.pl\/wp-content\/uploads\/2021\/03\/Zaj\u0119cia-w-3a7.jpg\" alt=\"Zaj\u0119cia w 3b, warsztaty w drewnie, solidarni z Zespo\u0142em Downa, pokaz mody recyklingowej\" width=\"960\" height=\"540\" srcset=\"http:\/\/spp3.slawno.pl\/wp-content\/uploads\/2021\/03\/Zaj\u0119cia-w-3a7.jpg 960w, http:\/\/spp3.slawno.pl\/wp-content\/uploads\/2021\/03\/Zaj\u0119cia-w-3a7-300x169.jpg 300w, http:\/\/spp3.slawno.pl\/wp-content\/uploads\/2021\/03\/Zaj\u0119cia-w-3a7-768x432.jpg 768w, http:\/\/spp3.slawno.pl\/wp-content\/uploads\/2021\/03\/Zaj\u0119cia-w-3a7-678x381.jpg 678w\" sizes=\"(max-width: 960px) 100vw, 960px\" \/> <img loading=\"lazy\" decoding=\"async\" class=\"alignnone size-full wp-image-6700\" src=\"http:\/\/spp3.slawno.pl\/wp-content\/uploads\/2021\/03\/Zaj\u0119cia-w-3a8.jpg\" alt=\"Zaj\u0119cia w 3b, warsztaty w drewnie, solidarni z Zespo\u0142em Downa, pokaz mody recyklingowej\" width=\"960\" height=\"540\" srcset=\"http:\/\/spp3.slawno.pl\/wp-content\/uploads\/2021\/03\/Zaj\u0119cia-w-3a8.jpg 960w, http:\/\/spp3.slawno.pl\/wp-content\/uploads\/2021\/03\/Zaj\u0119cia-w-3a8-300x169.jpg 300w, http:\/\/spp3.slawno.pl\/wp-content\/uploads\/2021\/03\/Zaj\u0119cia-w-3a8-768x432.jpg 768w, http:\/\/spp3.slawno.pl\/wp-content\/uploads\/2021\/03\/Zaj\u0119cia-w-3a8-678x381.jpg 678w\" sizes=\"(max-width: 960px) 100vw, 960px\" \/> <img loading=\"lazy\" decoding=\"async\" class=\"alignnone size-full wp-image-6701\" src=\"http:\/\/spp3.slawno.pl\/wp-content\/uploads\/2021\/03\/Zaj\u0119cia-w-3a9.jpg\" alt=\"Zaj\u0119cia w 3b, warsztaty w drewnie, solidarni z Zespo\u0142em Downa, pokaz mody recyklingowej\" width=\"960\" height=\"540\" srcset=\"http:\/\/spp3.slawno.pl\/wp-content\/uploads\/2021\/03\/Zaj\u0119cia-w-3a9.jpg 960w, http:\/\/spp3.slawno.pl\/wp-content\/uploads\/2021\/03\/Zaj\u0119cia-w-3a9-300x169.jpg 300w, http:\/\/spp3.slawno.pl\/wp-content\/uploads\/2021\/03\/Zaj\u0119cia-w-3a9-768x432.jpg 768w, http:\/\/spp3.slawno.pl\/wp-content\/uploads\/2021\/03\/Zaj\u0119cia-w-3a9-678x381.jpg 678w\" sizes=\"(max-width: 960px) 100vw, 960px\" \/> <img loading=\"lazy\" decoding=\"async\" class=\"alignnone size-full wp-image-6702\" src=\"http:\/\/spp3.slawno.pl\/wp-content\/uploads\/2021\/03\/Zaj\u0119cia-w-3a10.jpg\" alt=\"Zaj\u0119cia w 3b, warsztaty w drewnie, solidarni z Zespo\u0142em Downa, pokaz mody recyklingowej\" width=\"960\" height=\"540\" srcset=\"http:\/\/spp3.slawno.pl\/wp-content\/uploads\/2021\/03\/Zaj\u0119cia-w-3a10.jpg 960w, http:\/\/spp3.slawno.pl\/wp-content\/uploads\/2021\/03\/Zaj\u0119cia-w-3a10-300x169.jpg 300w, http:\/\/spp3.slawno.pl\/wp-content\/uploads\/2021\/03\/Zaj\u0119cia-w-3a10-768x432.jpg 768w, http:\/\/spp3.slawno.pl\/wp-content\/uploads\/2021\/03\/Zaj\u0119cia-w-3a10-678x381.jpg 678w\" sizes=\"(max-width: 960px) 100vw, 960px\" \/> <img loading=\"lazy\" decoding=\"async\" class=\"alignnone size-full wp-image-6703\" src=\"http:\/\/spp3.slawno.pl\/wp-content\/uploads\/2021\/03\/Zaj\u0119cia-w-3a11.jpg\" alt=\"Zaj\u0119cia w 3b, warsztaty w drewnie, solidarni z Zespo\u0142em Downa, pokaz mody recyklingowej\" width=\"960\" height=\"540\" srcset=\"http:\/\/spp3.slawno.pl\/wp-content\/uploads\/2021\/03\/Zaj\u0119cia-w-3a11.jpg 960w, http:\/\/spp3.slawno.pl\/wp-content\/uploads\/2021\/03\/Zaj\u0119cia-w-3a11-300x169.jpg 300w, http:\/\/spp3.slawno.pl\/wp-content\/uploads\/2021\/03\/Zaj\u0119cia-w-3a11-768x432.jpg 768w, http:\/\/spp3.slawno.pl\/wp-content\/uploads\/2021\/03\/Zaj\u0119cia-w-3a11-678x381.jpg 678w\" sizes=\"(max-width: 960px) 100vw, 960px\" \/> <img loading=\"lazy\" decoding=\"async\" class=\"alignnone size-full wp-image-6704\" src=\"http:\/\/spp3.slawno.pl\/wp-content\/uploads\/2021\/03\/Zaj\u0119cia-w-3a12.jpg\" alt=\"Zaj\u0119cia w 3b, warsztaty w drewnie, solidarni z Zespo\u0142em Downa, pokaz mody recyklingowej\" width=\"960\" height=\"540\" srcset=\"http:\/\/spp3.slawno.pl\/wp-content\/uploads\/2021\/03\/Zaj\u0119cia-w-3a12.jpg 960w, http:\/\/spp3.slawno.pl\/wp-content\/uploads\/2021\/03\/Zaj\u0119cia-w-3a12-300x169.jpg 300w, http:\/\/spp3.slawno.pl\/wp-content\/uploads\/2021\/03\/Zaj\u0119cia-w-3a12-768x432.jpg 768w, http:\/\/spp3.slawno.pl\/wp-content\/uploads\/2021\/03\/Zaj\u0119cia-w-3a12-678x381.jpg 678w\" sizes=\"(max-width: 960px) 100vw, 960px\" \/> <img loading=\"lazy\" decoding=\"async\" class=\"alignnone size-full wp-image-6705\" src=\"http:\/\/spp3.slawno.pl\/wp-content\/uploads\/2021\/03\/Zaj\u0119cia-w-3a13.jpg\" alt=\"Zaj\u0119cia w 3b, warsztaty w drewnie, solidarni z Zespo\u0142em Downa, pokaz mody recyklingowej\" width=\"960\" height=\"540\" srcset=\"http:\/\/spp3.slawno.pl\/wp-content\/uploads\/2021\/03\/Zaj\u0119cia-w-3a13.jpg 960w, http:\/\/spp3.slawno.pl\/wp-content\/uploads\/2021\/03\/Zaj\u0119cia-w-3a13-300x169.jpg 300w, http:\/\/spp3.slawno.pl\/wp-content\/uploads\/2021\/03\/Zaj\u0119cia-w-3a13-768x432.jpg 768w, http:\/\/spp3.slawno.pl\/wp-content\/uploads\/2021\/03\/Zaj\u0119cia-w-3a13-678x381.jpg 678w\" sizes=\"(max-width: 960px) 100vw, 960px\" \/> <img loading=\"lazy\" decoding=\"async\" class=\"alignnone size-full wp-image-6706\" src=\"http:\/\/spp3.slawno.pl\/wp-content\/uploads\/2021\/03\/Zaj\u0119cia-w-3a14.jpg\" alt=\"Zaj\u0119cia w 3b, warsztaty w drewnie, solidarni z Zespo\u0142em Downa, pokaz mody recyklingowej\" width=\"960\" height=\"540\" srcset=\"http:\/\/spp3.slawno.pl\/wp-content\/uploads\/2021\/03\/Zaj\u0119cia-w-3a14.jpg 960w, http:\/\/spp3.slawno.pl\/wp-content\/uploads\/2021\/03\/Zaj\u0119cia-w-3a14-300x169.jpg 300w, http:\/\/spp3.slawno.pl\/wp-content\/uploads\/2021\/03\/Zaj\u0119cia-w-3a14-768x432.jpg 768w, http:\/\/spp3.slawno.pl\/wp-content\/uploads\/2021\/03\/Zaj\u0119cia-w-3a14-678x381.jpg 678w\" sizes=\"(max-width: 960px) 100vw, 960px\" \/> <img loading=\"lazy\" decoding=\"async\" class=\"alignnone size-full wp-image-6707\" src=\"http:\/\/spp3.slawno.pl\/wp-content\/uploads\/2021\/03\/Zaj\u0119cia-w-3a15.jpg\" alt=\"Zaj\u0119cia w 3b, warsztaty w drewnie, solidarni z Zespo\u0142em Downa, pokaz mody recyklingowej\" width=\"960\" height=\"540\" srcset=\"http:\/\/spp3.slawno.pl\/wp-content\/uploads\/2021\/03\/Zaj\u0119cia-w-3a15.jpg 960w, http:\/\/spp3.slawno.pl\/wp-content\/uploads\/2021\/03\/Zaj\u0119cia-w-3a15-300x169.jpg 300w, http:\/\/spp3.slawno.pl\/wp-content\/uploads\/2021\/03\/Zaj\u0119cia-w-3a15-768x432.jpg 768w, http:\/\/spp3.slawno.pl\/wp-content\/uploads\/2021\/03\/Zaj\u0119cia-w-3a15-678x381.jpg 678w\" sizes=\"(max-width: 960px) 100vw, 960px\" \/><\/div>\n","protected":false},"excerpt":{"rendered":"<div class=\"mh-excerpt\"><p>Dni pe\u0142ne wra\u017ce\u0144 w klasie IIIb Dwa ostatnie dni, przed rozpocz\u0119ciem nauki zdalnej by\u0142y dla nas niesamowicie kreatywne. Odby\u0142y si\u0119: 1.Obchody \u015awiatowego Dnia Zespo\u0142u Downa. <a class=\"mh-excerpt-more\" href=\"http:\/\/spp3.slawno.pl\/?p=6691\" title=\"Pracowite dni w klasie IIIb\">[&#8230;]<\/a><\/p>\n<\/div>","protected":false},"author":2,"featured_media":6703,"comment_status":"closed","ping_status":"open","sticky":false,"template":"","format":"standard","meta":{"footnotes":""},"categories":[22,8],"tags":[],"class_list":["post-6691","post","type-post","status-publish","format-standard","has-post-thumbnail","hentry","category-lekcje-w-naszej-szkole-nie-sa-nudne","category-wydarzenia"],"_links":{"self":[{"href":"http:\/\/spp3.slawno.pl\/index.php?rest_route=\/wp\/v2\/posts\/6691"}],"collection":[{"href":"http:\/\/spp3.slawno.pl\/index.php?rest_route=\/wp\/v2\/posts"}],"about":[{"href":"http:\/\/spp3.slawno.pl\/index.php?rest_route=\/wp\/v2\/types\/post"}],"author":[{"embeddable":true,"href":"http:\/\/spp3.slawno.pl\/index.php?rest_route=\/wp\/v2\/users\/2"}],"replies":[{"embeddable":true,"href":"http:\/\/spp3.slawno.pl\/index.php?rest_route=%2Fwp%2Fv2%2Fcomments&post=6691"}],"version-history":[{"count":1,"href":"http:\/\/spp3.slawno.pl\/index.php?rest_route=\/wp\/v2\/posts\/6691\/revisions"}],"predecessor-version":[{"id":6708,"href":"http:\/\/spp3.slawno.pl\/index.php?rest_route=\/wp\/v2\/posts\/6691\/revisions\/6708"}],"wp:featuredmedia":[{"embeddable":true,"href":"http:\/\/spp3.slawno.pl\/index.php?rest_route=\/wp\/v2\/media\/6703"}],"wp:attachment":[{"href":"http:\/\/spp3.slawno.pl\/index.php?rest_route=%2Fwp%2Fv2%2Fmedia&parent=6691"}],"wp:term":[{"taxonomy":"category","embeddable":true,"href":"http:\/\/spp3.slawno.pl\/index.php?rest_route=%2Fwp%2Fv2%2Fcategories&post=6691"},{"taxonomy":"post_tag","embeddable":true,"href":"http:\/\/spp3.slawno.pl\/index.php?rest_route=%2Fwp%2Fv2%2Ftags&post=6691"}],"curies":[{"name":"wp","href":"https:\/\/api.w.org\/{rel}","templated":true}]}}