{"id":6721,"date":"2021-03-25T14:30:52","date_gmt":"2021-03-25T13:30:52","guid":{"rendered":"http:\/\/spp3.slawno.pl\/?p=6721"},"modified":"2021-03-25T15:04:31","modified_gmt":"2021-03-25T14:04:31","slug":"wyniki-konkursu-dla-uczniow-klas-i-iii-na-kartke-wielkanocna","status":"publish","type":"post","link":"http:\/\/spp3.slawno.pl\/?p=6721","title":{"rendered":"Wyniki konkursu dla uczni\u00f3w klas I- III na  kartk\u0119 wielkanocn\u0105"},"content":{"rendered":"<p>Konkurs dla uczni\u00f3w klas I-III na ,,Kartk\u0119 wielkanocn\u0105\u201d rozstrzygni\u0119ty &#8230;Serdecznie gratulujemy wszystkim uczestnikom konkursu . Wasze kartki s\u0105 przepi\u0119kne.<span class=\"pq6dq46d tbxw36s4 knj5qynh kvgmc6g5 ditlmg2l oygrvhab nvdbi5me sf5mxxl7 gl3lb2sf hhz5lgdu\"><img loading=\"lazy\" decoding=\"async\" src=\"https:\/\/static.xx.fbcdn.net\/images\/emoji.php\/v9\/te0\/1.5\/16\/1f340.png\" alt=\"\ud83c\udf40\" width=\"16\" height=\"16\" \/><\/span>Nagrody ufundowa\u0142a Rada Rodzic\u00f3w naszej szko\u0142y i zostan\u0105 one wr\u0119czone po powrocie do szko\u0142y .<\/p>\n<p>Wi\u0119cej prac na <a href=\"https:\/\/www.facebook.com\/profile.php?id=100057090535208\">Fb SP 3<\/a><\/p>\n<p><img loading=\"lazy\" decoding=\"async\" class=\"alignnone wp-image-6736\" src=\"http:\/\/spp3.slawno.pl\/wp-content\/uploads\/2021\/03\/Konkurs-na-kartk\u011912.jpg\" alt=\"Kartki wielkanocne\" width=\"616\" height=\"821\" srcset=\"http:\/\/spp3.slawno.pl\/wp-content\/uploads\/2021\/03\/Konkurs-na-kartk\u011912.jpg 720w, http:\/\/spp3.slawno.pl\/wp-content\/uploads\/2021\/03\/Konkurs-na-kartk\u011912-225x300.jpg 225w\" sizes=\"(max-width: 616px) 100vw, 616px\" \/><\/p>\n<p><img loading=\"lazy\" decoding=\"async\" class=\"alignnone wp-image-6733\" src=\"http:\/\/spp3.slawno.pl\/wp-content\/uploads\/2021\/03\/Konkurs-na-kartk\u011910-2.jpg\" alt=\"Kartki wielkanocne\" width=\"615\" height=\"820\" srcset=\"http:\/\/spp3.slawno.pl\/wp-content\/uploads\/2021\/03\/Konkurs-na-kartk\u011910-2.jpg 720w, http:\/\/spp3.slawno.pl\/wp-content\/uploads\/2021\/03\/Konkurs-na-kartk\u011910-2-225x300.jpg 225w\" sizes=\"(max-width: 615px) 100vw, 615px\" \/> <img loading=\"lazy\" decoding=\"async\" class=\"alignnone wp-image-6734\" src=\"http:\/\/spp3.slawno.pl\/wp-content\/uploads\/2021\/03\/Konkurs-na-kartk\u011911-2.jpg\" alt=\"Kartki wielkanocne\" width=\"642\" height=\"856\" srcset=\"http:\/\/spp3.slawno.pl\/wp-content\/uploads\/2021\/03\/Konkurs-na-kartk\u011911-2.jpg 720w, http:\/\/spp3.slawno.pl\/wp-content\/uploads\/2021\/03\/Konkurs-na-kartk\u011911-2-225x300.jpg 225w\" sizes=\"(max-width: 642px) 100vw, 642px\" \/> <img loading=\"lazy\" decoding=\"async\" class=\"alignnone wp-image-6735\" src=\"http:\/\/spp3.slawno.pl\/wp-content\/uploads\/2021\/03\/Konkurs-na-kartk\u011911.jpg\" alt=\"Kartki wielkanocne\" width=\"644\" height=\"859\" srcset=\"http:\/\/spp3.slawno.pl\/wp-content\/uploads\/2021\/03\/Konkurs-na-kartk\u011911.jpg 720w, http:\/\/spp3.slawno.pl\/wp-content\/uploads\/2021\/03\/Konkurs-na-kartk\u011911-225x300.jpg 225w\" sizes=\"(max-width: 644px) 100vw, 644px\" \/><img loading=\"lazy\" decoding=\"async\" class=\"alignnone size-full wp-image-6722\" src=\"http:\/\/spp3.slawno.pl\/wp-content\/uploads\/2021\/03\/Konkurs-na-kartk\u0119.jpg\" alt=\"Kartki wielkanocne\" width=\"605\" height=\"807\" srcset=\"http:\/\/spp3.slawno.pl\/wp-content\/uploads\/2021\/03\/Konkurs-na-kartk\u0119.jpg 605w, http:\/\/spp3.slawno.pl\/wp-content\/uploads\/2021\/03\/Konkurs-na-kartk\u0119-225x300.jpg 225w\" sizes=\"(max-width: 605px) 100vw, 605px\" \/> <img loading=\"lazy\" decoding=\"async\" class=\"alignnone size-full wp-image-6723\" src=\"http:\/\/spp3.slawno.pl\/wp-content\/uploads\/2021\/03\/Konkurs-na-kartk\u01191.jpg\" alt=\"Kartki wielkanocne\" width=\"605\" height=\"807\" srcset=\"http:\/\/spp3.slawno.pl\/wp-content\/uploads\/2021\/03\/Konkurs-na-kartk\u01191.jpg 605w, http:\/\/spp3.slawno.pl\/wp-content\/uploads\/2021\/03\/Konkurs-na-kartk\u01191-225x300.jpg 225w\" sizes=\"(max-width: 605px) 100vw, 605px\" \/> <img loading=\"lazy\" decoding=\"async\" class=\"alignnone size-full wp-image-6724\" src=\"http:\/\/spp3.slawno.pl\/wp-content\/uploads\/2021\/03\/Konkurs-na-kartk\u01192.jpg\" alt=\"Kartki wielkanocne\" width=\"605\" height=\"807\" srcset=\"http:\/\/spp3.slawno.pl\/wp-content\/uploads\/2021\/03\/Konkurs-na-kartk\u01192.jpg 605w, http:\/\/spp3.slawno.pl\/wp-content\/uploads\/2021\/03\/Konkurs-na-kartk\u01192-225x300.jpg 225w\" sizes=\"(max-width: 605px) 100vw, 605px\" \/> <img loading=\"lazy\" decoding=\"async\" class=\"alignnone size-full wp-image-6725\" src=\"http:\/\/spp3.slawno.pl\/wp-content\/uploads\/2021\/03\/Konkurs-na-kartk\u01193.jpg\" alt=\"Kartki wielkanocne\" width=\"605\" height=\"807\" srcset=\"http:\/\/spp3.slawno.pl\/wp-content\/uploads\/2021\/03\/Konkurs-na-kartk\u01193.jpg 605w, http:\/\/spp3.slawno.pl\/wp-content\/uploads\/2021\/03\/Konkurs-na-kartk\u01193-225x300.jpg 225w\" sizes=\"(max-width: 605px) 100vw, 605px\" \/> <img loading=\"lazy\" decoding=\"async\" class=\"alignnone size-full wp-image-6727\" src=\"http:\/\/spp3.slawno.pl\/wp-content\/uploads\/2021\/03\/Konkurs-na-kartk\u01195.jpg\" alt=\"Kartki wielkanocne\" width=\"605\" height=\"807\" srcset=\"http:\/\/spp3.slawno.pl\/wp-content\/uploads\/2021\/03\/Konkurs-na-kartk\u01195.jpg 605w, http:\/\/spp3.slawno.pl\/wp-content\/uploads\/2021\/03\/Konkurs-na-kartk\u01195-225x300.jpg 225w\" sizes=\"(max-width: 605px) 100vw, 605px\" \/> <img loading=\"lazy\" decoding=\"async\" class=\"alignnone size-full wp-image-6728\" src=\"http:\/\/spp3.slawno.pl\/wp-content\/uploads\/2021\/03\/Konkurs-na-kartk\u01196.jpg\" alt=\"Kartki wielkanocne\" width=\"605\" height=\"807\" srcset=\"http:\/\/spp3.slawno.pl\/wp-content\/uploads\/2021\/03\/Konkurs-na-kartk\u01196.jpg 605w, http:\/\/spp3.slawno.pl\/wp-content\/uploads\/2021\/03\/Konkurs-na-kartk\u01196-225x300.jpg 225w\" sizes=\"(max-width: 605px) 100vw, 605px\" \/> <img loading=\"lazy\" decoding=\"async\" class=\"alignnone size-full wp-image-6729\" src=\"http:\/\/spp3.slawno.pl\/wp-content\/uploads\/2021\/03\/Konkurs-na-kartk\u01197.jpg\" alt=\"Kartki wielkanocne\" width=\"605\" height=\"807\" srcset=\"http:\/\/spp3.slawno.pl\/wp-content\/uploads\/2021\/03\/Konkurs-na-kartk\u01197.jpg 605w, http:\/\/spp3.slawno.pl\/wp-content\/uploads\/2021\/03\/Konkurs-na-kartk\u01197-225x300.jpg 225w\" sizes=\"(max-width: 605px) 100vw, 605px\" \/> <img loading=\"lazy\" decoding=\"async\" class=\"alignnone size-full wp-image-6730\" src=\"http:\/\/spp3.slawno.pl\/wp-content\/uploads\/2021\/03\/Konkurs-na-kartk\u01198.jpg\" alt=\"Kartki wielkanocne\" width=\"605\" height=\"807\" srcset=\"http:\/\/spp3.slawno.pl\/wp-content\/uploads\/2021\/03\/Konkurs-na-kartk\u01198.jpg 605w, http:\/\/spp3.slawno.pl\/wp-content\/uploads\/2021\/03\/Konkurs-na-kartk\u01198-225x300.jpg 225w\" sizes=\"(max-width: 605px) 100vw, 605px\" \/><\/p>\n","protected":false},"excerpt":{"rendered":"<div class=\"mh-excerpt\"><p>Konkurs dla uczni\u00f3w klas I-III na ,,Kartk\u0119 wielkanocn\u0105\u201d rozstrzygni\u0119ty &#8230;Serdecznie gratulujemy wszystkim uczestnikom konkursu . Wasze kartki s\u0105 przepi\u0119kne.Nagrody ufundowa\u0142a Rada Rodzic\u00f3w naszej szko\u0142y i <a class=\"mh-excerpt-more\" href=\"http:\/\/spp3.slawno.pl\/?p=6721\" title=\"Wyniki konkursu dla uczni\u00f3w klas I- III na  kartk\u0119 wielkanocn\u0105\">[&#8230;]<\/a><\/p>\n<\/div>","protected":false},"author":2,"featured_media":6725,"comment_status":"closed","ping_status":"open","sticky":false,"template":"","format":"standard","meta":{"footnotes":""},"categories":[7,8],"tags":[],"class_list":["post-6721","post","type-post","status-publish","format-standard","has-post-thumbnail","hentry","category-konkursy","category-wydarzenia"],"_links":{"self":[{"href":"http:\/\/spp3.slawno.pl\/index.php?rest_route=\/wp\/v2\/posts\/6721"}],"collection":[{"href":"http:\/\/spp3.slawno.pl\/index.php?rest_route=\/wp\/v2\/posts"}],"about":[{"href":"http:\/\/spp3.slawno.pl\/index.php?rest_route=\/wp\/v2\/types\/post"}],"author":[{"embeddable":true,"href":"http:\/\/spp3.slawno.pl\/index.php?rest_route=\/wp\/v2\/users\/2"}],"replies":[{"embeddable":true,"href":"http:\/\/spp3.slawno.pl\/index.php?rest_route=%2Fwp%2Fv2%2Fcomments&post=6721"}],"version-history":[{"count":4,"href":"http:\/\/spp3.slawno.pl\/index.php?rest_route=\/wp\/v2\/posts\/6721\/revisions"}],"predecessor-version":[{"id":6743,"href":"http:\/\/spp3.slawno.pl\/index.php?rest_route=\/wp\/v2\/posts\/6721\/revisions\/6743"}],"wp:featuredmedia":[{"embeddable":true,"href":"http:\/\/spp3.slawno.pl\/index.php?rest_route=\/wp\/v2\/media\/6725"}],"wp:attachment":[{"href":"http:\/\/spp3.slawno.pl\/index.php?rest_route=%2Fwp%2Fv2%2Fmedia&parent=6721"}],"wp:term":[{"taxonomy":"category","embeddable":true,"href":"http:\/\/spp3.slawno.pl\/index.php?rest_route=%2Fwp%2Fv2%2Fcategories&post=6721"},{"taxonomy":"post_tag","embeddable":true,"href":"http:\/\/spp3.slawno.pl\/index.php?rest_route=%2Fwp%2Fv2%2Ftags&post=6721"}],"curies":[{"name":"wp","href":"https:\/\/api.w.org\/{rel}","templated":true}]}}