{"id":6738,"date":"2021-03-25T14:57:50","date_gmt":"2021-03-25T13:57:50","guid":{"rendered":"http:\/\/spp3.slawno.pl\/?p=6738"},"modified":"2021-03-25T15:02:46","modified_gmt":"2021-03-25T14:02:46","slug":"zyczenia-dla-pani-marzenki","status":"publish","type":"post","link":"http:\/\/spp3.slawno.pl\/?p=6738","title":{"rendered":"\u017byczenia dla Pani Marzenki"},"content":{"rendered":"<p>Uczniowie klasy 3 C pami\u0119taj\u0105c o p. wicedyrektor Marzenie Kowalskiej , przygotowali dla niej taki oto pokaz&#8230;Brawo!!! Jeste\u015bcie niesamowici <span class=\"pq6dq46d tbxw36s4 knj5qynh kvgmc6g5 ditlmg2l oygrvhab nvdbi5me sf5mxxl7 gl3lb2sf hhz5lgdu\"><img loading=\"lazy\" decoding=\"async\" src=\"https:\/\/static.xx.fbcdn.net\/images\/emoji.php\/v9\/tf3\/1.5\/16\/2764.png\" alt=\"\u2764\ufe0f\" width=\"16\" height=\"16\" \/><\/span><\/p>\n<p><a href=\"https:\/\/www.facebook.com\/profile.php?id=100057090535208\"><img loading=\"lazy\" decoding=\"async\" class=\"alignnone wp-image-6739\" src=\"http:\/\/spp3.slawno.pl\/wp-content\/uploads\/2021\/03\/\u017byczenia-dla-p.-Marzenki-1024x621.png\" alt=\"\" width=\"622\" height=\"377\" srcset=\"http:\/\/spp3.slawno.pl\/wp-content\/uploads\/2021\/03\/\u017byczenia-dla-p.-Marzenki-1024x621.png 1024w, http:\/\/spp3.slawno.pl\/wp-content\/uploads\/2021\/03\/\u017byczenia-dla-p.-Marzenki-300x182.png 300w, http:\/\/spp3.slawno.pl\/wp-content\/uploads\/2021\/03\/\u017byczenia-dla-p.-Marzenki-768x466.png 768w, http:\/\/spp3.slawno.pl\/wp-content\/uploads\/2021\/03\/\u017byczenia-dla-p.-Marzenki.png 1219w\" sizes=\"(max-width: 622px) 100vw, 622px\" \/><\/a><\/p>\n<p>Filmik do obejrzenia na <a href=\"https:\/\/www.facebook.com\/profile.php?id=100057090535208\">Fb SP3<\/a><\/p>\n","protected":false},"excerpt":{"rendered":"<div class=\"mh-excerpt\"><p>Uczniowie klasy 3 C pami\u0119taj\u0105c o p. wicedyrektor Marzenie Kowalskiej , przygotowali dla niej taki oto pokaz&#8230;Brawo!!! Jeste\u015bcie niesamowici Filmik do obejrzenia na Fb SP3<\/p>\n<\/div>","protected":false},"author":2,"featured_media":6742,"comment_status":"closed","ping_status":"open","sticky":false,"template":"","format":"standard","meta":{"footnotes":""},"categories":[8],"tags":[],"class_list":["post-6738","post","type-post","status-publish","format-standard","has-post-thumbnail","hentry","category-wydarzenia"],"_links":{"self":[{"href":"http:\/\/spp3.slawno.pl\/index.php?rest_route=\/wp\/v2\/posts\/6738"}],"collection":[{"href":"http:\/\/spp3.slawno.pl\/index.php?rest_route=\/wp\/v2\/posts"}],"about":[{"href":"http:\/\/spp3.slawno.pl\/index.php?rest_route=\/wp\/v2\/types\/post"}],"author":[{"embeddable":true,"href":"http:\/\/spp3.slawno.pl\/index.php?rest_route=\/wp\/v2\/users\/2"}],"replies":[{"embeddable":true,"href":"http:\/\/spp3.slawno.pl\/index.php?rest_route=%2Fwp%2Fv2%2Fcomments&post=6738"}],"version-history":[{"count":1,"href":"http:\/\/spp3.slawno.pl\/index.php?rest_route=\/wp\/v2\/posts\/6738\/revisions"}],"predecessor-version":[{"id":6740,"href":"http:\/\/spp3.slawno.pl\/index.php?rest_route=\/wp\/v2\/posts\/6738\/revisions\/6740"}],"wp:featuredmedia":[{"embeddable":true,"href":"http:\/\/spp3.slawno.pl\/index.php?rest_route=\/wp\/v2\/media\/6742"}],"wp:attachment":[{"href":"http:\/\/spp3.slawno.pl\/index.php?rest_route=%2Fwp%2Fv2%2Fmedia&parent=6738"}],"wp:term":[{"taxonomy":"category","embeddable":true,"href":"http:\/\/spp3.slawno.pl\/index.php?rest_route=%2Fwp%2Fv2%2Fcategories&post=6738"},{"taxonomy":"post_tag","embeddable":true,"href":"http:\/\/spp3.slawno.pl\/index.php?rest_route=%2Fwp%2Fv2%2Ftags&post=6738"}],"curies":[{"name":"wp","href":"https:\/\/api.w.org\/{rel}","templated":true}]}}