{"id":6744,"date":"2021-03-26T18:53:36","date_gmt":"2021-03-26T17:53:36","guid":{"rendered":"http:\/\/spp3.slawno.pl\/?p=6744"},"modified":"2021-03-26T18:55:52","modified_gmt":"2021-03-26T17:55:52","slug":"brawo-alicja","status":"publish","type":"post","link":"http:\/\/spp3.slawno.pl\/?p=6744","title":{"rendered":"Brawo Alicja!"},"content":{"rendered":"<p>Uczennica klasy 8d Alicja Byszewska uzyska\u0142a tytu\u0142 laureatki konkursu Wiedzy o Spo\u0142ecze\u0144stwie dla uczni\u00f3w szk\u00f3\u0142 podstawowych wojew\u00f3dztwa zachodniopomorskiego. Ala z 9 wynikiem znalaz\u0142a si\u0119 w elitarnym gronie 20 najlepszych uczni\u00f3w z ca\u0142ego wojew\u00f3dztwa. Jednocze\u015bnie Ala zdoby\u0142a tytu\u0142 finalistki konkursu biologicznego i finalistki konkursu j.angielskiego. Tytu\u0142y laureatki i finalistki zdoby\u0142a dzi\u0119ki swojej wytrwa\u0142o\u015bci i ci\u0119\u017ckiej pracy. Gratulujemy Alicja i \u017cyczymy ci dalszych sukces\u00f3w !<\/p>\n<p><img loading=\"lazy\" decoding=\"async\" class=\"alignnone size-full wp-image-6745\" src=\"http:\/\/spp3.slawno.pl\/wp-content\/uploads\/2021\/03\/Alicja.jpg\" alt=\"\" width=\"447\" height=\"600\" srcset=\"http:\/\/spp3.slawno.pl\/wp-content\/uploads\/2021\/03\/Alicja.jpg 447w, http:\/\/spp3.slawno.pl\/wp-content\/uploads\/2021\/03\/Alicja-224x300.jpg 224w\" sizes=\"(max-width: 447px) 100vw, 447px\" \/><\/p>\n","protected":false},"excerpt":{"rendered":"<div class=\"mh-excerpt\"><p>Uczennica klasy 8d Alicja Byszewska uzyska\u0142a tytu\u0142 laureatki konkursu Wiedzy o Spo\u0142ecze\u0144stwie dla uczni\u00f3w szk\u00f3\u0142 podstawowych wojew\u00f3dztwa zachodniopomorskiego. Ala z 9 wynikiem znalaz\u0142a si\u0119 w <a class=\"mh-excerpt-more\" href=\"http:\/\/spp3.slawno.pl\/?p=6744\" title=\"Brawo Alicja!\">[&#8230;]<\/a><\/p>\n<\/div>","protected":false},"author":2,"featured_media":6747,"comment_status":"closed","ping_status":"open","sticky":false,"template":"","format":"standard","meta":{"footnotes":""},"categories":[7,8],"tags":[],"class_list":["post-6744","post","type-post","status-publish","format-standard","has-post-thumbnail","hentry","category-konkursy","category-wydarzenia"],"_links":{"self":[{"href":"http:\/\/spp3.slawno.pl\/index.php?rest_route=\/wp\/v2\/posts\/6744"}],"collection":[{"href":"http:\/\/spp3.slawno.pl\/index.php?rest_route=\/wp\/v2\/posts"}],"about":[{"href":"http:\/\/spp3.slawno.pl\/index.php?rest_route=\/wp\/v2\/types\/post"}],"author":[{"embeddable":true,"href":"http:\/\/spp3.slawno.pl\/index.php?rest_route=\/wp\/v2\/users\/2"}],"replies":[{"embeddable":true,"href":"http:\/\/spp3.slawno.pl\/index.php?rest_route=%2Fwp%2Fv2%2Fcomments&post=6744"}],"version-history":[{"count":1,"href":"http:\/\/spp3.slawno.pl\/index.php?rest_route=\/wp\/v2\/posts\/6744\/revisions"}],"predecessor-version":[{"id":6746,"href":"http:\/\/spp3.slawno.pl\/index.php?rest_route=\/wp\/v2\/posts\/6744\/revisions\/6746"}],"wp:featuredmedia":[{"embeddable":true,"href":"http:\/\/spp3.slawno.pl\/index.php?rest_route=\/wp\/v2\/media\/6747"}],"wp:attachment":[{"href":"http:\/\/spp3.slawno.pl\/index.php?rest_route=%2Fwp%2Fv2%2Fmedia&parent=6744"}],"wp:term":[{"taxonomy":"category","embeddable":true,"href":"http:\/\/spp3.slawno.pl\/index.php?rest_route=%2Fwp%2Fv2%2Fcategories&post=6744"},{"taxonomy":"post_tag","embeddable":true,"href":"http:\/\/spp3.slawno.pl\/index.php?rest_route=%2Fwp%2Fv2%2Ftags&post=6744"}],"curies":[{"name":"wp","href":"https:\/\/api.w.org\/{rel}","templated":true}]}}