{"id":6748,"date":"2021-03-26T19:03:08","date_gmt":"2021-03-26T18:03:08","guid":{"rendered":"http:\/\/spp3.slawno.pl\/?p=6748"},"modified":"2021-03-26T19:18:18","modified_gmt":"2021-03-26T18:18:18","slug":"jestesmy-najlepsi-w-powiecie","status":"publish","type":"post","link":"http:\/\/spp3.slawno.pl\/?p=6748","title":{"rendered":"Jeste\u015bmy najlepsi w powiecie !"},"content":{"rendered":"<p>W dniu dzisiejszym og\u0142oszono oficjalne wyniki konkurs\u00f3w przedmiotowych organizowanych przez zachodniopomorskiego kuratora o\u015bwiaty. W tym roku szkolnym uczniowie naszej szko\u0142y osi\u0105gn\u0119li \u015bwietne wyniki otrzymuj\u0105c tytu\u0142 finalisty w 3 konkursach, a laureata w 1.<\/p>\n<p>&#8211; Kwiatkowski Gracjan kl. 7e \u2013 finalista konkursu j. polskiego,<\/p>\n<p>&#8211; Alicja Byszewska kl. 8d \u2013 finalistka konkursu j. angielskiego i biologii.<\/p>\n<p>Opiekunami naszych finalist\u00f3w by\u0142y nauczycielki &#8211; Krystyna Plath-Koperska, Ma\u0142gorzata W\u0142odarczyk oraz Karolina Pecka.<\/p>\n<p><img loading=\"lazy\" decoding=\"async\" class=\"alignnone size-full wp-image-6749\" src=\"http:\/\/spp3.slawno.pl\/wp-content\/uploads\/2021\/03\/puchar.jpg\" alt=\"puchar\" width=\"452\" height=\"500\" srcset=\"http:\/\/spp3.slawno.pl\/wp-content\/uploads\/2021\/03\/puchar.jpg 452w, http:\/\/spp3.slawno.pl\/wp-content\/uploads\/2021\/03\/puchar-271x300.jpg 271w\" sizes=\"(max-width: 452px) 100vw, 452px\" \/><\/p>\n","protected":false},"excerpt":{"rendered":"<div class=\"mh-excerpt\"><p>W dniu dzisiejszym og\u0142oszono oficjalne wyniki konkurs\u00f3w przedmiotowych organizowanych przez zachodniopomorskiego kuratora o\u015bwiaty. W tym roku szkolnym uczniowie naszej szko\u0142y osi\u0105gn\u0119li \u015bwietne wyniki otrzymuj\u0105c tytu\u0142 <a class=\"mh-excerpt-more\" href=\"http:\/\/spp3.slawno.pl\/?p=6748\" title=\"Jeste\u015bmy najlepsi w powiecie !\">[&#8230;]<\/a><\/p>\n<\/div>","protected":false},"author":2,"featured_media":6756,"comment_status":"closed","ping_status":"open","sticky":false,"template":"","format":"standard","meta":{"footnotes":""},"categories":[7,8],"tags":[],"class_list":["post-6748","post","type-post","status-publish","format-standard","has-post-thumbnail","hentry","category-konkursy","category-wydarzenia"],"_links":{"self":[{"href":"http:\/\/spp3.slawno.pl\/index.php?rest_route=\/wp\/v2\/posts\/6748"}],"collection":[{"href":"http:\/\/spp3.slawno.pl\/index.php?rest_route=\/wp\/v2\/posts"}],"about":[{"href":"http:\/\/spp3.slawno.pl\/index.php?rest_route=\/wp\/v2\/types\/post"}],"author":[{"embeddable":true,"href":"http:\/\/spp3.slawno.pl\/index.php?rest_route=\/wp\/v2\/users\/2"}],"replies":[{"embeddable":true,"href":"http:\/\/spp3.slawno.pl\/index.php?rest_route=%2Fwp%2Fv2%2Fcomments&post=6748"}],"version-history":[{"count":1,"href":"http:\/\/spp3.slawno.pl\/index.php?rest_route=\/wp\/v2\/posts\/6748\/revisions"}],"predecessor-version":[{"id":6750,"href":"http:\/\/spp3.slawno.pl\/index.php?rest_route=\/wp\/v2\/posts\/6748\/revisions\/6750"}],"wp:featuredmedia":[{"embeddable":true,"href":"http:\/\/spp3.slawno.pl\/index.php?rest_route=\/wp\/v2\/media\/6756"}],"wp:attachment":[{"href":"http:\/\/spp3.slawno.pl\/index.php?rest_route=%2Fwp%2Fv2%2Fmedia&parent=6748"}],"wp:term":[{"taxonomy":"category","embeddable":true,"href":"http:\/\/spp3.slawno.pl\/index.php?rest_route=%2Fwp%2Fv2%2Fcategories&post=6748"},{"taxonomy":"post_tag","embeddable":true,"href":"http:\/\/spp3.slawno.pl\/index.php?rest_route=%2Fwp%2Fv2%2Ftags&post=6748"}],"curies":[{"name":"wp","href":"https:\/\/api.w.org\/{rel}","templated":true}]}}