{"id":6757,"date":"2021-03-29T12:38:48","date_gmt":"2021-03-29T10:38:48","guid":{"rendered":"http:\/\/spp3.slawno.pl\/?p=6757"},"modified":"2021-03-29T12:39:17","modified_gmt":"2021-03-29T10:39:17","slug":"oferta-edukacyjnej-zespolu-szkol-morskich-w-darlowie","status":"publish","type":"post","link":"http:\/\/spp3.slawno.pl\/?p=6757","title":{"rendered":"Oferta edukacyjna Zespo\u0142u Szk\u00f3\u0142 Morskich w Dar\u0142owie"},"content":{"rendered":"<div>\u00a0W dniu dzisiejszym uczniowie klas \u00f3smych wzi\u0119li udzia\u0142 w zaj\u0119ciach, kt\u00f3rych celem by\u0142o uzyskanie informacji dotycz\u0105cych oferty edukacyjnej Zespo\u0142u Szk\u00f3\u0142 Morskich w Dar\u0142owie.<\/div>\n<div>Ze wzgl\u0119du na czas pandemii zaj\u0119cia te odby\u0142y si\u0119 w formie on line. Uczniowie ZSM przedstawiali naszym \u00f3smoklasistom profile klas oraz zach\u0119cali ich do &#8222;wst\u0105pienia&#8221; w szeregi Szko\u0142y Morskiej.<\/div>\n<div>\u00a0 \u00a0 \u00a0 \u00a0 \u00a0 Dzi\u0119kujemy za po\u015bwi\u0119cony czas \ud83d\ude42<\/div>\n<div><img loading=\"lazy\" decoding=\"async\" class=\"alignnone size-large wp-image-6758\" src=\"http:\/\/spp3.slawno.pl\/wp-content\/uploads\/2021\/03\/ZSM-Dar\u0142owo-1-1024x576.jpeg\" alt=\"screen z prezentacji ZSM Dar\u0142owo\" width=\"1024\" height=\"576\" srcset=\"http:\/\/spp3.slawno.pl\/wp-content\/uploads\/2021\/03\/ZSM-Dar\u0142owo-1-1024x576.jpeg 1024w, http:\/\/spp3.slawno.pl\/wp-content\/uploads\/2021\/03\/ZSM-Dar\u0142owo-1-300x169.jpeg 300w, http:\/\/spp3.slawno.pl\/wp-content\/uploads\/2021\/03\/ZSM-Dar\u0142owo-1-768x432.jpeg 768w, http:\/\/spp3.slawno.pl\/wp-content\/uploads\/2021\/03\/ZSM-Dar\u0142owo-1-678x381.jpeg 678w, http:\/\/spp3.slawno.pl\/wp-content\/uploads\/2021\/03\/ZSM-Dar\u0142owo-1.jpeg 1080w\" sizes=\"(max-width: 1024px) 100vw, 1024px\" \/> <img loading=\"lazy\" decoding=\"async\" class=\"alignnone size-large wp-image-6759\" src=\"http:\/\/spp3.slawno.pl\/wp-content\/uploads\/2021\/03\/ZSM-Dar\u0142owo-2-1024x576.jpeg\" alt=\"screen z prezentacji ZSM Dar\u0142owo\" width=\"1024\" height=\"576\" srcset=\"http:\/\/spp3.slawno.pl\/wp-content\/uploads\/2021\/03\/ZSM-Dar\u0142owo-2-1024x576.jpeg 1024w, http:\/\/spp3.slawno.pl\/wp-content\/uploads\/2021\/03\/ZSM-Dar\u0142owo-2-300x169.jpeg 300w, http:\/\/spp3.slawno.pl\/wp-content\/uploads\/2021\/03\/ZSM-Dar\u0142owo-2-768x432.jpeg 768w, http:\/\/spp3.slawno.pl\/wp-content\/uploads\/2021\/03\/ZSM-Dar\u0142owo-2-678x381.jpeg 678w, http:\/\/spp3.slawno.pl\/wp-content\/uploads\/2021\/03\/ZSM-Dar\u0142owo-2.jpeg 1080w\" sizes=\"(max-width: 1024px) 100vw, 1024px\" \/> <img loading=\"lazy\" decoding=\"async\" class=\"alignnone size-large wp-image-6760\" src=\"http:\/\/spp3.slawno.pl\/wp-content\/uploads\/2021\/03\/ZSM-Dar\u0142owo-3-1024x519.jpeg\" alt=\"screen z prezentacji ZSM Dar\u0142owo\" width=\"1024\" height=\"519\" srcset=\"http:\/\/spp3.slawno.pl\/wp-content\/uploads\/2021\/03\/ZSM-Dar\u0142owo-3-1024x519.jpeg 1024w, http:\/\/spp3.slawno.pl\/wp-content\/uploads\/2021\/03\/ZSM-Dar\u0142owo-3-300x152.jpeg 300w, http:\/\/spp3.slawno.pl\/wp-content\/uploads\/2021\/03\/ZSM-Dar\u0142owo-3-768x389.jpeg 768w, http:\/\/spp3.slawno.pl\/wp-content\/uploads\/2021\/03\/ZSM-Dar\u0142owo-3.jpeg 1080w\" sizes=\"(max-width: 1024px) 100vw, 1024px\" \/><\/div>\n","protected":false},"excerpt":{"rendered":"<div class=\"mh-excerpt\"><p>\u00a0W dniu dzisiejszym uczniowie klas \u00f3smych wzi\u0119li udzia\u0142 w zaj\u0119ciach, kt\u00f3rych celem by\u0142o uzyskanie informacji dotycz\u0105cych oferty edukacyjnej Zespo\u0142u Szk\u00f3\u0142 Morskich w Dar\u0142owie. Ze wzgl\u0119du <a class=\"mh-excerpt-more\" href=\"http:\/\/spp3.slawno.pl\/?p=6757\" title=\"Oferta edukacyjna Zespo\u0142u Szk\u00f3\u0142 Morskich w Dar\u0142owie\">[&#8230;]<\/a><\/p>\n<\/div>","protected":false},"author":2,"featured_media":6760,"comment_status":"closed","ping_status":"open","sticky":false,"template":"","format":"standard","meta":{"footnotes":""},"categories":[8],"tags":[],"class_list":["post-6757","post","type-post","status-publish","format-standard","has-post-thumbnail","hentry","category-wydarzenia"],"_links":{"self":[{"href":"http:\/\/spp3.slawno.pl\/index.php?rest_route=\/wp\/v2\/posts\/6757"}],"collection":[{"href":"http:\/\/spp3.slawno.pl\/index.php?rest_route=\/wp\/v2\/posts"}],"about":[{"href":"http:\/\/spp3.slawno.pl\/index.php?rest_route=\/wp\/v2\/types\/post"}],"author":[{"embeddable":true,"href":"http:\/\/spp3.slawno.pl\/index.php?rest_route=\/wp\/v2\/users\/2"}],"replies":[{"embeddable":true,"href":"http:\/\/spp3.slawno.pl\/index.php?rest_route=%2Fwp%2Fv2%2Fcomments&post=6757"}],"version-history":[{"count":2,"href":"http:\/\/spp3.slawno.pl\/index.php?rest_route=\/wp\/v2\/posts\/6757\/revisions"}],"predecessor-version":[{"id":6762,"href":"http:\/\/spp3.slawno.pl\/index.php?rest_route=\/wp\/v2\/posts\/6757\/revisions\/6762"}],"wp:featuredmedia":[{"embeddable":true,"href":"http:\/\/spp3.slawno.pl\/index.php?rest_route=\/wp\/v2\/media\/6760"}],"wp:attachment":[{"href":"http:\/\/spp3.slawno.pl\/index.php?rest_route=%2Fwp%2Fv2%2Fmedia&parent=6757"}],"wp:term":[{"taxonomy":"category","embeddable":true,"href":"http:\/\/spp3.slawno.pl\/index.php?rest_route=%2Fwp%2Fv2%2Fcategories&post=6757"},{"taxonomy":"post_tag","embeddable":true,"href":"http:\/\/spp3.slawno.pl\/index.php?rest_route=%2Fwp%2Fv2%2Ftags&post=6757"}],"curies":[{"name":"wp","href":"https:\/\/api.w.org\/{rel}","templated":true}]}}