{"id":6764,"date":"2021-03-30T11:39:22","date_gmt":"2021-03-30T09:39:22","guid":{"rendered":"http:\/\/spp3.slawno.pl\/?p=6764"},"modified":"2021-05-30T18:01:12","modified_gmt":"2021-05-30T16:01:12","slug":"jajo-wielkanocne-2021","status":"publish","type":"post","link":"http:\/\/spp3.slawno.pl\/?p=6764","title":{"rendered":"\u201eJAJO WIELKANOCNE\u201d 2021-konkurs na Dzie\u0144 Matematyki"},"content":{"rendered":"<p>30 marca 2021r. odby\u0142o si\u0119 rozstrzygni\u0119cie 10. edycji Mi\u0119dzyszkolnego Konkursu Plastycznego pt. \u201eJAJO WIELKANOCNE\u201d. Konkurs jak ka\u017cdego roku spotka\u0142 si\u0119 z du\u017cym zainteresowaniem ze strony uczni\u00f3w szk\u00f3\u0142 podstawowych, kt\u00f3rzy po raz pierwszy swoje prace nadsy\u0142ali w formie cyfrowej. W tym roku wzi\u0119li w nim udzia\u0142 uczniowie szk\u00f3\u0142 podstawowych z Koszalina, Dar\u0142owa, S\u0142awna i Warnina. \u0141\u0105cznie nades\u0142ano 85 prac, kt\u00f3re zosta\u0142y wykonane r\u00f3\u017cnymi technikami \u2013 kreatywno\u015b\u0107 m\u0142odych artyst\u00f3w by\u0142a na wysokim poziomie.<br \/>\nNagrody zosta\u0142y przyznane w dw\u00f3ch kategoriach: klasy IV-VI oraz VII-VIII. Jury ocenia\u0142o technik\u0119 pracy, staranno\u015b\u0107, estetyk\u0119 wykonania oraz pomys\u0142owo\u015b\u0107. Nagrodzonych zosta\u0142o 17 prac. Wszystkim nagrodzonym gratulujemy i mamy nadziej\u0119, \u017ce spotkamy si\u0119 za rok po raz kolejny.<\/p>\n<p>Osoby nagrodzone lub opiekun\u00f3w zapraszamy po odbi\u00f3r nagr\u00f3d od 15.04.2021 po wcze\u015bniejszym kontakcie telefonicznym pod bezpo\u015brednim numerem telefonu 94 341 89 95 lub przez sekretariat V Liceum Og\u00f3lnokszta\u0142c\u0105cego im. Stanis\u0142awa Lema w Koszalinie.<\/p>\n<p>Prosimy o przekazanie informacji uczniom i nauczycielom plastyki.<\/p>\n<p>Konkurs zorganizowa\u0142y panie: Dorota Chmieli\u0144ska, Paulina Krasowska i Marzena Ponurko.<\/p>\n<p><u>WYNIKI MI\u0118DZYSZKOLNEGO KONKURSU PLASTYCZNEGO \u201eJAJO WIELKANOCNE\u201d <\/u><\/p>\n<p><u>\u00a0<\/u><\/p>\n<p>Klasy IV \u2013 VI<\/p>\n<p>&nbsp;<\/p>\n<p>I miejsce \u2013 Jakub Rosiak SP 3 S\u0142awno<\/p>\n<p>II miejsce \u2013 Alan Kunkiel SP 3 S\u0142awno<\/p>\n<p>II miejsce \u2013 Hanna Falkowska SP 3 S\u0142awno<\/p>\n<p>II miejsce \u2013 Karol Wawrzyniak SP 3 Dar\u0142owo<\/p>\n<p>II miejsce \u2013 Monika Wieczorek Warnino<\/p>\n<p>III miejsce \u2013 Szymon Kr\u00f3l SP 3 Dar\u0142owo<\/p>\n<p>III miejsce \u2013 Wiktoria Ole\u015bkiewicz SP 17 Koszalin<\/p>\n<p>&nbsp;<\/p>\n<p>Wyr\u00f3\u017cnienia:<\/p>\n<p>&nbsp;<\/p>\n<ul>\n<li>Szymon Zaborowski SP 3 Dar\u0142owo<\/li>\n<li>Julia Lipi\u0144ska SP 10 Koszalin<\/li>\n<li>Amelia Lok\u015b SP 3 Dar\u0142owo<\/li>\n<\/ul>\n<p>&nbsp;<\/p>\n<p>&nbsp;<\/p>\n<p>KlasyVII \u2013 VIII<\/p>\n<p>&nbsp;<\/p>\n<p>I miejsce \u2013 Natalia Przekota SP 17 Koszalin<\/p>\n<p>I miejsce \u2013 Martyna Zwolan SP 17 Koszalin<\/p>\n<p>II miejsce \u2013 Nadia Korotusz SP 3 S\u0142awno<\/p>\n<p>II miejsce \u2013 Maja Tomaszewska SP 3 S\u0142awno<\/p>\n<p>III miejsce \u2013 Oliwier Polski SP 3 S\u0142awno<\/p>\n<p>III miejsce \u2013 Rozalia Piestrak SP 3 Dar\u0142owo<\/p>\n<p>&nbsp;<\/p>\n<p>Wyr\u00f3\u017cnienia: &#8211; Maria Karolczak SP 3 S\u0142awno<\/p>\n<p>&nbsp;<\/p>\n","protected":false},"excerpt":{"rendered":"<div class=\"mh-excerpt\"><p>30 marca 2021r. odby\u0142o si\u0119 rozstrzygni\u0119cie 10. edycji Mi\u0119dzyszkolnego Konkursu Plastycznego pt. \u201eJAJO WIELKANOCNE\u201d. Konkurs jak ka\u017cdego roku spotka\u0142 si\u0119 z du\u017cym zainteresowaniem ze strony <a class=\"mh-excerpt-more\" href=\"http:\/\/spp3.slawno.pl\/?p=6764\" title=\"\u201eJAJO WIELKANOCNE\u201d 2021-konkurs na Dzie\u0144 Matematyki\">[&#8230;]<\/a><\/p>\n<\/div>","protected":false},"author":2,"featured_media":6730,"comment_status":"closed","ping_status":"open","sticky":false,"template":"","format":"standard","meta":{"footnotes":""},"categories":[32,7,8],"tags":[],"class_list":["post-6764","post","type-post","status-publish","format-standard","has-post-thumbnail","hentry","category-akcje","category-konkursy","category-wydarzenia"],"_links":{"self":[{"href":"http:\/\/spp3.slawno.pl\/index.php?rest_route=\/wp\/v2\/posts\/6764"}],"collection":[{"href":"http:\/\/spp3.slawno.pl\/index.php?rest_route=\/wp\/v2\/posts"}],"about":[{"href":"http:\/\/spp3.slawno.pl\/index.php?rest_route=\/wp\/v2\/types\/post"}],"author":[{"embeddable":true,"href":"http:\/\/spp3.slawno.pl\/index.php?rest_route=\/wp\/v2\/users\/2"}],"replies":[{"embeddable":true,"href":"http:\/\/spp3.slawno.pl\/index.php?rest_route=%2Fwp%2Fv2%2Fcomments&post=6764"}],"version-history":[{"count":2,"href":"http:\/\/spp3.slawno.pl\/index.php?rest_route=\/wp\/v2\/posts\/6764\/revisions"}],"predecessor-version":[{"id":7636,"href":"http:\/\/spp3.slawno.pl\/index.php?rest_route=\/wp\/v2\/posts\/6764\/revisions\/7636"}],"wp:featuredmedia":[{"embeddable":true,"href":"http:\/\/spp3.slawno.pl\/index.php?rest_route=\/wp\/v2\/media\/6730"}],"wp:attachment":[{"href":"http:\/\/spp3.slawno.pl\/index.php?rest_route=%2Fwp%2Fv2%2Fmedia&parent=6764"}],"wp:term":[{"taxonomy":"category","embeddable":true,"href":"http:\/\/spp3.slawno.pl\/index.php?rest_route=%2Fwp%2Fv2%2Fcategories&post=6764"},{"taxonomy":"post_tag","embeddable":true,"href":"http:\/\/spp3.slawno.pl\/index.php?rest_route=%2Fwp%2Fv2%2Ftags&post=6764"}],"curies":[{"name":"wp","href":"https:\/\/api.w.org\/{rel}","templated":true}]}}