{"id":6770,"date":"2021-03-30T19:55:02","date_gmt":"2021-03-30T17:55:02","guid":{"rendered":"http:\/\/spp3.slawno.pl\/?p=6770"},"modified":"2021-03-30T19:56:13","modified_gmt":"2021-03-30T17:56:13","slug":"zyczenia-5","status":"publish","type":"post","link":"http:\/\/spp3.slawno.pl\/?p=6770","title":{"rendered":"\u017byczenia od II b"},"content":{"rendered":"<div>Ju\u017c nied\u0142ugo \u015awi\u0119ta i klasa II b o Pani wicedyrektor Marzenie Kowalskiej pami\u0119ta.<\/div>\n<div>Nasza &#8222;tr\u00f3jka&#8221; klasowa te\u017c co\u015b od siebie doda:<\/div>\n<div>Lenka \u015bwi\u0105teczn\u0105 kartk\u0119 maluje,<\/div>\n<div>Maja z zaj\u0105czkiem u\u015bmiechem czaruje,<\/div>\n<div>a Filip bukietem wiosennych tulipan\u00f3w wszystko przypiecz\u0119tuje.<\/div>\n<div>MY wszyscy szybkiego powrotu do zdrowia Pani \u017cyczymy,<\/div>\n<div>same dobre my\u015bli dzisiaj przynosimy.<\/div>\n<div>Cho\u0107 na odleg\u0142o\u015b\u0107, ciep\u0142o Pani\u0105 wspieramy,<\/div>\n<div>pozytywn\u0105 energi\u0119 przesy\u0142amy.<\/div>\n<div>WESO\u0141YCH \u015aWI\u0104T<\/div>\n<div>\u017bYCZY KLASA II B WRAZ Z WYCHOWAWC\u0104 PANI\u0104 LILIAN\u0104 B\u0141ACHNIA.<\/div>\n<div><img loading=\"lazy\" decoding=\"async\" class=\"alignnone size-full wp-image-6771\" src=\"http:\/\/spp3.slawno.pl\/wp-content\/uploads\/2021\/03\/\u017byczenia-od-2b.png\" alt=\"Uczniowie 2b z elementami wielkanocnymi\" width=\"519\" height=\"682\" srcset=\"http:\/\/spp3.slawno.pl\/wp-content\/uploads\/2021\/03\/\u017byczenia-od-2b.png 519w, http:\/\/spp3.slawno.pl\/wp-content\/uploads\/2021\/03\/\u017byczenia-od-2b-228x300.png 228w\" sizes=\"(max-width: 519px) 100vw, 519px\" \/><\/div>\n","protected":false},"excerpt":{"rendered":"<div class=\"mh-excerpt\"><p>Ju\u017c nied\u0142ugo \u015awi\u0119ta i klasa II b o Pani wicedyrektor Marzenie Kowalskiej pami\u0119ta. Nasza &#8222;tr\u00f3jka&#8221; klasowa te\u017c co\u015b od siebie doda: Lenka \u015bwi\u0105teczn\u0105 kartk\u0119 maluje, <a class=\"mh-excerpt-more\" href=\"http:\/\/spp3.slawno.pl\/?p=6770\" title=\"\u017byczenia od II b\">[&#8230;]<\/a><\/p>\n<\/div>","protected":false},"author":2,"featured_media":6771,"comment_status":"closed","ping_status":"open","sticky":false,"template":"","format":"standard","meta":{"footnotes":""},"categories":[1],"tags":[],"class_list":["post-6770","post","type-post","status-publish","format-standard","has-post-thumbnail","hentry","category-bez-kategorii"],"_links":{"self":[{"href":"http:\/\/spp3.slawno.pl\/index.php?rest_route=\/wp\/v2\/posts\/6770"}],"collection":[{"href":"http:\/\/spp3.slawno.pl\/index.php?rest_route=\/wp\/v2\/posts"}],"about":[{"href":"http:\/\/spp3.slawno.pl\/index.php?rest_route=\/wp\/v2\/types\/post"}],"author":[{"embeddable":true,"href":"http:\/\/spp3.slawno.pl\/index.php?rest_route=\/wp\/v2\/users\/2"}],"replies":[{"embeddable":true,"href":"http:\/\/spp3.slawno.pl\/index.php?rest_route=%2Fwp%2Fv2%2Fcomments&post=6770"}],"version-history":[{"count":3,"href":"http:\/\/spp3.slawno.pl\/index.php?rest_route=\/wp\/v2\/posts\/6770\/revisions"}],"predecessor-version":[{"id":6774,"href":"http:\/\/spp3.slawno.pl\/index.php?rest_route=\/wp\/v2\/posts\/6770\/revisions\/6774"}],"wp:featuredmedia":[{"embeddable":true,"href":"http:\/\/spp3.slawno.pl\/index.php?rest_route=\/wp\/v2\/media\/6771"}],"wp:attachment":[{"href":"http:\/\/spp3.slawno.pl\/index.php?rest_route=%2Fwp%2Fv2%2Fmedia&parent=6770"}],"wp:term":[{"taxonomy":"category","embeddable":true,"href":"http:\/\/spp3.slawno.pl\/index.php?rest_route=%2Fwp%2Fv2%2Fcategories&post=6770"},{"taxonomy":"post_tag","embeddable":true,"href":"http:\/\/spp3.slawno.pl\/index.php?rest_route=%2Fwp%2Fv2%2Ftags&post=6770"}],"curies":[{"name":"wp","href":"https:\/\/api.w.org\/{rel}","templated":true}]}}