{"id":6816,"date":"2021-04-12T21:37:42","date_gmt":"2021-04-12T19:37:42","guid":{"rendered":"http:\/\/spp3.slawno.pl\/?p=6816"},"modified":"2021-04-12T21:38:38","modified_gmt":"2021-04-12T19:38:38","slug":"wyniki-konkursu-na-jajo-matematyczne","status":"publish","type":"post","link":"http:\/\/spp3.slawno.pl\/?p=6816","title":{"rendered":"Wyniki konkursu na jajo matematyczne"},"content":{"rendered":"<p>Dzi\u0119kuj\u0119 wszystkim, kt\u00f3rzy wzi\u0119li udzia\u0142 w konkursie na jajo matematyczne.<\/p>\n<p>I miejsce Marcel Tomasik klasa 5a<\/p>\n<p><img loading=\"lazy\" decoding=\"async\" class=\"alignnone wp-image-6819\" src=\"http:\/\/spp3.slawno.pl\/wp-content\/uploads\/2021\/04\/Marcel-Tomasik-523x1024.jpg\" alt=\"\" width=\"417\" height=\"816\" srcset=\"http:\/\/spp3.slawno.pl\/wp-content\/uploads\/2021\/04\/Marcel-Tomasik-523x1024.jpg 523w, http:\/\/spp3.slawno.pl\/wp-content\/uploads\/2021\/04\/Marcel-Tomasik-153x300.jpg 153w, http:\/\/spp3.slawno.pl\/wp-content\/uploads\/2021\/04\/Marcel-Tomasik-768x1503.jpg 768w, http:\/\/spp3.slawno.pl\/wp-content\/uploads\/2021\/04\/Marcel-Tomasik.jpg 818w\" sizes=\"(max-width: 417px) 100vw, 417px\" \/><\/p>\n<p>II miejsce Oliwia \u0141uczak klasa 5a<\/p>\n<p><img loading=\"lazy\" decoding=\"async\" class=\"alignnone size-large wp-image-6820\" src=\"http:\/\/spp3.slawno.pl\/wp-content\/uploads\/2021\/04\/Oliwia-\u0141uczak-1.jpg\" alt=\"\" width=\"480\" height=\"640\" srcset=\"http:\/\/spp3.slawno.pl\/wp-content\/uploads\/2021\/04\/Oliwia-\u0141uczak-1.jpg 480w, http:\/\/spp3.slawno.pl\/wp-content\/uploads\/2021\/04\/Oliwia-\u0141uczak-1-225x300.jpg 225w\" sizes=\"(max-width: 480px) 100vw, 480px\" \/> <img loading=\"lazy\" decoding=\"async\" class=\"alignnone size-large wp-image-6821\" src=\"http:\/\/spp3.slawno.pl\/wp-content\/uploads\/2021\/04\/Oliwia-\u0141uczak.jpg\" alt=\"\" width=\"480\" height=\"640\" srcset=\"http:\/\/spp3.slawno.pl\/wp-content\/uploads\/2021\/04\/Oliwia-\u0141uczak.jpg 480w, http:\/\/spp3.slawno.pl\/wp-content\/uploads\/2021\/04\/Oliwia-\u0141uczak-225x300.jpg 225w\" sizes=\"(max-width: 480px) 100vw, 480px\" \/><\/p>\n<p>III miejsce Joanna Mielewczyk klasa 7d<\/p>\n<p><img loading=\"lazy\" decoding=\"async\" class=\"alignnone size-large wp-image-6818\" src=\"http:\/\/spp3.slawno.pl\/wp-content\/uploads\/2021\/04\/Joasia-Mielewczyk-519x1024.jpg\" alt=\"\" width=\"519\" height=\"1024\" srcset=\"http:\/\/spp3.slawno.pl\/wp-content\/uploads\/2021\/04\/Joasia-Mielewczyk-519x1024.jpg 519w, http:\/\/spp3.slawno.pl\/wp-content\/uploads\/2021\/04\/Joasia-Mielewczyk-152x300.jpg 152w, http:\/\/spp3.slawno.pl\/wp-content\/uploads\/2021\/04\/Joasia-Mielewczyk-768x1515.jpg 768w, http:\/\/spp3.slawno.pl\/wp-content\/uploads\/2021\/04\/Joasia-Mielewczyk.jpg 811w\" sizes=\"(max-width: 519px) 100vw, 519px\" \/><\/p>\n<p>Gratuluj\u0119.<\/p>\n","protected":false},"excerpt":{"rendered":"<div class=\"mh-excerpt\"><p>Dzi\u0119kuj\u0119 wszystkim, kt\u00f3rzy wzi\u0119li udzia\u0142 w konkursie na jajo matematyczne. I miejsce Marcel Tomasik klasa 5a II miejsce Oliwia \u0141uczak klasa 5a III miejsce Joanna <a class=\"mh-excerpt-more\" href=\"http:\/\/spp3.slawno.pl\/?p=6816\" title=\"Wyniki konkursu na jajo matematyczne\">[&#8230;]<\/a><\/p>\n<\/div>","protected":false},"author":2,"featured_media":6819,"comment_status":"closed","ping_status":"open","sticky":false,"template":"","format":"standard","meta":{"footnotes":""},"categories":[7,8],"tags":[],"class_list":["post-6816","post","type-post","status-publish","format-standard","has-post-thumbnail","hentry","category-konkursy","category-wydarzenia"],"_links":{"self":[{"href":"http:\/\/spp3.slawno.pl\/index.php?rest_route=\/wp\/v2\/posts\/6816"}],"collection":[{"href":"http:\/\/spp3.slawno.pl\/index.php?rest_route=\/wp\/v2\/posts"}],"about":[{"href":"http:\/\/spp3.slawno.pl\/index.php?rest_route=\/wp\/v2\/types\/post"}],"author":[{"embeddable":true,"href":"http:\/\/spp3.slawno.pl\/index.php?rest_route=\/wp\/v2\/users\/2"}],"replies":[{"embeddable":true,"href":"http:\/\/spp3.slawno.pl\/index.php?rest_route=%2Fwp%2Fv2%2Fcomments&post=6816"}],"version-history":[{"count":2,"href":"http:\/\/spp3.slawno.pl\/index.php?rest_route=\/wp\/v2\/posts\/6816\/revisions"}],"predecessor-version":[{"id":6823,"href":"http:\/\/spp3.slawno.pl\/index.php?rest_route=\/wp\/v2\/posts\/6816\/revisions\/6823"}],"wp:featuredmedia":[{"embeddable":true,"href":"http:\/\/spp3.slawno.pl\/index.php?rest_route=\/wp\/v2\/media\/6819"}],"wp:attachment":[{"href":"http:\/\/spp3.slawno.pl\/index.php?rest_route=%2Fwp%2Fv2%2Fmedia&parent=6816"}],"wp:term":[{"taxonomy":"category","embeddable":true,"href":"http:\/\/spp3.slawno.pl\/index.php?rest_route=%2Fwp%2Fv2%2Fcategories&post=6816"},{"taxonomy":"post_tag","embeddable":true,"href":"http:\/\/spp3.slawno.pl\/index.php?rest_route=%2Fwp%2Fv2%2Ftags&post=6816"}],"curies":[{"name":"wp","href":"https:\/\/api.w.org\/{rel}","templated":true}]}}