{"id":6834,"date":"2021-04-13T18:55:15","date_gmt":"2021-04-13T16:55:15","guid":{"rendered":"http:\/\/spp3.slawno.pl\/?p=6834"},"modified":"2021-05-30T18:05:24","modified_gmt":"2021-05-30T16:05:24","slug":"zywe-obrazy-w-wykonaniu-uczniow-klas-vii-i-viii","status":"publish","type":"post","link":"http:\/\/spp3.slawno.pl\/?p=6834","title":{"rendered":"\u017bywe obrazy w wykonaniu uczni\u00f3w klas VII i VIII&#8230;"},"content":{"rendered":"<p>Na lekcjach j\u0119zyka polskiego uczniowie klas 7b, 7d, 8b, 8d w nietypowy spos\u00f3b zinterpretowali dzie\u0142a malarskie. Powsta\u0142y jedyne swoim rodzaju ,,\u017cywe obrazy&#8221;. Brawo za kreatywno\u015b\u0107!<\/p>\n<p><img loading=\"lazy\" decoding=\"async\" class=\"alignnone size-full wp-image-6835\" src=\"http:\/\/spp3.slawno.pl\/wp-content\/uploads\/2021\/04\/1.jpg\" alt=\"Uczniowie na\u015bladuj\u0105cy postacie ze znanych obraz\u00f3w\" width=\"960\" height=\"574\" srcset=\"http:\/\/spp3.slawno.pl\/wp-content\/uploads\/2021\/04\/1.jpg 960w, http:\/\/spp3.slawno.pl\/wp-content\/uploads\/2021\/04\/1-300x179.jpg 300w, http:\/\/spp3.slawno.pl\/wp-content\/uploads\/2021\/04\/1-768x459.jpg 768w\" sizes=\"(max-width: 960px) 100vw, 960px\" \/> <img loading=\"lazy\" decoding=\"async\" class=\"alignnone size-full wp-image-6836\" src=\"http:\/\/spp3.slawno.pl\/wp-content\/uploads\/2021\/04\/2.jpg\" alt=\"Uczniowie na\u015bladuj\u0105cy postacie ze znanych obraz\u00f3w\" width=\"960\" height=\"560\" srcset=\"http:\/\/spp3.slawno.pl\/wp-content\/uploads\/2021\/04\/2.jpg 960w, http:\/\/spp3.slawno.pl\/wp-content\/uploads\/2021\/04\/2-300x175.jpg 300w, http:\/\/spp3.slawno.pl\/wp-content\/uploads\/2021\/04\/2-768x448.jpg 768w\" sizes=\"(max-width: 960px) 100vw, 960px\" \/> <img loading=\"lazy\" decoding=\"async\" class=\"alignnone size-full wp-image-6837\" src=\"http:\/\/spp3.slawno.pl\/wp-content\/uploads\/2021\/04\/3.jpg\" alt=\"Uczniowie na\u015bladuj\u0105cy postacie ze znanych obraz\u00f3w\" width=\"960\" height=\"574\" srcset=\"http:\/\/spp3.slawno.pl\/wp-content\/uploads\/2021\/04\/3.jpg 960w, http:\/\/spp3.slawno.pl\/wp-content\/uploads\/2021\/04\/3-300x179.jpg 300w, http:\/\/spp3.slawno.pl\/wp-content\/uploads\/2021\/04\/3-768x459.jpg 768w\" sizes=\"(max-width: 960px) 100vw, 960px\" \/> <img loading=\"lazy\" decoding=\"async\" class=\"alignnone size-full wp-image-6838\" src=\"http:\/\/spp3.slawno.pl\/wp-content\/uploads\/2021\/04\/4.jpg\" alt=\"Uczniowie na\u015bladuj\u0105cy postacie ze znanych obraz\u00f3w\" width=\"960\" height=\"568\" srcset=\"http:\/\/spp3.slawno.pl\/wp-content\/uploads\/2021\/04\/4.jpg 960w, http:\/\/spp3.slawno.pl\/wp-content\/uploads\/2021\/04\/4-300x178.jpg 300w, http:\/\/spp3.slawno.pl\/wp-content\/uploads\/2021\/04\/4-768x454.jpg 768w\" sizes=\"(max-width: 960px) 100vw, 960px\" \/> <img loading=\"lazy\" decoding=\"async\" class=\"alignnone size-full wp-image-6839\" src=\"http:\/\/spp3.slawno.pl\/wp-content\/uploads\/2021\/04\/5.jpg\" alt=\"Uczniowie na\u015bladuj\u0105cy postacie ze znanych obraz\u00f3w\" width=\"960\" height=\"578\" srcset=\"http:\/\/spp3.slawno.pl\/wp-content\/uploads\/2021\/04\/5.jpg 960w, http:\/\/spp3.slawno.pl\/wp-content\/uploads\/2021\/04\/5-300x181.jpg 300w, http:\/\/spp3.slawno.pl\/wp-content\/uploads\/2021\/04\/5-768x462.jpg 768w\" sizes=\"(max-width: 960px) 100vw, 960px\" \/> <img loading=\"lazy\" decoding=\"async\" class=\"alignnone size-full wp-image-6840\" src=\"http:\/\/spp3.slawno.pl\/wp-content\/uploads\/2021\/04\/6.jpg\" alt=\"Uczniowie na\u015bladuj\u0105cy postacie ze znanych obraz\u00f3w\" width=\"960\" height=\"576\" srcset=\"http:\/\/spp3.slawno.pl\/wp-content\/uploads\/2021\/04\/6.jpg 960w, http:\/\/spp3.slawno.pl\/wp-content\/uploads\/2021\/04\/6-300x180.jpg 300w, http:\/\/spp3.slawno.pl\/wp-content\/uploads\/2021\/04\/6-768x461.jpg 768w\" sizes=\"(max-width: 960px) 100vw, 960px\" \/> <img loading=\"lazy\" decoding=\"async\" class=\"alignnone size-full wp-image-6841\" src=\"http:\/\/spp3.slawno.pl\/wp-content\/uploads\/2021\/04\/7.jpg\" alt=\"Uczniowie na\u015bladuj\u0105cy postacie ze znanych obraz\u00f3w\" width=\"960\" height=\"570\" srcset=\"http:\/\/spp3.slawno.pl\/wp-content\/uploads\/2021\/04\/7.jpg 960w, http:\/\/spp3.slawno.pl\/wp-content\/uploads\/2021\/04\/7-300x178.jpg 300w, http:\/\/spp3.slawno.pl\/wp-content\/uploads\/2021\/04\/7-768x456.jpg 768w\" sizes=\"(max-width: 960px) 100vw, 960px\" \/> <img loading=\"lazy\" decoding=\"async\" class=\"alignnone size-full wp-image-6842\" src=\"http:\/\/spp3.slawno.pl\/wp-content\/uploads\/2021\/04\/8.jpg\" alt=\"Uczniowie na\u015bladuj\u0105cy postacie ze znanych obraz\u00f3w\" width=\"960\" height=\"566\" srcset=\"http:\/\/spp3.slawno.pl\/wp-content\/uploads\/2021\/04\/8.jpg 960w, http:\/\/spp3.slawno.pl\/wp-content\/uploads\/2021\/04\/8-300x177.jpg 300w, http:\/\/spp3.slawno.pl\/wp-content\/uploads\/2021\/04\/8-768x453.jpg 768w\" sizes=\"(max-width: 960px) 100vw, 960px\" \/> <img loading=\"lazy\" decoding=\"async\" class=\"alignnone size-full wp-image-6843\" src=\"http:\/\/spp3.slawno.pl\/wp-content\/uploads\/2021\/04\/9.jpg\" alt=\"Uczniowie na\u015bladuj\u0105cy postacie ze znanych obraz\u00f3w\" width=\"960\" height=\"572\" srcset=\"http:\/\/spp3.slawno.pl\/wp-content\/uploads\/2021\/04\/9.jpg 960w, http:\/\/spp3.slawno.pl\/wp-content\/uploads\/2021\/04\/9-300x179.jpg 300w, http:\/\/spp3.slawno.pl\/wp-content\/uploads\/2021\/04\/9-768x458.jpg 768w\" sizes=\"(max-width: 960px) 100vw, 960px\" \/> <img loading=\"lazy\" decoding=\"async\" class=\"alignnone size-full wp-image-6844\" src=\"http:\/\/spp3.slawno.pl\/wp-content\/uploads\/2021\/04\/10.jpg\" alt=\"Uczniowie na\u015bladuj\u0105cy postacie ze znanych obraz\u00f3w\" width=\"960\" height=\"578\" srcset=\"http:\/\/spp3.slawno.pl\/wp-content\/uploads\/2021\/04\/10.jpg 960w, http:\/\/spp3.slawno.pl\/wp-content\/uploads\/2021\/04\/10-300x181.jpg 300w, http:\/\/spp3.slawno.pl\/wp-content\/uploads\/2021\/04\/10-768x462.jpg 768w\" sizes=\"(max-width: 960px) 100vw, 960px\" \/> <img loading=\"lazy\" decoding=\"async\" class=\"alignnone size-full wp-image-6845\" src=\"http:\/\/spp3.slawno.pl\/wp-content\/uploads\/2021\/04\/11.jpg\" alt=\"Uczniowie na\u015bladuj\u0105cy postacie ze znanych obraz\u00f3w\" width=\"960\" height=\"572\" srcset=\"http:\/\/spp3.slawno.pl\/wp-content\/uploads\/2021\/04\/11.jpg 960w, http:\/\/spp3.slawno.pl\/wp-content\/uploads\/2021\/04\/11-300x179.jpg 300w, http:\/\/spp3.slawno.pl\/wp-content\/uploads\/2021\/04\/11-768x458.jpg 768w\" sizes=\"(max-width: 960px) 100vw, 960px\" \/> <img loading=\"lazy\" decoding=\"async\" class=\"alignnone size-full wp-image-6846\" src=\"http:\/\/spp3.slawno.pl\/wp-content\/uploads\/2021\/04\/12.jpg\" alt=\"Uczniowie na\u015bladuj\u0105cy postacie ze znanych obraz\u00f3w\" width=\"960\" height=\"580\" srcset=\"http:\/\/spp3.slawno.pl\/wp-content\/uploads\/2021\/04\/12.jpg 960w, http:\/\/spp3.slawno.pl\/wp-content\/uploads\/2021\/04\/12-300x181.jpg 300w, http:\/\/spp3.slawno.pl\/wp-content\/uploads\/2021\/04\/12-768x464.jpg 768w\" sizes=\"(max-width: 960px) 100vw, 960px\" \/> <img loading=\"lazy\" decoding=\"async\" class=\"alignnone size-full wp-image-6847\" src=\"http:\/\/spp3.slawno.pl\/wp-content\/uploads\/2021\/04\/13.jpg\" alt=\"Uczniowie na\u015bladuj\u0105cy postacie ze znanych obraz\u00f3w\" width=\"960\" height=\"574\" srcset=\"http:\/\/spp3.slawno.pl\/wp-content\/uploads\/2021\/04\/13.jpg 960w, http:\/\/spp3.slawno.pl\/wp-content\/uploads\/2021\/04\/13-300x179.jpg 300w, http:\/\/spp3.slawno.pl\/wp-content\/uploads\/2021\/04\/13-768x459.jpg 768w\" sizes=\"(max-width: 960px) 100vw, 960px\" \/> <img loading=\"lazy\" decoding=\"async\" class=\"alignnone size-full wp-image-6848\" src=\"http:\/\/spp3.slawno.pl\/wp-content\/uploads\/2021\/04\/14.jpg\" alt=\"Uczniowie na\u015bladuj\u0105cy postacie ze znanych obraz\u00f3w\" width=\"960\" height=\"568\" srcset=\"http:\/\/spp3.slawno.pl\/wp-content\/uploads\/2021\/04\/14.jpg 960w, http:\/\/spp3.slawno.pl\/wp-content\/uploads\/2021\/04\/14-300x178.jpg 300w, http:\/\/spp3.slawno.pl\/wp-content\/uploads\/2021\/04\/14-768x454.jpg 768w\" sizes=\"(max-width: 960px) 100vw, 960px\" \/> <img loading=\"lazy\" decoding=\"async\" class=\"alignnone size-full wp-image-6849\" src=\"http:\/\/spp3.slawno.pl\/wp-content\/uploads\/2021\/04\/15.jpg\" alt=\"Uczniowie na\u015bladuj\u0105cy postacie ze znanych obraz\u00f3w\" width=\"960\" height=\"592\" srcset=\"http:\/\/spp3.slawno.pl\/wp-content\/uploads\/2021\/04\/15.jpg 960w, http:\/\/spp3.slawno.pl\/wp-content\/uploads\/2021\/04\/15-300x185.jpg 300w, http:\/\/spp3.slawno.pl\/wp-content\/uploads\/2021\/04\/15-768x474.jpg 768w\" sizes=\"(max-width: 960px) 100vw, 960px\" \/> <img loading=\"lazy\" decoding=\"async\" class=\"alignnone size-full wp-image-6850\" src=\"http:\/\/spp3.slawno.pl\/wp-content\/uploads\/2021\/04\/16.jpg\" alt=\"Uczniowie na\u015bladuj\u0105cy postacie ze znanych obraz\u00f3w\" width=\"960\" height=\"574\" srcset=\"http:\/\/spp3.slawno.pl\/wp-content\/uploads\/2021\/04\/16.jpg 960w, http:\/\/spp3.slawno.pl\/wp-content\/uploads\/2021\/04\/16-300x179.jpg 300w, http:\/\/spp3.slawno.pl\/wp-content\/uploads\/2021\/04\/16-768x459.jpg 768w\" sizes=\"(max-width: 960px) 100vw, 960px\" \/> <img loading=\"lazy\" decoding=\"async\" class=\"alignnone size-full wp-image-6851\" src=\"http:\/\/spp3.slawno.pl\/wp-content\/uploads\/2021\/04\/17.jpg\" alt=\"Uczniowie na\u015bladuj\u0105cy postacie ze znanych obraz\u00f3w\" width=\"960\" height=\"596\" srcset=\"http:\/\/spp3.slawno.pl\/wp-content\/uploads\/2021\/04\/17.jpg 960w, http:\/\/spp3.slawno.pl\/wp-content\/uploads\/2021\/04\/17-300x186.jpg 300w, http:\/\/spp3.slawno.pl\/wp-content\/uploads\/2021\/04\/17-768x477.jpg 768w\" sizes=\"(max-width: 960px) 100vw, 960px\" \/> <img loading=\"lazy\" decoding=\"async\" class=\"alignnone size-full wp-image-6852\" src=\"http:\/\/spp3.slawno.pl\/wp-content\/uploads\/2021\/04\/18.jpg\" alt=\"Uczniowie na\u015bladuj\u0105cy postacie ze znanych obraz\u00f3w\" width=\"960\" height=\"572\" srcset=\"http:\/\/spp3.slawno.pl\/wp-content\/uploads\/2021\/04\/18.jpg 960w, http:\/\/spp3.slawno.pl\/wp-content\/uploads\/2021\/04\/18-300x179.jpg 300w, http:\/\/spp3.slawno.pl\/wp-content\/uploads\/2021\/04\/18-768x458.jpg 768w\" sizes=\"(max-width: 960px) 100vw, 960px\" \/> <img loading=\"lazy\" decoding=\"async\" class=\"alignnone size-full wp-image-6853\" src=\"http:\/\/spp3.slawno.pl\/wp-content\/uploads\/2021\/04\/19.jpg\" alt=\"Uczniowie na\u015bladuj\u0105cy postacie ze znanych obraz\u00f3w\" width=\"960\" height=\"588\" srcset=\"http:\/\/spp3.slawno.pl\/wp-content\/uploads\/2021\/04\/19.jpg 960w, http:\/\/spp3.slawno.pl\/wp-content\/uploads\/2021\/04\/19-300x184.jpg 300w, http:\/\/spp3.slawno.pl\/wp-content\/uploads\/2021\/04\/19-768x470.jpg 768w\" sizes=\"(max-width: 960px) 100vw, 960px\" \/> <img loading=\"lazy\" decoding=\"async\" class=\"alignnone size-full wp-image-6854\" src=\"http:\/\/spp3.slawno.pl\/wp-content\/uploads\/2021\/04\/20.jpg\" alt=\"Uczniowie na\u015bladuj\u0105cy postacie ze znanych obraz\u00f3w\" width=\"960\" height=\"592\" srcset=\"http:\/\/spp3.slawno.pl\/wp-content\/uploads\/2021\/04\/20.jpg 960w, http:\/\/spp3.slawno.pl\/wp-content\/uploads\/2021\/04\/20-300x185.jpg 300w, http:\/\/spp3.slawno.pl\/wp-content\/uploads\/2021\/04\/20-768x474.jpg 768w\" sizes=\"(max-width: 960px) 100vw, 960px\" \/> <img loading=\"lazy\" decoding=\"async\" class=\"alignnone size-full wp-image-6855\" src=\"http:\/\/spp3.slawno.pl\/wp-content\/uploads\/2021\/04\/21.jpg\" alt=\"Uczniowie na\u015bladuj\u0105cy postacie ze znanych obraz\u00f3w\" width=\"960\" height=\"562\" srcset=\"http:\/\/spp3.slawno.pl\/wp-content\/uploads\/2021\/04\/21.jpg 960w, http:\/\/spp3.slawno.pl\/wp-content\/uploads\/2021\/04\/21-300x176.jpg 300w, http:\/\/spp3.slawno.pl\/wp-content\/uploads\/2021\/04\/21-768x450.jpg 768w\" sizes=\"(max-width: 960px) 100vw, 960px\" \/> <img loading=\"lazy\" decoding=\"async\" class=\"alignnone size-full wp-image-6856\" src=\"http:\/\/spp3.slawno.pl\/wp-content\/uploads\/2021\/04\/22.jpg\" alt=\"Uczniowie na\u015bladuj\u0105cy postacie ze znanych obraz\u00f3w\" width=\"960\" height=\"596\" srcset=\"http:\/\/spp3.slawno.pl\/wp-content\/uploads\/2021\/04\/22.jpg 960w, http:\/\/spp3.slawno.pl\/wp-content\/uploads\/2021\/04\/22-300x186.jpg 300w, http:\/\/spp3.slawno.pl\/wp-content\/uploads\/2021\/04\/22-768x477.jpg 768w\" sizes=\"(max-width: 960px) 100vw, 960px\" \/> <img loading=\"lazy\" decoding=\"async\" class=\"alignnone size-full wp-image-6857\" src=\"http:\/\/spp3.slawno.pl\/wp-content\/uploads\/2021\/04\/23.jpg\" alt=\"Uczniowie na\u015bladuj\u0105cy postacie ze znanych obraz\u00f3w\" width=\"960\" height=\"572\" srcset=\"http:\/\/spp3.slawno.pl\/wp-content\/uploads\/2021\/04\/23.jpg 960w, http:\/\/spp3.slawno.pl\/wp-content\/uploads\/2021\/04\/23-300x179.jpg 300w, http:\/\/spp3.slawno.pl\/wp-content\/uploads\/2021\/04\/23-768x458.jpg 768w\" sizes=\"(max-width: 960px) 100vw, 960px\" \/><\/p>\n<p>&nbsp;<\/p>\n","protected":false},"excerpt":{"rendered":"<div class=\"mh-excerpt\"><p>Na lekcjach j\u0119zyka polskiego uczniowie klas 7b, 7d, 8b, 8d w nietypowy spos\u00f3b zinterpretowali dzie\u0142a malarskie. Powsta\u0142y jedyne swoim rodzaju ,,\u017cywe obrazy&#8221;. Brawo za kreatywno\u015b\u0107! <a class=\"mh-excerpt-more\" href=\"http:\/\/spp3.slawno.pl\/?p=6834\" title=\"\u017bywe obrazy w wykonaniu uczni\u00f3w klas VII i VIII&#8230;\">[&#8230;]<\/a><\/p>\n<\/div>","protected":false},"author":2,"featured_media":6857,"comment_status":"closed","ping_status":"open","sticky":false,"template":"","format":"standard","meta":{"footnotes":""},"categories":[33,8],"tags":[],"class_list":["post-6834","post","type-post","status-publish","format-standard","has-post-thumbnail","hentry","category-projekty","category-wydarzenia"],"_links":{"self":[{"href":"http:\/\/spp3.slawno.pl\/index.php?rest_route=\/wp\/v2\/posts\/6834"}],"collection":[{"href":"http:\/\/spp3.slawno.pl\/index.php?rest_route=\/wp\/v2\/posts"}],"about":[{"href":"http:\/\/spp3.slawno.pl\/index.php?rest_route=\/wp\/v2\/types\/post"}],"author":[{"embeddable":true,"href":"http:\/\/spp3.slawno.pl\/index.php?rest_route=\/wp\/v2\/users\/2"}],"replies":[{"embeddable":true,"href":"http:\/\/spp3.slawno.pl\/index.php?rest_route=%2Fwp%2Fv2%2Fcomments&post=6834"}],"version-history":[{"count":1,"href":"http:\/\/spp3.slawno.pl\/index.php?rest_route=\/wp\/v2\/posts\/6834\/revisions"}],"predecessor-version":[{"id":6858,"href":"http:\/\/spp3.slawno.pl\/index.php?rest_route=\/wp\/v2\/posts\/6834\/revisions\/6858"}],"wp:featuredmedia":[{"embeddable":true,"href":"http:\/\/spp3.slawno.pl\/index.php?rest_route=\/wp\/v2\/media\/6857"}],"wp:attachment":[{"href":"http:\/\/spp3.slawno.pl\/index.php?rest_route=%2Fwp%2Fv2%2Fmedia&parent=6834"}],"wp:term":[{"taxonomy":"category","embeddable":true,"href":"http:\/\/spp3.slawno.pl\/index.php?rest_route=%2Fwp%2Fv2%2Fcategories&post=6834"},{"taxonomy":"post_tag","embeddable":true,"href":"http:\/\/spp3.slawno.pl\/index.php?rest_route=%2Fwp%2Fv2%2Ftags&post=6834"}],"curies":[{"name":"wp","href":"https:\/\/api.w.org\/{rel}","templated":true}]}}