{"id":6878,"date":"2021-04-18T18:13:41","date_gmt":"2021-04-18T16:13:41","guid":{"rendered":"http:\/\/spp3.slawno.pl\/?p=6878"},"modified":"2021-05-30T18:03:30","modified_gmt":"2021-05-30T16:03:30","slug":"dzien-czekolady","status":"publish","type":"post","link":"http:\/\/spp3.slawno.pl\/?p=6878","title":{"rendered":"Dzie\u0144 Czekolady"},"content":{"rendered":"<p>Mleczna, gorzka, deserowa, czy te\u017c bia\u0142a &#8211; jednym s\u0142owem czekolada &#8211; obchodzi\u0142a swoje \u015bwi\u0119to 12 kwietnia. W tym dniu klasy 1a,1b,2c i 3a obejrza\u0142y prezentacj\u0119 interaktywn\u0105 i wykona\u0142y smakowite zadania. Jednym z nich by\u0142a zabawa kulinarna polegaj\u0105ca na przygotowaniu czekoladowego obrazka. A oto s\u0142odkie efekty pracy dzieci z \u017cyczeniami SMACZNEGO dla wszystkich CZEKOLADOWYCH \u0141ASUCH\u00d2W!!<\/p>\n<p>Wi\u0119cej zdj\u0119\u0107 na <a href=\"https:\/\/www.facebook.com\/profile.php?id=100057090535208\">Fb SP3<\/a><\/p>\n<p><img loading=\"lazy\" decoding=\"async\" class=\"alignnone  wp-image-6893\" src=\"http:\/\/spp3.slawno.pl\/wp-content\/uploads\/2021\/04\/czekoladowe-prace12-1024x461.jpg\" alt=\"Uczniowie i ich czekoladowe prace\" width=\"742\" height=\"334\" srcset=\"http:\/\/spp3.slawno.pl\/wp-content\/uploads\/2021\/04\/czekoladowe-prace12-1024x461.jpg 1024w, http:\/\/spp3.slawno.pl\/wp-content\/uploads\/2021\/04\/czekoladowe-prace12-300x135.jpg 300w, http:\/\/spp3.slawno.pl\/wp-content\/uploads\/2021\/04\/czekoladowe-prace12-768x346.jpg 768w, http:\/\/spp3.slawno.pl\/wp-content\/uploads\/2021\/04\/czekoladowe-prace12.jpg 1422w\" sizes=\"(max-width: 742px) 100vw, 742px\" \/> <img loading=\"lazy\" decoding=\"async\" class=\"alignnone size-full wp-image-6892\" src=\"http:\/\/spp3.slawno.pl\/wp-content\/uploads\/2021\/04\/czekoladowe-prace11.jpg\" alt=\"Uczniowie i ich czekoladowe prace\" width=\"480\" height=\"640\" srcset=\"http:\/\/spp3.slawno.pl\/wp-content\/uploads\/2021\/04\/czekoladowe-prace11.jpg 480w, http:\/\/spp3.slawno.pl\/wp-content\/uploads\/2021\/04\/czekoladowe-prace11-225x300.jpg 225w\" sizes=\"(max-width: 480px) 100vw, 480px\" \/> <img loading=\"lazy\" decoding=\"async\" class=\"alignnone  wp-image-6891\" src=\"http:\/\/spp3.slawno.pl\/wp-content\/uploads\/2021\/04\/czekoladowe-prace10.jpg\" alt=\"Uczniowie i ich czekoladowe prace\" width=\"546\" height=\"728\" srcset=\"http:\/\/spp3.slawno.pl\/wp-content\/uploads\/2021\/04\/czekoladowe-prace10.jpg 720w, http:\/\/spp3.slawno.pl\/wp-content\/uploads\/2021\/04\/czekoladowe-prace10-225x300.jpg 225w\" sizes=\"(max-width: 546px) 100vw, 546px\" \/> <img loading=\"lazy\" decoding=\"async\" class=\"alignnone  wp-image-6890\" src=\"http:\/\/spp3.slawno.pl\/wp-content\/uploads\/2021\/04\/czekoladowe-prace9.jpg\" alt=\"Uczniowie i ich czekoladowe prace\" width=\"587\" height=\"783\" srcset=\"http:\/\/spp3.slawno.pl\/wp-content\/uploads\/2021\/04\/czekoladowe-prace9.jpg 720w, http:\/\/spp3.slawno.pl\/wp-content\/uploads\/2021\/04\/czekoladowe-prace9-225x300.jpg 225w\" sizes=\"(max-width: 587px) 100vw, 587px\" \/> <img loading=\"lazy\" decoding=\"async\" class=\"alignnone size-full wp-image-6889\" src=\"http:\/\/spp3.slawno.pl\/wp-content\/uploads\/2021\/04\/czekoladowe-prace8.jpg\" alt=\"Uczniowie i ich czekoladowe prace\" width=\"540\" height=\"960\" srcset=\"http:\/\/spp3.slawno.pl\/wp-content\/uploads\/2021\/04\/czekoladowe-prace8.jpg 540w, http:\/\/spp3.slawno.pl\/wp-content\/uploads\/2021\/04\/czekoladowe-prace8-169x300.jpg 169w\" sizes=\"(max-width: 540px) 100vw, 540px\" \/><\/p>\n<p><img loading=\"lazy\" decoding=\"async\" class=\"alignnone wp-image-6879\" src=\"http:\/\/spp3.slawno.pl\/wp-content\/uploads\/2021\/04\/czekoladowe-prace.jpg\" alt=\"\" width=\"599\" height=\"799\" srcset=\"http:\/\/spp3.slawno.pl\/wp-content\/uploads\/2021\/04\/czekoladowe-prace.jpg 720w, http:\/\/spp3.slawno.pl\/wp-content\/uploads\/2021\/04\/czekoladowe-prace-225x300.jpg 225w\" sizes=\"(max-width: 599px) 100vw, 599px\" \/> <img loading=\"lazy\" decoding=\"async\" class=\"alignnone wp-image-6880\" src=\"http:\/\/spp3.slawno.pl\/wp-content\/uploads\/2021\/04\/czekoladowe-prace1.jpg\" alt=\"\" width=\"775\" height=\"581\" srcset=\"http:\/\/spp3.slawno.pl\/wp-content\/uploads\/2021\/04\/czekoladowe-prace1.jpg 960w, http:\/\/spp3.slawno.pl\/wp-content\/uploads\/2021\/04\/czekoladowe-prace1-300x225.jpg 300w, http:\/\/spp3.slawno.pl\/wp-content\/uploads\/2021\/04\/czekoladowe-prace1-768x576.jpg 768w, http:\/\/spp3.slawno.pl\/wp-content\/uploads\/2021\/04\/czekoladowe-prace1-678x509.jpg 678w, http:\/\/spp3.slawno.pl\/wp-content\/uploads\/2021\/04\/czekoladowe-prace1-326x245.jpg 326w, http:\/\/spp3.slawno.pl\/wp-content\/uploads\/2021\/04\/czekoladowe-prace1-80x60.jpg 80w\" sizes=\"(max-width: 775px) 100vw, 775px\" \/> <img loading=\"lazy\" decoding=\"async\" class=\"alignnone wp-image-6881\" src=\"http:\/\/spp3.slawno.pl\/wp-content\/uploads\/2021\/04\/czekoladowe-prace2.jpg\" alt=\"\" width=\"586\" height=\"781\" srcset=\"http:\/\/spp3.slawno.pl\/wp-content\/uploads\/2021\/04\/czekoladowe-prace2.jpg 720w, http:\/\/spp3.slawno.pl\/wp-content\/uploads\/2021\/04\/czekoladowe-prace2-225x300.jpg 225w\" sizes=\"(max-width: 586px) 100vw, 586px\" \/> <img loading=\"lazy\" decoding=\"async\" class=\"alignnone size-large wp-image-6882\" src=\"http:\/\/spp3.slawno.pl\/wp-content\/uploads\/2021\/04\/czekoladowe-prace3.jpg\" alt=\"\" width=\"532\" height=\"960\" srcset=\"http:\/\/spp3.slawno.pl\/wp-content\/uploads\/2021\/04\/czekoladowe-prace3.jpg 532w, http:\/\/spp3.slawno.pl\/wp-content\/uploads\/2021\/04\/czekoladowe-prace3-166x300.jpg 166w\" sizes=\"(max-width: 532px) 100vw, 532px\" \/> <img loading=\"lazy\" decoding=\"async\" class=\"alignnone size-large wp-image-6883\" src=\"http:\/\/spp3.slawno.pl\/wp-content\/uploads\/2021\/04\/czekoladowe-prace4.jpg\" alt=\"\" width=\"720\" height=\"960\" srcset=\"http:\/\/spp3.slawno.pl\/wp-content\/uploads\/2021\/04\/czekoladowe-prace4.jpg 720w, http:\/\/spp3.slawno.pl\/wp-content\/uploads\/2021\/04\/czekoladowe-prace4-225x300.jpg 225w\" sizes=\"(max-width: 720px) 100vw, 720px\" \/> <img loading=\"lazy\" decoding=\"async\" class=\"alignnone size-large wp-image-6884\" src=\"http:\/\/spp3.slawno.pl\/wp-content\/uploads\/2021\/04\/czekoladowe-prace5.jpg\" alt=\"\" width=\"720\" height=\"960\" srcset=\"http:\/\/spp3.slawno.pl\/wp-content\/uploads\/2021\/04\/czekoladowe-prace5.jpg 720w, http:\/\/spp3.slawno.pl\/wp-content\/uploads\/2021\/04\/czekoladowe-prace5-225x300.jpg 225w\" sizes=\"(max-width: 720px) 100vw, 720px\" \/> <img loading=\"lazy\" decoding=\"async\" class=\"alignnone size-large wp-image-6885\" src=\"http:\/\/spp3.slawno.pl\/wp-content\/uploads\/2021\/04\/czekoladowe-prace6.jpg\" alt=\"\" width=\"718\" height=\"960\" srcset=\"http:\/\/spp3.slawno.pl\/wp-content\/uploads\/2021\/04\/czekoladowe-prace6.jpg 718w, http:\/\/spp3.slawno.pl\/wp-content\/uploads\/2021\/04\/czekoladowe-prace6-224x300.jpg 224w\" sizes=\"(max-width: 718px) 100vw, 718px\" \/> <img loading=\"lazy\" decoding=\"async\" class=\"alignnone size-large wp-image-6886\" src=\"http:\/\/spp3.slawno.pl\/wp-content\/uploads\/2021\/04\/czekoladowe-prace7.jpg\" alt=\"\" width=\"480\" height=\"640\" srcset=\"http:\/\/spp3.slawno.pl\/wp-content\/uploads\/2021\/04\/czekoladowe-prace7.jpg 480w, http:\/\/spp3.slawno.pl\/wp-content\/uploads\/2021\/04\/czekoladowe-prace7-225x300.jpg 225w\" sizes=\"(max-width: 480px) 100vw, 480px\" \/><\/p>\n","protected":false},"excerpt":{"rendered":"<div class=\"mh-excerpt\"><p>Mleczna, gorzka, deserowa, czy te\u017c bia\u0142a &#8211; jednym s\u0142owem czekolada &#8211; obchodzi\u0142a swoje \u015bwi\u0119to 12 kwietnia. W tym dniu klasy 1a,1b,2c i 3a obejrza\u0142y prezentacj\u0119 <a class=\"mh-excerpt-more\" href=\"http:\/\/spp3.slawno.pl\/?p=6878\" title=\"Dzie\u0144 Czekolady\">[&#8230;]<\/a><\/p>\n<\/div>","protected":false},"author":2,"featured_media":6882,"comment_status":"closed","ping_status":"open","sticky":false,"template":"","format":"standard","meta":{"footnotes":""},"categories":[32,8],"tags":[],"class_list":["post-6878","post","type-post","status-publish","format-standard","has-post-thumbnail","hentry","category-akcje","category-wydarzenia"],"_links":{"self":[{"href":"http:\/\/spp3.slawno.pl\/index.php?rest_route=\/wp\/v2\/posts\/6878"}],"collection":[{"href":"http:\/\/spp3.slawno.pl\/index.php?rest_route=\/wp\/v2\/posts"}],"about":[{"href":"http:\/\/spp3.slawno.pl\/index.php?rest_route=\/wp\/v2\/types\/post"}],"author":[{"embeddable":true,"href":"http:\/\/spp3.slawno.pl\/index.php?rest_route=\/wp\/v2\/users\/2"}],"replies":[{"embeddable":true,"href":"http:\/\/spp3.slawno.pl\/index.php?rest_route=%2Fwp%2Fv2%2Fcomments&post=6878"}],"version-history":[{"count":3,"href":"http:\/\/spp3.slawno.pl\/index.php?rest_route=\/wp\/v2\/posts\/6878\/revisions"}],"predecessor-version":[{"id":6894,"href":"http:\/\/spp3.slawno.pl\/index.php?rest_route=\/wp\/v2\/posts\/6878\/revisions\/6894"}],"wp:featuredmedia":[{"embeddable":true,"href":"http:\/\/spp3.slawno.pl\/index.php?rest_route=\/wp\/v2\/media\/6882"}],"wp:attachment":[{"href":"http:\/\/spp3.slawno.pl\/index.php?rest_route=%2Fwp%2Fv2%2Fmedia&parent=6878"}],"wp:term":[{"taxonomy":"category","embeddable":true,"href":"http:\/\/spp3.slawno.pl\/index.php?rest_route=%2Fwp%2Fv2%2Fcategories&post=6878"},{"taxonomy":"post_tag","embeddable":true,"href":"http:\/\/spp3.slawno.pl\/index.php?rest_route=%2Fwp%2Fv2%2Ftags&post=6878"}],"curies":[{"name":"wp","href":"https:\/\/api.w.org\/{rel}","templated":true}]}}