{"id":6906,"date":"2021-04-22T08:10:23","date_gmt":"2021-04-22T06:10:23","guid":{"rendered":"http:\/\/spp3.slawno.pl\/?p=6906"},"modified":"2021-05-30T18:02:40","modified_gmt":"2021-05-30T16:02:40","slug":"dzien-ziemi","status":"publish","type":"post","link":"http:\/\/spp3.slawno.pl\/?p=6906","title":{"rendered":"Dzie\u0144 Ziemi"},"content":{"rendered":"<p>22 kwietnia obchodzimy \u015awiatowy Dzie\u0144 Ziemi. Zach\u0119camy wszystkich do obejrzenia prwzentacji dotycz\u0105cej tego \u015bwi\u0119ta.<\/p>\n<p><a href=\"https:\/\/www.dropbox.com\/s\/58zbb9hpshp9znc\/Dzie%C5%84%20Ziemi%202021.mp4?dl=0\">Prezentacja\u00a0<\/a><\/p>\n<p>&nbsp;<\/p>\n<p><a href=\"https:\/\/www.dropbox.com\/s\/58zbb9hpshp9znc\/Dzie%C5%84%20Ziemi%202021.mp4?dl=0\"><img loading=\"lazy\" decoding=\"async\" class=\"alignnone size-large wp-image-6907\" src=\"http:\/\/spp3.slawno.pl\/wp-content\/uploads\/2021\/04\/Dzie\u0144-Ziemi-1024x532.png\" alt=\"\" width=\"1024\" height=\"532\" srcset=\"http:\/\/spp3.slawno.pl\/wp-content\/uploads\/2021\/04\/Dzie\u0144-Ziemi-1024x532.png 1024w, http:\/\/spp3.slawno.pl\/wp-content\/uploads\/2021\/04\/Dzie\u0144-Ziemi-300x156.png 300w, http:\/\/spp3.slawno.pl\/wp-content\/uploads\/2021\/04\/Dzie\u0144-Ziemi-768x399.png 768w, http:\/\/spp3.slawno.pl\/wp-content\/uploads\/2021\/04\/Dzie\u0144-Ziemi.png 1041w\" sizes=\"(max-width: 1024px) 100vw, 1024px\" \/><\/a><\/p>\n<p>zdj\u0119cia zaczerpni\u0119te z\u00a0 Instagram: too good to go,<\/p>\n<p>Pozosta\u0142e grafiki i zdj\u0119cia: Film Canva<\/p>\n","protected":false},"excerpt":{"rendered":"<div class=\"mh-excerpt\"><p>22 kwietnia obchodzimy \u015awiatowy Dzie\u0144 Ziemi. Zach\u0119camy wszystkich do obejrzenia prwzentacji dotycz\u0105cej tego \u015bwi\u0119ta. Prezentacja\u00a0 &nbsp; zdj\u0119cia zaczerpni\u0119te z\u00a0 Instagram: too good to go, Pozosta\u0142e <a class=\"mh-excerpt-more\" href=\"http:\/\/spp3.slawno.pl\/?p=6906\" title=\"Dzie\u0144 Ziemi\">[&#8230;]<\/a><\/p>\n<\/div>","protected":false},"author":2,"featured_media":6932,"comment_status":"closed","ping_status":"open","sticky":false,"template":"","format":"standard","meta":{"footnotes":""},"categories":[32,8],"tags":[],"class_list":["post-6906","post","type-post","status-publish","format-standard","has-post-thumbnail","hentry","category-akcje","category-wydarzenia"],"_links":{"self":[{"href":"http:\/\/spp3.slawno.pl\/index.php?rest_route=\/wp\/v2\/posts\/6906"}],"collection":[{"href":"http:\/\/spp3.slawno.pl\/index.php?rest_route=\/wp\/v2\/posts"}],"about":[{"href":"http:\/\/spp3.slawno.pl\/index.php?rest_route=\/wp\/v2\/types\/post"}],"author":[{"embeddable":true,"href":"http:\/\/spp3.slawno.pl\/index.php?rest_route=\/wp\/v2\/users\/2"}],"replies":[{"embeddable":true,"href":"http:\/\/spp3.slawno.pl\/index.php?rest_route=%2Fwp%2Fv2%2Fcomments&post=6906"}],"version-history":[{"count":4,"href":"http:\/\/spp3.slawno.pl\/index.php?rest_route=\/wp\/v2\/posts\/6906\/revisions"}],"predecessor-version":[{"id":6911,"href":"http:\/\/spp3.slawno.pl\/index.php?rest_route=\/wp\/v2\/posts\/6906\/revisions\/6911"}],"wp:featuredmedia":[{"embeddable":true,"href":"http:\/\/spp3.slawno.pl\/index.php?rest_route=\/wp\/v2\/media\/6932"}],"wp:attachment":[{"href":"http:\/\/spp3.slawno.pl\/index.php?rest_route=%2Fwp%2Fv2%2Fmedia&parent=6906"}],"wp:term":[{"taxonomy":"category","embeddable":true,"href":"http:\/\/spp3.slawno.pl\/index.php?rest_route=%2Fwp%2Fv2%2Fcategories&post=6906"},{"taxonomy":"post_tag","embeddable":true,"href":"http:\/\/spp3.slawno.pl\/index.php?rest_route=%2Fwp%2Fv2%2Ftags&post=6906"}],"curies":[{"name":"wp","href":"https:\/\/api.w.org\/{rel}","templated":true}]}}