{"id":6925,"date":"2021-04-21T22:58:28","date_gmt":"2021-04-21T20:58:28","guid":{"rendered":"http:\/\/spp3.slawno.pl\/?p=6925"},"modified":"2021-04-21T22:58:28","modified_gmt":"2021-04-21T20:58:28","slug":"nauka-hybrydowa-w-klasach-1-3","status":"publish","type":"post","link":"http:\/\/spp3.slawno.pl\/?p=6925","title":{"rendered":"Nauka hybrydowa w klasach 1-3"},"content":{"rendered":"<h2>Od 26 kwietnia \u0142agodzimy obostrzenia w 11 wojew\u00f3dztwach \u2013 otwarte salony fryzjerskie i kosmetyczne oraz cz\u0119\u015bciowy powr\u00f3t dzieci do szk\u00f3\u0142<\/h2>\n<p class=\"intro\">\n<p><strong><u>Edukacja<\/u>\u00a0<\/strong><\/p>\n<ul>\n<li>Uczniowie klas szk\u00f3\u0142 podstawowych, szk\u00f3\u0142 ponadpodstawowych, s\u0142uchacze plac\u00f3wek kszta\u0142cenia ustawicznego oraz centr\u00f3w kszta\u0142cenia zawodowego ucz\u0105 si\u0119 zdalnie.\u00a0<strong>Uwaga!<\/strong>\u00a0<strong>W 11 wojew\u00f3dztwach, w kt\u00f3rych s\u0105 luzowane obostrzenia, dzieci z klas 1-3 szk\u00f3\u0142 podstawowych, od 26 kwietnia b\u0119d\u0105 uczy\u0107\u00a0si\u0119 w systemie hybrydowym.<\/strong><\/li>\n<li>\u017b\u0142obki i przedszkola funkcjonuj\u0105 normalnie.<\/li>\n<\/ul>\n<p>W\u00a0<strong>11 wojew\u00f3dztwach<\/strong>, w kt\u00f3rych \u015brednia dzienna liczba zaka\u017ce\u0144 na 100 tys. mieszka\u0144c\u00f3w nie przekracza 35, zdecydowali\u015bmy si\u0119 na\u00a0<strong>luzowanie obostrze\u0144 od 26 kwietnia<\/strong>. S\u0105 to wojew\u00f3dztwa:<\/p>\n<ul>\n<li>podlaskie,<\/li>\n<li>podkarpackie,<\/li>\n<li>warmi\u0144sko-mazurskie,<\/li>\n<li>lubelskie,<\/li>\n<li>pomorskie,<\/li>\n<li>lubuskie,<\/li>\n<li>\u015bwi\u0119tokrzyskie,<\/li>\n<li>mazowieckie,<\/li>\n<li>kujawsko-pomorskie,<\/li>\n<li>zachodniopomorskie,<\/li>\n<li>ma\u0142opolskie.<\/li>\n<\/ul>\n<p><a href=\"https:\/\/www.gov.pl\/web\/koronawirus\/od-26-kwietnia-lagodzimy-obostrzenia-w-11-wojewodztwach-otwarte-salony-fryzjerskie-i-czesciowy-powrot-dzieci-do-szkol?fbclid=IwAR3xmoympBaFsWjSjh3XkhumIQqWEJFR7CJ1PIMVaqNDnq4trX-bBwYXWb0\">Wi\u0119cej informacji<\/a><\/p>\n","protected":false},"excerpt":{"rendered":"<div class=\"mh-excerpt\"><p>Od 26 kwietnia \u0142agodzimy obostrzenia w 11 wojew\u00f3dztwach \u2013 otwarte salony fryzjerskie i kosmetyczne oraz cz\u0119\u015bciowy powr\u00f3t dzieci do szk\u00f3\u0142 Edukacja\u00a0 Uczniowie klas szk\u00f3\u0142 podstawowych, <a class=\"mh-excerpt-more\" href=\"http:\/\/spp3.slawno.pl\/?p=6925\" title=\"Nauka hybrydowa w klasach 1-3\">[&#8230;]<\/a><\/p>\n<\/div>","protected":false},"author":2,"featured_media":6926,"comment_status":"closed","ping_status":"open","sticky":false,"template":"","format":"standard","meta":{"footnotes":""},"categories":[8],"tags":[],"class_list":["post-6925","post","type-post","status-publish","format-standard","has-post-thumbnail","hentry","category-wydarzenia"],"_links":{"self":[{"href":"http:\/\/spp3.slawno.pl\/index.php?rest_route=\/wp\/v2\/posts\/6925"}],"collection":[{"href":"http:\/\/spp3.slawno.pl\/index.php?rest_route=\/wp\/v2\/posts"}],"about":[{"href":"http:\/\/spp3.slawno.pl\/index.php?rest_route=\/wp\/v2\/types\/post"}],"author":[{"embeddable":true,"href":"http:\/\/spp3.slawno.pl\/index.php?rest_route=\/wp\/v2\/users\/2"}],"replies":[{"embeddable":true,"href":"http:\/\/spp3.slawno.pl\/index.php?rest_route=%2Fwp%2Fv2%2Fcomments&post=6925"}],"version-history":[{"count":1,"href":"http:\/\/spp3.slawno.pl\/index.php?rest_route=\/wp\/v2\/posts\/6925\/revisions"}],"predecessor-version":[{"id":6927,"href":"http:\/\/spp3.slawno.pl\/index.php?rest_route=\/wp\/v2\/posts\/6925\/revisions\/6927"}],"wp:featuredmedia":[{"embeddable":true,"href":"http:\/\/spp3.slawno.pl\/index.php?rest_route=\/wp\/v2\/media\/6926"}],"wp:attachment":[{"href":"http:\/\/spp3.slawno.pl\/index.php?rest_route=%2Fwp%2Fv2%2Fmedia&parent=6925"}],"wp:term":[{"taxonomy":"category","embeddable":true,"href":"http:\/\/spp3.slawno.pl\/index.php?rest_route=%2Fwp%2Fv2%2Fcategories&post=6925"},{"taxonomy":"post_tag","embeddable":true,"href":"http:\/\/spp3.slawno.pl\/index.php?rest_route=%2Fwp%2Fv2%2Ftags&post=6925"}],"curies":[{"name":"wp","href":"https:\/\/api.w.org\/{rel}","templated":true}]}}