{"id":6948,"date":"2021-04-22T22:48:41","date_gmt":"2021-04-22T20:48:41","guid":{"rendered":"http:\/\/spp3.slawno.pl\/?p=6948"},"modified":"2021-05-30T18:02:32","modified_gmt":"2021-05-30T16:02:32","slug":"x-rejonowy-konkurs-fotograficzny","status":"publish","type":"post","link":"http:\/\/spp3.slawno.pl\/?p=6948","title":{"rendered":"X Rejonowy Konkurs Fotograficzny"},"content":{"rendered":"<div class=\"kvgmc6g5 cxmmr5t8 oygrvhab hcukyx3x c1et5uql ii04i59q\">\n<div dir=\"auto\">Mi\u0142o nam poinformowa\u0107, \u017ce podczas X Rejonowego Konkursu Fotograficznego z okazji przypadaja\u0328cego na dzien\u0301 22 marca S\u0301WIATOWEGO DNIA WODY I DNIA MORZA BA\u0141TYCKIEGO, w tym roku pt. \u201eUroki Ba\u0142tyku\u201d org. przez V Liceum Ogo\u0301lnokszta\u0142ca\u0328ce w Koszalinie im. S. Lema<\/div>\n<\/div>\n<div class=\"o9v6fnle cxmmr5t8 oygrvhab hcukyx3x c1et5uql ii04i59q\">\n<div dir=\"auto\">W kategorii szko\u0142y podstawowe klasy 5-8 III miejsce zaja\u0328\u0142 Szymon Jakimiak z klasy VIe. Serdecznie gratulujemy.<\/div>\n<div dir=\"auto\"><img loading=\"lazy\" decoding=\"async\" class=\"alignnone size-full wp-image-6949\" src=\"http:\/\/spp3.slawno.pl\/wp-content\/uploads\/2021\/04\/Konk.-fotograficzny.jpg\" alt=\"Zdj\u0119cie pla\u017cy i morza\" width=\"960\" height=\"720\" srcset=\"http:\/\/spp3.slawno.pl\/wp-content\/uploads\/2021\/04\/Konk.-fotograficzny.jpg 960w, http:\/\/spp3.slawno.pl\/wp-content\/uploads\/2021\/04\/Konk.-fotograficzny-300x225.jpg 300w, http:\/\/spp3.slawno.pl\/wp-content\/uploads\/2021\/04\/Konk.-fotograficzny-768x576.jpg 768w, http:\/\/spp3.slawno.pl\/wp-content\/uploads\/2021\/04\/Konk.-fotograficzny-678x509.jpg 678w, http:\/\/spp3.slawno.pl\/wp-content\/uploads\/2021\/04\/Konk.-fotograficzny-326x245.jpg 326w, http:\/\/spp3.slawno.pl\/wp-content\/uploads\/2021\/04\/Konk.-fotograficzny-80x60.jpg 80w\" sizes=\"(max-width: 960px) 100vw, 960px\" \/><\/div>\n<\/div>\n","protected":false},"excerpt":{"rendered":"<div class=\"mh-excerpt\"><p>Mi\u0142o nam poinformowa\u0107, \u017ce podczas X Rejonowego Konkursu Fotograficznego z okazji przypadaja\u0328cego na dzien\u0301 22 marca S\u0301WIATOWEGO DNIA WODY I DNIA MORZA BA\u0141TYCKIEGO, w tym <a class=\"mh-excerpt-more\" href=\"http:\/\/spp3.slawno.pl\/?p=6948\" title=\"X Rejonowy Konkurs Fotograficzny\">[&#8230;]<\/a><\/p>\n<\/div>","protected":false},"author":2,"featured_media":6949,"comment_status":"closed","ping_status":"open","sticky":false,"template":"","format":"standard","meta":{"footnotes":""},"categories":[7,8],"tags":[],"class_list":["post-6948","post","type-post","status-publish","format-standard","has-post-thumbnail","hentry","category-konkursy","category-wydarzenia"],"_links":{"self":[{"href":"http:\/\/spp3.slawno.pl\/index.php?rest_route=\/wp\/v2\/posts\/6948"}],"collection":[{"href":"http:\/\/spp3.slawno.pl\/index.php?rest_route=\/wp\/v2\/posts"}],"about":[{"href":"http:\/\/spp3.slawno.pl\/index.php?rest_route=\/wp\/v2\/types\/post"}],"author":[{"embeddable":true,"href":"http:\/\/spp3.slawno.pl\/index.php?rest_route=\/wp\/v2\/users\/2"}],"replies":[{"embeddable":true,"href":"http:\/\/spp3.slawno.pl\/index.php?rest_route=%2Fwp%2Fv2%2Fcomments&post=6948"}],"version-history":[{"count":1,"href":"http:\/\/spp3.slawno.pl\/index.php?rest_route=\/wp\/v2\/posts\/6948\/revisions"}],"predecessor-version":[{"id":6950,"href":"http:\/\/spp3.slawno.pl\/index.php?rest_route=\/wp\/v2\/posts\/6948\/revisions\/6950"}],"wp:featuredmedia":[{"embeddable":true,"href":"http:\/\/spp3.slawno.pl\/index.php?rest_route=\/wp\/v2\/media\/6949"}],"wp:attachment":[{"href":"http:\/\/spp3.slawno.pl\/index.php?rest_route=%2Fwp%2Fv2%2Fmedia&parent=6948"}],"wp:term":[{"taxonomy":"category","embeddable":true,"href":"http:\/\/spp3.slawno.pl\/index.php?rest_route=%2Fwp%2Fv2%2Fcategories&post=6948"},{"taxonomy":"post_tag","embeddable":true,"href":"http:\/\/spp3.slawno.pl\/index.php?rest_route=%2Fwp%2Fv2%2Ftags&post=6948"}],"curies":[{"name":"wp","href":"https:\/\/api.w.org\/{rel}","templated":true}]}}