{"id":6951,"date":"2021-04-22T22:53:35","date_gmt":"2021-04-22T20:53:35","guid":{"rendered":"http:\/\/spp3.slawno.pl\/?p=6951"},"modified":"2021-04-22T22:53:35","modified_gmt":"2021-04-22T20:53:35","slug":"pomoc-dla-zuzi-warac","status":"publish","type":"post","link":"http:\/\/spp3.slawno.pl\/?p=6951","title":{"rendered":"Pomoc dla Zuzi Wara\u0107"},"content":{"rendered":"<div dir=\"auto\">Szkolne Kolo Wolontariatu zach\u0119ca i prosi o wsparcie finansowe dla naszej uczennicy Zuzanny Wara\u0107 na operacj\u0119 i rehabilitacj\u0119 kolana. Ju\u017c wiele razy jako spoleczno\u015b\u0107 szkolna okazali\u015bmy ogromne serce. Liczy si\u0119 najmniejsza wp\u0142ata! Dokona\u0107 mo\u017cna jej po tym linkiem&#8230;<\/div>\n<div dir=\"auto\">Juz teraz dziekujemy za pomoc! SKW <a class=\"oajrlxb2 g5ia77u1 qu0x051f esr5mh6w e9989ue4 r7d6kgcz rq0escxv nhd2j8a9 nc684nl6 p7hjln8o kvgmc6g5 cxmmr5t8 oygrvhab hcukyx3x jb3vyjys rz4wbd8a qt6c0cv9 a8nywdso i1ao9s8h esuyzwwr f1sip0of lzcic4wl py34i1dx gpro0wi8\" tabindex=\"0\" role=\"link\" href=\"https:\/\/zrzutka.pl\/ahhjge?utm_medium=social&amp;utm_source=facebook&amp;utm_campaign=sharing_button&amp;fbclid=IwAR0gB483PSqkbj9sCNlvQ4HdGsyfb18FlOddRktp_nnVFo710plO_6G9Adw\" target=\"_blank\" rel=\"nofollow noopener\">https:\/\/zrzutka.pl\/ahhjge?utm_medium=social&#8230;<\/a>#<\/div>\n<div dir=\"auto\"><\/div>\n<div dir=\"auto\"><a href=\"https:\/\/zrzutka.pl\/ahhjge?utm_medium=social&amp;utm_source=facebook&amp;utm_campaign=sharing_button&amp;fbclid=IwAR0Uu8u6wXBazeKvlHANLm6AXRES72Fu8I77ofg7pls5LX4LfC0zeIsHZb8#\"><img loading=\"lazy\" decoding=\"async\" class=\"alignnone size-full wp-image-6952\" src=\"http:\/\/spp3.slawno.pl\/wp-content\/uploads\/2021\/04\/Zuzia.png\" alt=\"Zdj\u0119cie pi\u0142karek r\u0119cznych\" width=\"509\" height=\"341\" srcset=\"http:\/\/spp3.slawno.pl\/wp-content\/uploads\/2021\/04\/Zuzia.png 509w, http:\/\/spp3.slawno.pl\/wp-content\/uploads\/2021\/04\/Zuzia-300x201.png 300w\" sizes=\"(max-width: 509px) 100vw, 509px\" \/><\/a><\/div>\n<div dir=\"auto\"><\/div>\n","protected":false},"excerpt":{"rendered":"<div class=\"mh-excerpt\"><p>Szkolne Kolo Wolontariatu zach\u0119ca i prosi o wsparcie finansowe dla naszej uczennicy Zuzanny Wara\u0107 na operacj\u0119 i rehabilitacj\u0119 kolana. Ju\u017c wiele razy jako spoleczno\u015b\u0107 szkolna <a class=\"mh-excerpt-more\" href=\"http:\/\/spp3.slawno.pl\/?p=6951\" title=\"Pomoc dla Zuzi Wara\u0107\">[&#8230;]<\/a><\/p>\n<\/div>","protected":false},"author":2,"featured_media":6952,"comment_status":"closed","ping_status":"open","sticky":false,"template":"","format":"standard","meta":{"footnotes":""},"categories":[8],"tags":[],"class_list":["post-6951","post","type-post","status-publish","format-standard","has-post-thumbnail","hentry","category-wydarzenia"],"_links":{"self":[{"href":"http:\/\/spp3.slawno.pl\/index.php?rest_route=\/wp\/v2\/posts\/6951"}],"collection":[{"href":"http:\/\/spp3.slawno.pl\/index.php?rest_route=\/wp\/v2\/posts"}],"about":[{"href":"http:\/\/spp3.slawno.pl\/index.php?rest_route=\/wp\/v2\/types\/post"}],"author":[{"embeddable":true,"href":"http:\/\/spp3.slawno.pl\/index.php?rest_route=\/wp\/v2\/users\/2"}],"replies":[{"embeddable":true,"href":"http:\/\/spp3.slawno.pl\/index.php?rest_route=%2Fwp%2Fv2%2Fcomments&post=6951"}],"version-history":[{"count":1,"href":"http:\/\/spp3.slawno.pl\/index.php?rest_route=\/wp\/v2\/posts\/6951\/revisions"}],"predecessor-version":[{"id":6953,"href":"http:\/\/spp3.slawno.pl\/index.php?rest_route=\/wp\/v2\/posts\/6951\/revisions\/6953"}],"wp:featuredmedia":[{"embeddable":true,"href":"http:\/\/spp3.slawno.pl\/index.php?rest_route=\/wp\/v2\/media\/6952"}],"wp:attachment":[{"href":"http:\/\/spp3.slawno.pl\/index.php?rest_route=%2Fwp%2Fv2%2Fmedia&parent=6951"}],"wp:term":[{"taxonomy":"category","embeddable":true,"href":"http:\/\/spp3.slawno.pl\/index.php?rest_route=%2Fwp%2Fv2%2Fcategories&post=6951"},{"taxonomy":"post_tag","embeddable":true,"href":"http:\/\/spp3.slawno.pl\/index.php?rest_route=%2Fwp%2Fv2%2Ftags&post=6951"}],"curies":[{"name":"wp","href":"https:\/\/api.w.org\/{rel}","templated":true}]}}