{"id":6962,"date":"2021-04-23T17:51:20","date_gmt":"2021-04-23T15:51:20","guid":{"rendered":"http:\/\/spp3.slawno.pl\/?p=6962"},"modified":"2021-04-23T17:51:20","modified_gmt":"2021-04-23T15:51:20","slug":"zero-waste-klasa-7b","status":"publish","type":"post","link":"http:\/\/spp3.slawno.pl\/?p=6962","title":{"rendered":"Zero Waste &#8211; klasa 7b"},"content":{"rendered":"<div>\n<div>\n<div>W nawi\u0105zaniu do \u015awiatowego Dnia Ziemi uczniowie klasy 7b w\u0142\u0105czyli si\u0119 do akcji Zero Waste. Co to takiego?? To dawanie rzeczom drugiego \u017cycia.<\/div>\n<div>Ponowne u\u017cywanie produkt\u00f3w jest ekstra! Poza tym, fajnie nadawa\u0107 niekt\u00f3rym przedmiotom zupe\u0142nie nowe, inne znaczenie. Nie chodzi tu tylko o uzupe\u0142nianie butelki na wod\u0119 czy noszenie torby na zakupy.<\/div>\n<p>Upcykling jest bardzo modny i internet jest przepe\u0142niony pomys\u0142ami na wykorzystanie starych, wydawa\u0142oby si\u0119 zb\u0119dnych przedmiot\u00f3w do zrobienia czego\u015b super kreatywnego i cz\u0119sto pi\u0119knego.<\/p>\n<p>Nasz pierwszy krok do Zero Waste to &#8222;Gotuj\u0119 &#8211; nie marnuj\u0119&#8221;.<\/p>\n<\/div>\n<\/div>\n<div>\n<div>Marnujemy du\u017co jedzenia mimo, \u017ce z powodzeniem mogliby\u015bmy zrobi\u0107 z nich pyszne dania. Pomy\u015blmy, jak m\u0105drze robi\u0107 zakupy, planowa\u0107 jad\u0142ospis i przetwarza\u0107 resztki.<\/div>\n<div>Przyk\u0142adowe przypisy szukaj tu:<\/div>\n<p><a href=\"https:\/\/akademiasmaku.pl\/porada\/kuchnia-zero-waste-przepisy-na-dania-z-resztek,858\" rel=\"noopener noreferrer\" data-saferedirecturl=\"https:\/\/zasobygwp.pl\/redirect?sig=903a48220dbcda970991810dda4920a0812c85782eb74303e5ff39487b3d029b&amp;url=aHR0cHM6Ly9ha2FkZW1pYXNtYWt1LnBsL3BvcmFkYS9rdWNobmlhLXplcm8td2FzdGUtcHJ6ZXBpc3ktbmEtZGFuaWEtei1yZXN6dGVrLDg1OA==&amp;platform=desktop&amp;brand=wp\">https:\/\/akademiasmaku.pl\/porada\/kuchnia-zero-waste-przepisy-na-dania-z-resztek,858<\/a><\/div>\n<div><img loading=\"lazy\" decoding=\"async\" class=\"alignnone  wp-image-6963\" src=\"http:\/\/spp3.slawno.pl\/wp-content\/uploads\/2021\/04\/Nie-marnuj\u0119-551x1024.jpg\" alt=\"Zdj\u0119cie posi\u0142ku przygotowanego z resztek  warzyw, pieczywa itp.\" width=\"428\" height=\"795\" srcset=\"http:\/\/spp3.slawno.pl\/wp-content\/uploads\/2021\/04\/Nie-marnuj\u0119.jpg 551w, http:\/\/spp3.slawno.pl\/wp-content\/uploads\/2021\/04\/Nie-marnuj\u0119-161x300.jpg 161w\" sizes=\"(max-width: 428px) 100vw, 428px\" \/> <img loading=\"lazy\" decoding=\"async\" class=\"alignnone size-full wp-image-6964\" src=\"http:\/\/spp3.slawno.pl\/wp-content\/uploads\/2021\/04\/Nie-marnuj\u01191.jpg\" alt=\"Zdj\u0119cie posi\u0142ku przygotowanego z resztek  warzyw, pieczywa itp.\" width=\"461\" height=\"615\" srcset=\"http:\/\/spp3.slawno.pl\/wp-content\/uploads\/2021\/04\/Nie-marnuj\u01191.jpg 461w, http:\/\/spp3.slawno.pl\/wp-content\/uploads\/2021\/04\/Nie-marnuj\u01191-225x300.jpg 225w\" sizes=\"(max-width: 461px) 100vw, 461px\" \/> <img loading=\"lazy\" decoding=\"async\" class=\"alignnone size-full wp-image-6965\" src=\"http:\/\/spp3.slawno.pl\/wp-content\/uploads\/2021\/04\/Nie-marnuj\u01192.jpg\" alt=\"Zdj\u0119cie posi\u0142ku przygotowanego z resztek  warzyw, pieczywa itp.\" width=\"461\" height=\"615\" srcset=\"http:\/\/spp3.slawno.pl\/wp-content\/uploads\/2021\/04\/Nie-marnuj\u01192.jpg 461w, http:\/\/spp3.slawno.pl\/wp-content\/uploads\/2021\/04\/Nie-marnuj\u01192-225x300.jpg 225w\" sizes=\"(max-width: 461px) 100vw, 461px\" \/> <img loading=\"lazy\" decoding=\"async\" class=\"alignnone  wp-image-6966\" src=\"http:\/\/spp3.slawno.pl\/wp-content\/uploads\/2021\/04\/Nie-marnuj\u01193.jpg\" alt=\"Zdj\u0119cie posi\u0142ku przygotowanego z resztek  warzyw, pieczywa itp.\" width=\"462\" height=\"616\" srcset=\"http:\/\/spp3.slawno.pl\/wp-content\/uploads\/2021\/04\/Nie-marnuj\u01193.jpg 569w, http:\/\/spp3.slawno.pl\/wp-content\/uploads\/2021\/04\/Nie-marnuj\u01193-225x300.jpg 225w\" sizes=\"(max-width: 462px) 100vw, 462px\" \/><\/div>\n","protected":false},"excerpt":{"rendered":"<div class=\"mh-excerpt\"><p>W nawi\u0105zaniu do \u015awiatowego Dnia Ziemi uczniowie klasy 7b w\u0142\u0105czyli si\u0119 do akcji Zero Waste. Co to takiego?? To dawanie rzeczom drugiego \u017cycia. Ponowne u\u017cywanie <a class=\"mh-excerpt-more\" href=\"http:\/\/spp3.slawno.pl\/?p=6962\" title=\"Zero Waste &#8211; klasa 7b\">[&#8230;]<\/a><\/p>\n<\/div>","protected":false},"author":2,"featured_media":6964,"comment_status":"closed","ping_status":"open","sticky":false,"template":"","format":"standard","meta":{"footnotes":""},"categories":[32,8],"tags":[],"class_list":["post-6962","post","type-post","status-publish","format-standard","has-post-thumbnail","hentry","category-akcje","category-wydarzenia"],"_links":{"self":[{"href":"http:\/\/spp3.slawno.pl\/index.php?rest_route=\/wp\/v2\/posts\/6962"}],"collection":[{"href":"http:\/\/spp3.slawno.pl\/index.php?rest_route=\/wp\/v2\/posts"}],"about":[{"href":"http:\/\/spp3.slawno.pl\/index.php?rest_route=\/wp\/v2\/types\/post"}],"author":[{"embeddable":true,"href":"http:\/\/spp3.slawno.pl\/index.php?rest_route=\/wp\/v2\/users\/2"}],"replies":[{"embeddable":true,"href":"http:\/\/spp3.slawno.pl\/index.php?rest_route=%2Fwp%2Fv2%2Fcomments&post=6962"}],"version-history":[{"count":1,"href":"http:\/\/spp3.slawno.pl\/index.php?rest_route=\/wp\/v2\/posts\/6962\/revisions"}],"predecessor-version":[{"id":6967,"href":"http:\/\/spp3.slawno.pl\/index.php?rest_route=\/wp\/v2\/posts\/6962\/revisions\/6967"}],"wp:featuredmedia":[{"embeddable":true,"href":"http:\/\/spp3.slawno.pl\/index.php?rest_route=\/wp\/v2\/media\/6964"}],"wp:attachment":[{"href":"http:\/\/spp3.slawno.pl\/index.php?rest_route=%2Fwp%2Fv2%2Fmedia&parent=6962"}],"wp:term":[{"taxonomy":"category","embeddable":true,"href":"http:\/\/spp3.slawno.pl\/index.php?rest_route=%2Fwp%2Fv2%2Fcategories&post=6962"},{"taxonomy":"post_tag","embeddable":true,"href":"http:\/\/spp3.slawno.pl\/index.php?rest_route=%2Fwp%2Fv2%2Ftags&post=6962"}],"curies":[{"name":"wp","href":"https:\/\/api.w.org\/{rel}","templated":true}]}}