{"id":6974,"date":"2021-04-23T18:31:11","date_gmt":"2021-04-23T16:31:11","guid":{"rendered":"http:\/\/spp3.slawno.pl\/?p=6974"},"modified":"2021-04-23T18:31:11","modified_gmt":"2021-04-23T16:31:11","slug":"swiatowy-dzien-ksiazki-4a-i-7d","status":"publish","type":"post","link":"http:\/\/spp3.slawno.pl\/?p=6974","title":{"rendered":"\u015awiatowy Dzie\u0144 Ksi\u0105\u017cki &#8211; 4a i 7d"},"content":{"rendered":"<p class=\"gwp0f89f5f3_gwpd2a00cc1_gwpd2a00cc1_gwp5fbd13bb_gwp54cb8195_p1\" dir=\"auto\"><span class=\"gwp0f89f5f3_colour\"><span class=\"gwp0f89f5f3_size\"><span class=\"gwp0f89f5f3_gwpd2a00cc1_gwpd2a00cc1_gwp5fbd13bb_gwp54cb8195_s1\">\u015awiatowy Dzie\u0144 Ksi\u0105\u017cki i Praw Autorskich obchodzimy 23 kwietnia w ponad 100 krajach na \u015awiecie.<\/span><\/span><\/span><\/p>\n<p class=\"gwp0f89f5f3_gwpd2a00cc1_gwpd2a00cc1_gwp5fbd13bb_gwp54cb8195_p1\"><span class=\"gwp0f89f5f3_colour\"><span class=\"gwp0f89f5f3_size\"><span class=\"gwp0f89f5f3_gwpd2a00cc1_gwpd2a00cc1_gwp5fbd13bb_gwp54cb8195_s1\">Jego celem jest promocja czytelnictwa, edytorstwa i ochrony w\u0142asno\u015bci intelektualnej za pomoc\u0105 praw autorskich. To \u015bwi\u0119to autor\u00f3w, ilustrator\u00f3w, wydawc\u00f3w ksi\u0105\u017cek i czytelnik\u00f3w.<\/span><\/span><\/span><\/p>\n<p class=\"gwp0f89f5f3_gwpd2a00cc1_gwpd2a00cc1_gwp5fbd13bb_gwp54cb8195_p1\"><span class=\"gwp0f89f5f3_colour\"><span class=\"gwp0f89f5f3_size\"><span class=\"gwp0f89f5f3_gwpd2a00cc1_gwpd2a00cc1_gwp5fbd13bb_gwp54cb8195_s1\">Data obchod\u00f3w tego \u015bwi\u0119ta zosta\u0142a wybrana ze wzgl\u0119du na symbolik\u0119 literatury \u015bwiatowej. Upami\u0119tnia m.in. \u015bmier\u0107 pisarzy Miguela de Cervantesa i Williama Szekspira.\u00a0<\/span><\/span><\/span><\/p>\n<p class=\"gwp0f89f5f3_gwpd2a00cc1_gwpd2a00cc1_gwp5fbd13bb_gwp54cb8195_p1\"><span class=\"gwp0f89f5f3_colour\"><span class=\"gwp0f89f5f3_size\"><span class=\"gwp0f89f5f3_gwpd2a00cc1_gwpd2a00cc1_gwp5fbd13bb_gwp54cb8195_s1\">Pomys\u0142 zorganizowania tego \u015bwi\u0119ta zrodzi\u0142 si\u0119 w Katalonii.\u00a0<\/span><\/span><\/span><\/p>\n<p class=\"gwp0f89f5f3_gwpd2a00cc1_gwpd2a00cc1_gwp5fbd13bb_gwp54cb8195_p1\"><span class=\"gwp0f89f5f3_colour\"><span class=\"gwp0f89f5f3_size\"><span class=\"gwp0f89f5f3_gwpd2a00cc1_gwpd2a00cc1_gwp5fbd13bb_gwp54cb8195_s1\">Dzie\u0144 23 kwietnia jest dniem patrona Katalonii- \u015bw. Jerzego.\u00a0<\/span><\/span><\/span><\/p>\n<p class=\"gwp0f89f5f3_gwpd2a00cc1_gwpd2a00cc1_gwp5fbd13bb_gwp54cb8195_p1\"><span class=\"gwp0f89f5f3_colour\"><span class=\"gwp0f89f5f3_size\"><span class=\"gwp0f89f5f3_gwpd2a00cc1_gwpd2a00cc1_gwp5fbd13bb_gwp54cb8195_s1\">Wed\u0142ug tradycji, w ten dzie\u0144 kobiety dostawa\u0142y od m\u0119\u017cczyzn czerwone r\u00f3\u017ce, kt\u00f3re symbolizowa\u0142y krew smoka pokonanego przez \u015bw. Jerzego. W celu odwzajemnienia tego gestu kobiety zacz\u0119\u0142y obdarowywa\u0107 m\u0119\u017cczyzn ksi\u0105\u017ckami.<\/span><\/span><\/span><\/p>\n<p class=\"gwp0f89f5f3_gwpd2a00cc1_gwpd2a00cc1_gwp5fbd13bb_gwp54cb8195_p1\"><span class=\"gwp0f89f5f3_colour\"><span class=\"gwp0f89f5f3_size\"><span class=\"gwp0f89f5f3_gwpd2a00cc1_gwpd2a00cc1_gwp5fbd13bb_gwp54cb8195_s1\">Dzie\u0144 ksi\u0105\u017cki jest \u015bwi\u0119tem oficjalnie obchodzonym od 1930r. Pierwsz\u0105 stolic\u0105 ksi\u0105\u017cki wybran\u0105 przez UNESCO zosta\u0142 Madryt. Tytu\u0142 ten przyznawany jest co roku przez t\u0119 organizacj\u0119. W Polsce tytu\u0142 ten otrzyma\u0142 Wroc\u0142aw w 2016 roku.\u00a0<span class=\"gwp0f89f5f3_gwpd2a00cc1_gwpd2a00cc1_gwp5fbd13bb_gwp54cb8195_Apple-converted-space\">\u00a0<\/span>Stanowi on wyr\u00f3\u017cnienie dla danego miasta. Warunkiem przyznania takiego tytu\u0142u jest najlepiej przygotowany program promuj\u0105cy ksi\u0105\u017cki i czytelnictwo.<\/span><\/span><\/span><\/p>\n<div><\/div>\n<div><span class=\"gwp0f89f5f3_colour\"><span class=\"gwp0f89f5f3_size\"><span class=\"gwp0f89f5f3_gwpd2a00cc1_gwpd2a00cc1_gwp5fbd13bb_gwp54cb8195_s1\">W ramach obchod\u00f3w dzieci z klasy 4a i 7d wykona\u0142y zak\u0142adki do ksi\u0105\u017cek.<\/span><\/span><\/span><\/div>\n<div><img loading=\"lazy\" decoding=\"async\" class=\"alignnone size-full wp-image-6976\" src=\"http:\/\/spp3.slawno.pl\/wp-content\/uploads\/2021\/04\/Hanna_Wroniszewska1.jpg\" alt=\"zak\u0142adka do ksia\u017cki\" width=\"504\" height=\"672\" srcset=\"http:\/\/spp3.slawno.pl\/wp-content\/uploads\/2021\/04\/Hanna_Wroniszewska1.jpg 504w, http:\/\/spp3.slawno.pl\/wp-content\/uploads\/2021\/04\/Hanna_Wroniszewska1-225x300.jpg 225w\" sizes=\"(max-width: 504px) 100vw, 504px\" \/> <img loading=\"lazy\" decoding=\"async\" class=\"alignnone  wp-image-6977\" src=\"http:\/\/spp3.slawno.pl\/wp-content\/uploads\/2021\/04\/Jakub_Ruci\u0144ski1-510x1024.jpg\" alt=\"zak\u0142adka do ksia\u017cki\" width=\"334\" height=\"670\" srcset=\"http:\/\/spp3.slawno.pl\/wp-content\/uploads\/2021\/04\/Jakub_Ruci\u0144ski1-510x1024.jpg 510w, http:\/\/spp3.slawno.pl\/wp-content\/uploads\/2021\/04\/Jakub_Ruci\u0144ski1-149x300.jpg 149w, http:\/\/spp3.slawno.pl\/wp-content\/uploads\/2021\/04\/Jakub_Ruci\u0144ski1.jpg 540w\" sizes=\"(max-width: 334px) 100vw, 334px\" \/> <img loading=\"lazy\" decoding=\"async\" class=\"alignnone size-full wp-image-6978\" src=\"http:\/\/spp3.slawno.pl\/wp-content\/uploads\/2021\/04\/Joanna_Mielewczyk-5.jpg\" alt=\"zak\u0142adka do ksia\u017cki\" width=\"540\" height=\"720\" srcset=\"http:\/\/spp3.slawno.pl\/wp-content\/uploads\/2021\/04\/Joanna_Mielewczyk-5.jpg 540w, http:\/\/spp3.slawno.pl\/wp-content\/uploads\/2021\/04\/Joanna_Mielewczyk-5-225x300.jpg 225w\" sizes=\"(max-width: 540px) 100vw, 540px\" \/> <img loading=\"lazy\" decoding=\"async\" class=\"alignnone size-full wp-image-6979\" src=\"http:\/\/spp3.slawno.pl\/wp-content\/uploads\/2021\/04\/Laura_\u017buchowska1.jpg\" alt=\"zak\u0142adka do ksia\u017cki\" width=\"545\" height=\"726\" srcset=\"http:\/\/spp3.slawno.pl\/wp-content\/uploads\/2021\/04\/Laura_\u017buchowska1.jpg 545w, http:\/\/spp3.slawno.pl\/wp-content\/uploads\/2021\/04\/Laura_\u017buchowska1-225x300.jpg 225w\" sizes=\"(max-width: 545px) 100vw, 545px\" \/> <img loading=\"lazy\" decoding=\"async\" class=\"alignnone  wp-image-6980\" src=\"http:\/\/spp3.slawno.pl\/wp-content\/uploads\/2021\/04\/Natalia_Majchrzak2.jpg\" alt=\"zak\u0142adka do ksia\u017cki\" width=\"541\" height=\"721\" srcset=\"http:\/\/spp3.slawno.pl\/wp-content\/uploads\/2021\/04\/Natalia_Majchrzak2.jpg 554w, http:\/\/spp3.slawno.pl\/wp-content\/uploads\/2021\/04\/Natalia_Majchrzak2-225x300.jpg 225w\" sizes=\"(max-width: 541px) 100vw, 541px\" \/> <img loading=\"lazy\" decoding=\"async\" class=\"alignnone  wp-image-6981\" src=\"http:\/\/spp3.slawno.pl\/wp-content\/uploads\/2021\/04\/Natalia_Ma\u0144ka1.jpg\" alt=\"zak\u0142adka do ksia\u017cki\" width=\"543\" height=\"724\" srcset=\"http:\/\/spp3.slawno.pl\/wp-content\/uploads\/2021\/04\/Natalia_Ma\u0144ka1.jpg 490w, http:\/\/spp3.slawno.pl\/wp-content\/uploads\/2021\/04\/Natalia_Ma\u0144ka1-225x300.jpg 225w\" sizes=\"(max-width: 543px) 100vw, 543px\" \/> <img loading=\"lazy\" decoding=\"async\" class=\"alignnone size-large wp-image-6988\" src=\"http:\/\/spp3.slawno.pl\/wp-content\/uploads\/2021\/04\/Oskar_Szamocki-530x1024.jpeg\" alt=\"zak\u0142adka do ksia\u017cki\" width=\"530\" height=\"1024\" \/> <img loading=\"lazy\" decoding=\"async\" class=\"alignnone  wp-image-6987\" src=\"http:\/\/spp3.slawno.pl\/wp-content\/uploads\/2021\/04\/Zuzanna_Ha\u0142amuszka1.jpg\" alt=\"zak\u0142adka do ksia\u017cki\" width=\"462\" height=\"1025\" srcset=\"http:\/\/spp3.slawno.pl\/wp-content\/uploads\/2021\/04\/Zuzanna_Ha\u0142amuszka1.jpg 417w, http:\/\/spp3.slawno.pl\/wp-content\/uploads\/2021\/04\/Zuzanna_Ha\u0142amuszka1-135x300.jpg 135w\" sizes=\"(max-width: 462px) 100vw, 462px\" \/> <img loading=\"lazy\" decoding=\"async\" class=\"alignnone size-full wp-image-6986\" src=\"http:\/\/spp3.slawno.pl\/wp-content\/uploads\/2021\/04\/zak\u0142adka.png\" alt=\"zak\u0142adka do ksia\u017cki\" width=\"394\" height=\"760\" srcset=\"http:\/\/spp3.slawno.pl\/wp-content\/uploads\/2021\/04\/zak\u0142adka.png 394w, http:\/\/spp3.slawno.pl\/wp-content\/uploads\/2021\/04\/zak\u0142adka-156x300.png 156w\" sizes=\"(max-width: 394px) 100vw, 394px\" \/> <img loading=\"lazy\" decoding=\"async\" class=\"alignnone size-full wp-image-6985\" src=\"http:\/\/spp3.slawno.pl\/wp-content\/uploads\/2021\/04\/Oskar_Wili\u0144ski-5.jpg\" alt=\"zak\u0142adka do ksia\u017cki\" width=\"564\" height=\"753\" srcset=\"http:\/\/spp3.slawno.pl\/wp-content\/uploads\/2021\/04\/Oskar_Wili\u0144ski-5.jpg 564w, http:\/\/spp3.slawno.pl\/wp-content\/uploads\/2021\/04\/Oskar_Wili\u0144ski-5-225x300.jpg 225w\" sizes=\"(max-width: 564px) 100vw, 564px\" \/> <img loading=\"lazy\" decoding=\"async\" class=\"alignnone size-full wp-image-6983\" src=\"http:\/\/spp3.slawno.pl\/wp-content\/uploads\/2021\/04\/Nowosad-Dominik.png\" alt=\"zak\u0142adka do ksia\u017cki\" width=\"468\" height=\"1017\" srcset=\"http:\/\/spp3.slawno.pl\/wp-content\/uploads\/2021\/04\/Nowosad-Dominik.png 468w, http:\/\/spp3.slawno.pl\/wp-content\/uploads\/2021\/04\/Nowosad-Dominik-138x300.png 138w\" sizes=\"(max-width: 468px) 100vw, 468px\" \/> <img loading=\"lazy\" decoding=\"async\" class=\"alignnone  wp-image-6982\" src=\"http:\/\/spp3.slawno.pl\/wp-content\/uploads\/2021\/04\/Nikola_Zdral1.jpg\" alt=\"zak\u0142adka do ksia\u017cki\" width=\"534\" height=\"711\" srcset=\"http:\/\/spp3.slawno.pl\/wp-content\/uploads\/2021\/04\/Nikola_Zdral1.jpg 500w, http:\/\/spp3.slawno.pl\/wp-content\/uploads\/2021\/04\/Nikola_Zdral1-225x300.jpg 225w\" sizes=\"(max-width: 534px) 100vw, 534px\" \/><\/div>\n","protected":false},"excerpt":{"rendered":"<div class=\"mh-excerpt\"><p>\u015awiatowy Dzie\u0144 Ksi\u0105\u017cki i Praw Autorskich obchodzimy 23 kwietnia w ponad 100 krajach na \u015awiecie. Jego celem jest promocja czytelnictwa, edytorstwa i ochrony w\u0142asno\u015bci intelektualnej <a class=\"mh-excerpt-more\" href=\"http:\/\/spp3.slawno.pl\/?p=6974\" title=\"\u015awiatowy Dzie\u0144 Ksi\u0105\u017cki &#8211; 4a i 7d\">[&#8230;]<\/a><\/p>\n<\/div>","protected":false},"author":2,"featured_media":6977,"comment_status":"closed","ping_status":"open","sticky":false,"template":"","format":"standard","meta":{"footnotes":""},"categories":[32,8],"tags":[],"class_list":["post-6974","post","type-post","status-publish","format-standard","has-post-thumbnail","hentry","category-akcje","category-wydarzenia"],"_links":{"self":[{"href":"http:\/\/spp3.slawno.pl\/index.php?rest_route=\/wp\/v2\/posts\/6974"}],"collection":[{"href":"http:\/\/spp3.slawno.pl\/index.php?rest_route=\/wp\/v2\/posts"}],"about":[{"href":"http:\/\/spp3.slawno.pl\/index.php?rest_route=\/wp\/v2\/types\/post"}],"author":[{"embeddable":true,"href":"http:\/\/spp3.slawno.pl\/index.php?rest_route=\/wp\/v2\/users\/2"}],"replies":[{"embeddable":true,"href":"http:\/\/spp3.slawno.pl\/index.php?rest_route=%2Fwp%2Fv2%2Fcomments&post=6974"}],"version-history":[{"count":1,"href":"http:\/\/spp3.slawno.pl\/index.php?rest_route=\/wp\/v2\/posts\/6974\/revisions"}],"predecessor-version":[{"id":6989,"href":"http:\/\/spp3.slawno.pl\/index.php?rest_route=\/wp\/v2\/posts\/6974\/revisions\/6989"}],"wp:featuredmedia":[{"embeddable":true,"href":"http:\/\/spp3.slawno.pl\/index.php?rest_route=\/wp\/v2\/media\/6977"}],"wp:attachment":[{"href":"http:\/\/spp3.slawno.pl\/index.php?rest_route=%2Fwp%2Fv2%2Fmedia&parent=6974"}],"wp:term":[{"taxonomy":"category","embeddable":true,"href":"http:\/\/spp3.slawno.pl\/index.php?rest_route=%2Fwp%2Fv2%2Fcategories&post=6974"},{"taxonomy":"post_tag","embeddable":true,"href":"http:\/\/spp3.slawno.pl\/index.php?rest_route=%2Fwp%2Fv2%2Ftags&post=6974"}],"curies":[{"name":"wp","href":"https:\/\/api.w.org\/{rel}","templated":true}]}}