{"id":7023,"date":"2021-04-28T14:30:48","date_gmt":"2021-04-28T12:30:48","guid":{"rendered":"http:\/\/spp3.slawno.pl\/?p=7023"},"modified":"2021-05-30T18:09:52","modified_gmt":"2021-05-30T16:09:52","slug":"swieta-majowe-2","status":"publish","type":"post","link":"http:\/\/spp3.slawno.pl\/?p=7023","title":{"rendered":"\u015awi\u0119ta majowe"},"content":{"rendered":"<div>W zwi\u0105zku z pandemi\u0105 covid 19 i niemo\u017cliwo\u015bci\u0105 przedstawienia apelu tematycznego. uczniowie klasy IV B przygotowali ob prezentacj\u0119 z okazji zbli\u017caj\u0105cych si\u0119 \u015bwi\u0105t 1,2,3 maj.<\/div>\n<div>Zapraszamy do obejrzenia.<\/div>\n<div><a href=\"http:\/\/spp3.slawno.pl\/wp-content\/uploads\/2021\/04\/Majowe-\u015bwi\u0119ta.ppsx\">Majowe \u015bwi\u0119ta<\/a><\/div>\n<div><a href=\"https:\/\/drive.google.com\/file\/d\/1WmDB6MIXRWdB39WeeISw7mXuKTBM_E-b\/view?usp=sharing\"><img loading=\"lazy\" decoding=\"async\" class=\"alignnone size-large wp-image-7025\" src=\"http:\/\/spp3.slawno.pl\/wp-content\/uploads\/2021\/04\/Majowe-\u015bwi\u0119ta-1024x574.png\" alt=\"Slajd Majowe \u015bwi\u0119ta\" width=\"1024\" height=\"574\" srcset=\"http:\/\/spp3.slawno.pl\/wp-content\/uploads\/2021\/04\/Majowe-\u015bwi\u0119ta-1024x574.png 1024w, http:\/\/spp3.slawno.pl\/wp-content\/uploads\/2021\/04\/Majowe-\u015bwi\u0119ta-300x168.png 300w, http:\/\/spp3.slawno.pl\/wp-content\/uploads\/2021\/04\/Majowe-\u015bwi\u0119ta-768x431.png 768w, http:\/\/spp3.slawno.pl\/wp-content\/uploads\/2021\/04\/Majowe-\u015bwi\u0119ta-678x381.png 678w, http:\/\/spp3.slawno.pl\/wp-content\/uploads\/2021\/04\/Majowe-\u015bwi\u0119ta.png 1223w\" sizes=\"(max-width: 1024px) 100vw, 1024px\" \/><\/a><\/div>\n<div><\/div>\n","protected":false},"excerpt":{"rendered":"<div class=\"mh-excerpt\"><p>W zwi\u0105zku z pandemi\u0105 covid 19 i niemo\u017cliwo\u015bci\u0105 przedstawienia apelu tematycznego. uczniowie klasy IV B przygotowali ob prezentacj\u0119 z okazji zbli\u017caj\u0105cych si\u0119 \u015bwi\u0105t 1,2,3 maj. <a class=\"mh-excerpt-more\" href=\"http:\/\/spp3.slawno.pl\/?p=7023\" title=\"\u015awi\u0119ta majowe\">[&#8230;]<\/a><\/p>\n<\/div>","protected":false},"author":2,"featured_media":7025,"comment_status":"closed","ping_status":"open","sticky":false,"template":"","format":"standard","meta":{"footnotes":""},"categories":[32,8],"tags":[],"class_list":["post-7023","post","type-post","status-publish","format-standard","has-post-thumbnail","hentry","category-akcje","category-wydarzenia"],"_links":{"self":[{"href":"http:\/\/spp3.slawno.pl\/index.php?rest_route=\/wp\/v2\/posts\/7023"}],"collection":[{"href":"http:\/\/spp3.slawno.pl\/index.php?rest_route=\/wp\/v2\/posts"}],"about":[{"href":"http:\/\/spp3.slawno.pl\/index.php?rest_route=\/wp\/v2\/types\/post"}],"author":[{"embeddable":true,"href":"http:\/\/spp3.slawno.pl\/index.php?rest_route=\/wp\/v2\/users\/2"}],"replies":[{"embeddable":true,"href":"http:\/\/spp3.slawno.pl\/index.php?rest_route=%2Fwp%2Fv2%2Fcomments&post=7023"}],"version-history":[{"count":5,"href":"http:\/\/spp3.slawno.pl\/index.php?rest_route=\/wp\/v2\/posts\/7023\/revisions"}],"predecessor-version":[{"id":7030,"href":"http:\/\/spp3.slawno.pl\/index.php?rest_route=\/wp\/v2\/posts\/7023\/revisions\/7030"}],"wp:featuredmedia":[{"embeddable":true,"href":"http:\/\/spp3.slawno.pl\/index.php?rest_route=\/wp\/v2\/media\/7025"}],"wp:attachment":[{"href":"http:\/\/spp3.slawno.pl\/index.php?rest_route=%2Fwp%2Fv2%2Fmedia&parent=7023"}],"wp:term":[{"taxonomy":"category","embeddable":true,"href":"http:\/\/spp3.slawno.pl\/index.php?rest_route=%2Fwp%2Fv2%2Fcategories&post=7023"},{"taxonomy":"post_tag","embeddable":true,"href":"http:\/\/spp3.slawno.pl\/index.php?rest_route=%2Fwp%2Fv2%2Ftags&post=7023"}],"curies":[{"name":"wp","href":"https:\/\/api.w.org\/{rel}","templated":true}]}}