{"id":7080,"date":"2021-04-28T17:53:45","date_gmt":"2021-04-28T15:53:45","guid":{"rendered":"http:\/\/spp3.slawno.pl\/?p=7080"},"modified":"2021-04-28T17:53:45","modified_gmt":"2021-04-28T15:53:45","slug":"dzien-ziemi-7c","status":"publish","type":"post","link":"http:\/\/spp3.slawno.pl\/?p=7080","title":{"rendered":"Dzie\u0144 Ziemi &#8211; 7c"},"content":{"rendered":"<p>Klasa 7c 22 kwietnia obchodzi\u0142a Dzie\u0144 Ziemi. Uczniowie wykorzystali wiosenn\u0105 aur\u0119 i bez \u017calu odeszli od komputer\u00f3w!<\/p>\n<p><img loading=\"lazy\" decoding=\"async\" class=\"alignnone size-full wp-image-7081\" src=\"http:\/\/spp3.slawno.pl\/wp-content\/uploads\/2021\/04\/Dzie\u0144-Ziemi.jpg\" alt=\"Uczniowie z literami tworz\u0105cymi napis Dzie\u0144 Ziemi\" width=\"960\" height=\"720\" srcset=\"http:\/\/spp3.slawno.pl\/wp-content\/uploads\/2021\/04\/Dzie\u0144-Ziemi.jpg 960w, http:\/\/spp3.slawno.pl\/wp-content\/uploads\/2021\/04\/Dzie\u0144-Ziemi-300x225.jpg 300w, http:\/\/spp3.slawno.pl\/wp-content\/uploads\/2021\/04\/Dzie\u0144-Ziemi-768x576.jpg 768w, http:\/\/spp3.slawno.pl\/wp-content\/uploads\/2021\/04\/Dzie\u0144-Ziemi-678x509.jpg 678w, http:\/\/spp3.slawno.pl\/wp-content\/uploads\/2021\/04\/Dzie\u0144-Ziemi-326x245.jpg 326w, http:\/\/spp3.slawno.pl\/wp-content\/uploads\/2021\/04\/Dzie\u0144-Ziemi-80x60.jpg 80w\" sizes=\"(max-width: 960px) 100vw, 960px\" \/> <img loading=\"lazy\" decoding=\"async\" class=\"alignnone size-full wp-image-7082\" src=\"http:\/\/spp3.slawno.pl\/wp-content\/uploads\/2021\/04\/Dzie\u0144-Ziemi1.jpg\" alt=\"Uczniowie z literami tworz\u0105cymi napis Dzie\u0144 Ziemi\" width=\"960\" height=\"720\" srcset=\"http:\/\/spp3.slawno.pl\/wp-content\/uploads\/2021\/04\/Dzie\u0144-Ziemi1.jpg 960w, http:\/\/spp3.slawno.pl\/wp-content\/uploads\/2021\/04\/Dzie\u0144-Ziemi1-300x225.jpg 300w, http:\/\/spp3.slawno.pl\/wp-content\/uploads\/2021\/04\/Dzie\u0144-Ziemi1-768x576.jpg 768w, http:\/\/spp3.slawno.pl\/wp-content\/uploads\/2021\/04\/Dzie\u0144-Ziemi1-678x509.jpg 678w, http:\/\/spp3.slawno.pl\/wp-content\/uploads\/2021\/04\/Dzie\u0144-Ziemi1-326x245.jpg 326w, http:\/\/spp3.slawno.pl\/wp-content\/uploads\/2021\/04\/Dzie\u0144-Ziemi1-80x60.jpg 80w\" sizes=\"(max-width: 960px) 100vw, 960px\" \/> <img loading=\"lazy\" decoding=\"async\" class=\"alignnone size-full wp-image-7083\" src=\"http:\/\/spp3.slawno.pl\/wp-content\/uploads\/2021\/04\/Dzie\u0144-Ziemi2.jpg\" alt=\"Uczniowie z literami tworz\u0105cymi napis Dzie\u0144 Ziemi\" width=\"960\" height=\"720\" srcset=\"http:\/\/spp3.slawno.pl\/wp-content\/uploads\/2021\/04\/Dzie\u0144-Ziemi2.jpg 960w, http:\/\/spp3.slawno.pl\/wp-content\/uploads\/2021\/04\/Dzie\u0144-Ziemi2-300x225.jpg 300w, http:\/\/spp3.slawno.pl\/wp-content\/uploads\/2021\/04\/Dzie\u0144-Ziemi2-768x576.jpg 768w, http:\/\/spp3.slawno.pl\/wp-content\/uploads\/2021\/04\/Dzie\u0144-Ziemi2-678x509.jpg 678w, http:\/\/spp3.slawno.pl\/wp-content\/uploads\/2021\/04\/Dzie\u0144-Ziemi2-326x245.jpg 326w, http:\/\/spp3.slawno.pl\/wp-content\/uploads\/2021\/04\/Dzie\u0144-Ziemi2-80x60.jpg 80w\" sizes=\"(max-width: 960px) 100vw, 960px\" \/> <img loading=\"lazy\" decoding=\"async\" class=\"alignnone size-full wp-image-7084\" src=\"http:\/\/spp3.slawno.pl\/wp-content\/uploads\/2021\/04\/Dzie\u0144-Ziemi3.jpg\" alt=\"Uczniowie z literami tworz\u0105cymi napis Dzie\u0144 Ziemi\" width=\"960\" height=\"720\" srcset=\"http:\/\/spp3.slawno.pl\/wp-content\/uploads\/2021\/04\/Dzie\u0144-Ziemi3.jpg 960w, http:\/\/spp3.slawno.pl\/wp-content\/uploads\/2021\/04\/Dzie\u0144-Ziemi3-300x225.jpg 300w, http:\/\/spp3.slawno.pl\/wp-content\/uploads\/2021\/04\/Dzie\u0144-Ziemi3-768x576.jpg 768w, http:\/\/spp3.slawno.pl\/wp-content\/uploads\/2021\/04\/Dzie\u0144-Ziemi3-678x509.jpg 678w, http:\/\/spp3.slawno.pl\/wp-content\/uploads\/2021\/04\/Dzie\u0144-Ziemi3-326x245.jpg 326w, http:\/\/spp3.slawno.pl\/wp-content\/uploads\/2021\/04\/Dzie\u0144-Ziemi3-80x60.jpg 80w\" sizes=\"(max-width: 960px) 100vw, 960px\" \/> <img loading=\"lazy\" decoding=\"async\" class=\"alignnone size-full wp-image-7085\" src=\"http:\/\/spp3.slawno.pl\/wp-content\/uploads\/2021\/04\/Dzie\u0144-Ziemi4.jpg\" alt=\"Uczniowie z literami tworz\u0105cymi napis Dzie\u0144 Ziemi\" width=\"960\" height=\"720\" srcset=\"http:\/\/spp3.slawno.pl\/wp-content\/uploads\/2021\/04\/Dzie\u0144-Ziemi4.jpg 960w, http:\/\/spp3.slawno.pl\/wp-content\/uploads\/2021\/04\/Dzie\u0144-Ziemi4-300x225.jpg 300w, http:\/\/spp3.slawno.pl\/wp-content\/uploads\/2021\/04\/Dzie\u0144-Ziemi4-768x576.jpg 768w, http:\/\/spp3.slawno.pl\/wp-content\/uploads\/2021\/04\/Dzie\u0144-Ziemi4-678x509.jpg 678w, http:\/\/spp3.slawno.pl\/wp-content\/uploads\/2021\/04\/Dzie\u0144-Ziemi4-326x245.jpg 326w, http:\/\/spp3.slawno.pl\/wp-content\/uploads\/2021\/04\/Dzie\u0144-Ziemi4-80x60.jpg 80w\" sizes=\"(max-width: 960px) 100vw, 960px\" \/> <img loading=\"lazy\" decoding=\"async\" class=\"alignnone size-full wp-image-7086\" src=\"http:\/\/spp3.slawno.pl\/wp-content\/uploads\/2021\/04\/Dzie\u0144-Ziemi5.jpg\" alt=\"Uczniowie z literami tworz\u0105cymi napis Dzie\u0144 Ziemi\" width=\"960\" height=\"720\" srcset=\"http:\/\/spp3.slawno.pl\/wp-content\/uploads\/2021\/04\/Dzie\u0144-Ziemi5.jpg 960w, http:\/\/spp3.slawno.pl\/wp-content\/uploads\/2021\/04\/Dzie\u0144-Ziemi5-300x225.jpg 300w, http:\/\/spp3.slawno.pl\/wp-content\/uploads\/2021\/04\/Dzie\u0144-Ziemi5-768x576.jpg 768w, http:\/\/spp3.slawno.pl\/wp-content\/uploads\/2021\/04\/Dzie\u0144-Ziemi5-678x509.jpg 678w, http:\/\/spp3.slawno.pl\/wp-content\/uploads\/2021\/04\/Dzie\u0144-Ziemi5-326x245.jpg 326w, http:\/\/spp3.slawno.pl\/wp-content\/uploads\/2021\/04\/Dzie\u0144-Ziemi5-80x60.jpg 80w\" sizes=\"(max-width: 960px) 100vw, 960px\" \/> <img loading=\"lazy\" decoding=\"async\" class=\"alignnone size-full wp-image-7087\" src=\"http:\/\/spp3.slawno.pl\/wp-content\/uploads\/2021\/04\/Dzie\u0144-Ziemi6.jpg\" alt=\"Uczniowie z literami tworz\u0105cymi napis Dzie\u0144 Ziemi\" width=\"960\" height=\"720\" srcset=\"http:\/\/spp3.slawno.pl\/wp-content\/uploads\/2021\/04\/Dzie\u0144-Ziemi6.jpg 960w, http:\/\/spp3.slawno.pl\/wp-content\/uploads\/2021\/04\/Dzie\u0144-Ziemi6-300x225.jpg 300w, http:\/\/spp3.slawno.pl\/wp-content\/uploads\/2021\/04\/Dzie\u0144-Ziemi6-768x576.jpg 768w, http:\/\/spp3.slawno.pl\/wp-content\/uploads\/2021\/04\/Dzie\u0144-Ziemi6-678x509.jpg 678w, http:\/\/spp3.slawno.pl\/wp-content\/uploads\/2021\/04\/Dzie\u0144-Ziemi6-326x245.jpg 326w, http:\/\/spp3.slawno.pl\/wp-content\/uploads\/2021\/04\/Dzie\u0144-Ziemi6-80x60.jpg 80w\" sizes=\"(max-width: 960px) 100vw, 960px\" \/> <img loading=\"lazy\" decoding=\"async\" class=\"alignnone size-full wp-image-7088\" src=\"http:\/\/spp3.slawno.pl\/wp-content\/uploads\/2021\/04\/Dzie\u0144-Ziemi7.jpg\" alt=\"Uczniowie z literami tworz\u0105cymi napis Dzie\u0144 Ziemi\" width=\"960\" height=\"720\" srcset=\"http:\/\/spp3.slawno.pl\/wp-content\/uploads\/2021\/04\/Dzie\u0144-Ziemi7.jpg 960w, http:\/\/spp3.slawno.pl\/wp-content\/uploads\/2021\/04\/Dzie\u0144-Ziemi7-300x225.jpg 300w, http:\/\/spp3.slawno.pl\/wp-content\/uploads\/2021\/04\/Dzie\u0144-Ziemi7-768x576.jpg 768w, http:\/\/spp3.slawno.pl\/wp-content\/uploads\/2021\/04\/Dzie\u0144-Ziemi7-678x509.jpg 678w, http:\/\/spp3.slawno.pl\/wp-content\/uploads\/2021\/04\/Dzie\u0144-Ziemi7-326x245.jpg 326w, http:\/\/spp3.slawno.pl\/wp-content\/uploads\/2021\/04\/Dzie\u0144-Ziemi7-80x60.jpg 80w\" sizes=\"(max-width: 960px) 100vw, 960px\" \/> <img loading=\"lazy\" decoding=\"async\" class=\"alignnone size-full wp-image-7089\" src=\"http:\/\/spp3.slawno.pl\/wp-content\/uploads\/2021\/04\/Dzie\u0144-Ziemi8.jpg\" alt=\"Uczniowie z literami tworz\u0105cymi napis Dzie\u0144 Ziemi\" width=\"960\" height=\"720\" srcset=\"http:\/\/spp3.slawno.pl\/wp-content\/uploads\/2021\/04\/Dzie\u0144-Ziemi8.jpg 960w, http:\/\/spp3.slawno.pl\/wp-content\/uploads\/2021\/04\/Dzie\u0144-Ziemi8-300x225.jpg 300w, http:\/\/spp3.slawno.pl\/wp-content\/uploads\/2021\/04\/Dzie\u0144-Ziemi8-768x576.jpg 768w, http:\/\/spp3.slawno.pl\/wp-content\/uploads\/2021\/04\/Dzie\u0144-Ziemi8-678x509.jpg 678w, http:\/\/spp3.slawno.pl\/wp-content\/uploads\/2021\/04\/Dzie\u0144-Ziemi8-326x245.jpg 326w, http:\/\/spp3.slawno.pl\/wp-content\/uploads\/2021\/04\/Dzie\u0144-Ziemi8-80x60.jpg 80w\" sizes=\"(max-width: 960px) 100vw, 960px\" \/> <img loading=\"lazy\" decoding=\"async\" class=\"alignnone size-full wp-image-7090\" src=\"http:\/\/spp3.slawno.pl\/wp-content\/uploads\/2021\/04\/Dzie\u0144-Ziemi9.jpg\" alt=\"Uczniowie z literami tworz\u0105cymi napis Dzie\u0144 Ziemi\" width=\"960\" height=\"720\" srcset=\"http:\/\/spp3.slawno.pl\/wp-content\/uploads\/2021\/04\/Dzie\u0144-Ziemi9.jpg 960w, http:\/\/spp3.slawno.pl\/wp-content\/uploads\/2021\/04\/Dzie\u0144-Ziemi9-300x225.jpg 300w, http:\/\/spp3.slawno.pl\/wp-content\/uploads\/2021\/04\/Dzie\u0144-Ziemi9-768x576.jpg 768w, http:\/\/spp3.slawno.pl\/wp-content\/uploads\/2021\/04\/Dzie\u0144-Ziemi9-678x509.jpg 678w, http:\/\/spp3.slawno.pl\/wp-content\/uploads\/2021\/04\/Dzie\u0144-Ziemi9-326x245.jpg 326w, http:\/\/spp3.slawno.pl\/wp-content\/uploads\/2021\/04\/Dzie\u0144-Ziemi9-80x60.jpg 80w\" sizes=\"(max-width: 960px) 100vw, 960px\" \/> <img loading=\"lazy\" decoding=\"async\" class=\"alignnone size-full wp-image-7091\" src=\"http:\/\/spp3.slawno.pl\/wp-content\/uploads\/2021\/04\/Dzie\u0144-Ziemi10.jpg\" alt=\"Uczniowie z literami tworz\u0105cymi napis Dzie\u0144 Ziemi\" width=\"960\" height=\"720\" srcset=\"http:\/\/spp3.slawno.pl\/wp-content\/uploads\/2021\/04\/Dzie\u0144-Ziemi10.jpg 960w, http:\/\/spp3.slawno.pl\/wp-content\/uploads\/2021\/04\/Dzie\u0144-Ziemi10-300x225.jpg 300w, http:\/\/spp3.slawno.pl\/wp-content\/uploads\/2021\/04\/Dzie\u0144-Ziemi10-768x576.jpg 768w, http:\/\/spp3.slawno.pl\/wp-content\/uploads\/2021\/04\/Dzie\u0144-Ziemi10-678x509.jpg 678w, http:\/\/spp3.slawno.pl\/wp-content\/uploads\/2021\/04\/Dzie\u0144-Ziemi10-326x245.jpg 326w, http:\/\/spp3.slawno.pl\/wp-content\/uploads\/2021\/04\/Dzie\u0144-Ziemi10-80x60.jpg 80w\" sizes=\"(max-width: 960px) 100vw, 960px\" \/><\/p>\n","protected":false},"excerpt":{"rendered":"<div class=\"mh-excerpt\"><p>Klasa 7c 22 kwietnia obchodzi\u0142a Dzie\u0144 Ziemi. Uczniowie wykorzystali wiosenn\u0105 aur\u0119 i bez \u017calu odeszli od komputer\u00f3w!<\/p>\n<\/div>","protected":false},"author":2,"featured_media":7091,"comment_status":"closed","ping_status":"open","sticky":false,"template":"","format":"standard","meta":{"footnotes":""},"categories":[32,8],"tags":[],"class_list":["post-7080","post","type-post","status-publish","format-standard","has-post-thumbnail","hentry","category-akcje","category-wydarzenia"],"_links":{"self":[{"href":"http:\/\/spp3.slawno.pl\/index.php?rest_route=\/wp\/v2\/posts\/7080"}],"collection":[{"href":"http:\/\/spp3.slawno.pl\/index.php?rest_route=\/wp\/v2\/posts"}],"about":[{"href":"http:\/\/spp3.slawno.pl\/index.php?rest_route=\/wp\/v2\/types\/post"}],"author":[{"embeddable":true,"href":"http:\/\/spp3.slawno.pl\/index.php?rest_route=\/wp\/v2\/users\/2"}],"replies":[{"embeddable":true,"href":"http:\/\/spp3.slawno.pl\/index.php?rest_route=%2Fwp%2Fv2%2Fcomments&post=7080"}],"version-history":[{"count":1,"href":"http:\/\/spp3.slawno.pl\/index.php?rest_route=\/wp\/v2\/posts\/7080\/revisions"}],"predecessor-version":[{"id":7092,"href":"http:\/\/spp3.slawno.pl\/index.php?rest_route=\/wp\/v2\/posts\/7080\/revisions\/7092"}],"wp:featuredmedia":[{"embeddable":true,"href":"http:\/\/spp3.slawno.pl\/index.php?rest_route=\/wp\/v2\/media\/7091"}],"wp:attachment":[{"href":"http:\/\/spp3.slawno.pl\/index.php?rest_route=%2Fwp%2Fv2%2Fmedia&parent=7080"}],"wp:term":[{"taxonomy":"category","embeddable":true,"href":"http:\/\/spp3.slawno.pl\/index.php?rest_route=%2Fwp%2Fv2%2Fcategories&post=7080"},{"taxonomy":"post_tag","embeddable":true,"href":"http:\/\/spp3.slawno.pl\/index.php?rest_route=%2Fwp%2Fv2%2Ftags&post=7080"}],"curies":[{"name":"wp","href":"https:\/\/api.w.org\/{rel}","templated":true}]}}