{"id":7097,"date":"2021-04-28T19:35:47","date_gmt":"2021-04-28T17:35:47","guid":{"rendered":"http:\/\/spp3.slawno.pl\/?p=7097"},"modified":"2021-04-28T20:23:19","modified_gmt":"2021-04-28T18:23:19","slug":"liceum-ogolnoksztalcace-w-slawnie-zaprasza-osmoklasistow","status":"publish","type":"post","link":"http:\/\/spp3.slawno.pl\/?p=7097","title":{"rendered":"Liceum Og\u00f3lnokszta\u0142c\u0105ce w S\u0142awnie zaprasza \u00f3smoklasist\u00f3w"},"content":{"rendered":"<p><a href=\"https:\/\/slawnoliceum-my.sharepoint.com\/personal\/admin_liceumslawno_com\/_layouts\/15\/onedrive.aspx?id=%2Fpersonal%2Fadmin%5Fliceumslawno%5Fcom%2FDocuments%2FPrezentacje%202021%2FLO%2FPrezentacja%20LO%202021%2Emp4&amp;parent=%2Fpersonal%2Fadmin%5Fliceumslawno%5Fcom%2FDocuments%2FPrezentacje%202021%2FLO&amp;originalPath=aHR0cHM6Ly9zbGF3bm9saWNldW0tbXkuc2hhcmVwb2ludC5jb20vOnY6L2cvcGVyc29uYWwvYWRtaW5fbGljZXVtc2xhd25vX2NvbS9FZnAwODJfNGlZQk90ZjVoZUYxbW56a0JQNHNlOXNpYnlMbHJGaXZpQXl5c0N3P3J0aW1lPVB0dmhoV1lLMlVn\">I LO S\u0142awno<\/a><\/p>\n<p><a href=\"https:\/\/slawnoliceum-my.sharepoint.com\/personal\/admin_liceumslawno_com\/_layouts\/15\/onedrive.aspx?id=%2Fpersonal%2Fadmin%5Fliceumslawno%5Fcom%2FDocuments%2FPrezentacje%202021%2FLO%2FPrezentacja%20LO%202021%2Emp4&amp;parent=%2Fpersonal%2Fadmin%5Fliceumslawno%5Fcom%2FDocuments%2FPrezentacje%202021%2FLO&amp;originalPath=aHR0cHM6Ly9zbGF3bm9saWNldW0tbXkuc2hhcmVwb2ludC5jb20vOnY6L2cvcGVyc29uYWwvYWRtaW5fbGljZXVtc2xhd25vX2NvbS9FZnAwODJfNGlZQk90ZjVoZUYxbW56a0JQNHNlOXNpYnlMbHJGaXZpQXl5c0N3P3J0aW1lPVB0dmhoV1lLMlVn\"><img loading=\"lazy\" decoding=\"async\" class=\"alignnone size-full wp-image-7098\" src=\"http:\/\/spp3.slawno.pl\/wp-content\/uploads\/2021\/04\/LO.png\" alt=\"S\" width=\"801\" height=\"457\" srcset=\"http:\/\/spp3.slawno.pl\/wp-content\/uploads\/2021\/04\/LO.png 801w, http:\/\/spp3.slawno.pl\/wp-content\/uploads\/2021\/04\/LO-300x171.png 300w, http:\/\/spp3.slawno.pl\/wp-content\/uploads\/2021\/04\/LO-768x438.png 768w\" sizes=\"(max-width: 801px) 100vw, 801px\" \/><\/a><\/p>\n","protected":false},"excerpt":{"rendered":"<div class=\"mh-excerpt\"><p>I LO S\u0142awno<\/p>\n<\/div>","protected":false},"author":2,"featured_media":7098,"comment_status":"closed","ping_status":"open","sticky":false,"template":"","format":"standard","meta":{"footnotes":""},"categories":[8],"tags":[],"class_list":["post-7097","post","type-post","status-publish","format-standard","has-post-thumbnail","hentry","category-wydarzenia"],"_links":{"self":[{"href":"http:\/\/spp3.slawno.pl\/index.php?rest_route=\/wp\/v2\/posts\/7097"}],"collection":[{"href":"http:\/\/spp3.slawno.pl\/index.php?rest_route=\/wp\/v2\/posts"}],"about":[{"href":"http:\/\/spp3.slawno.pl\/index.php?rest_route=\/wp\/v2\/types\/post"}],"author":[{"embeddable":true,"href":"http:\/\/spp3.slawno.pl\/index.php?rest_route=\/wp\/v2\/users\/2"}],"replies":[{"embeddable":true,"href":"http:\/\/spp3.slawno.pl\/index.php?rest_route=%2Fwp%2Fv2%2Fcomments&post=7097"}],"version-history":[{"count":1,"href":"http:\/\/spp3.slawno.pl\/index.php?rest_route=\/wp\/v2\/posts\/7097\/revisions"}],"predecessor-version":[{"id":7099,"href":"http:\/\/spp3.slawno.pl\/index.php?rest_route=\/wp\/v2\/posts\/7097\/revisions\/7099"}],"wp:featuredmedia":[{"embeddable":true,"href":"http:\/\/spp3.slawno.pl\/index.php?rest_route=\/wp\/v2\/media\/7098"}],"wp:attachment":[{"href":"http:\/\/spp3.slawno.pl\/index.php?rest_route=%2Fwp%2Fv2%2Fmedia&parent=7097"}],"wp:term":[{"taxonomy":"category","embeddable":true,"href":"http:\/\/spp3.slawno.pl\/index.php?rest_route=%2Fwp%2Fv2%2Fcategories&post=7097"},{"taxonomy":"post_tag","embeddable":true,"href":"http:\/\/spp3.slawno.pl\/index.php?rest_route=%2Fwp%2Fv2%2Ftags&post=7097"}],"curies":[{"name":"wp","href":"https:\/\/api.w.org\/{rel}","templated":true}]}}