{"id":7137,"date":"2021-04-28T19:42:52","date_gmt":"2021-04-28T17:42:52","guid":{"rendered":"http:\/\/spp3.slawno.pl\/?p=7137"},"modified":"2021-04-28T19:42:52","modified_gmt":"2021-04-28T17:42:52","slug":"wazne-dni-w-maju-projekt-klasy-8d","status":"publish","type":"post","link":"http:\/\/spp3.slawno.pl\/?p=7137","title":{"rendered":"Wa\u017cne dni w maju projekt klasy 8d"},"content":{"rendered":"<p>Z okazji zbli\u017caj\u0105cych si\u0119 \u015bwi\u0105t majowych uczniowie klasy VIII d \u00a0przypominaj\u0105, co to za \u015bwi\u0119ta.<\/p>\n<p><img loading=\"lazy\" decoding=\"async\" class=\"alignnone size-full wp-image-7139\" src=\"http:\/\/spp3.slawno.pl\/wp-content\/uploads\/2021\/04\/1-2-3-Maj-.jpg\" alt=\"\" width=\"960\" height=\"540\" srcset=\"http:\/\/spp3.slawno.pl\/wp-content\/uploads\/2021\/04\/1-2-3-Maj-.jpg 960w, http:\/\/spp3.slawno.pl\/wp-content\/uploads\/2021\/04\/1-2-3-Maj--300x169.jpg 300w, http:\/\/spp3.slawno.pl\/wp-content\/uploads\/2021\/04\/1-2-3-Maj--768x432.jpg 768w, http:\/\/spp3.slawno.pl\/wp-content\/uploads\/2021\/04\/1-2-3-Maj--678x381.jpg 678w\" sizes=\"(max-width: 960px) 100vw, 960px\" \/><\/p>\n<p><img loading=\"lazy\" decoding=\"async\" class=\"alignnone size-full wp-image-7138\" src=\"http:\/\/spp3.slawno.pl\/wp-content\/uploads\/2021\/04\/1-1-1.jpg\" alt=\"\" width=\"960\" height=\"540\" srcset=\"http:\/\/spp3.slawno.pl\/wp-content\/uploads\/2021\/04\/1-1-1.jpg 960w, http:\/\/spp3.slawno.pl\/wp-content\/uploads\/2021\/04\/1-1-1-300x169.jpg 300w, http:\/\/spp3.slawno.pl\/wp-content\/uploads\/2021\/04\/1-1-1-768x432.jpg 768w, http:\/\/spp3.slawno.pl\/wp-content\/uploads\/2021\/04\/1-1-1-678x381.jpg 678w\" sizes=\"(max-width: 960px) 100vw, 960px\" \/> <img loading=\"lazy\" decoding=\"async\" class=\"alignnone size-large wp-image-7140\" src=\"http:\/\/spp3.slawno.pl\/wp-content\/uploads\/2021\/04\/2-maja.jpg\" alt=\"\" width=\"960\" height=\"540\" srcset=\"http:\/\/spp3.slawno.pl\/wp-content\/uploads\/2021\/04\/2-maja.jpg 960w, http:\/\/spp3.slawno.pl\/wp-content\/uploads\/2021\/04\/2-maja-300x169.jpg 300w, http:\/\/spp3.slawno.pl\/wp-content\/uploads\/2021\/04\/2-maja-768x432.jpg 768w, http:\/\/spp3.slawno.pl\/wp-content\/uploads\/2021\/04\/2-maja-678x381.jpg 678w\" sizes=\"(max-width: 960px) 100vw, 960px\" \/> <img loading=\"lazy\" decoding=\"async\" class=\"alignnone size-large wp-image-7141\" src=\"http:\/\/spp3.slawno.pl\/wp-content\/uploads\/2021\/04\/2a.jpg\" alt=\"\" width=\"960\" height=\"540\" srcset=\"http:\/\/spp3.slawno.pl\/wp-content\/uploads\/2021\/04\/2a.jpg 960w, http:\/\/spp3.slawno.pl\/wp-content\/uploads\/2021\/04\/2a-300x169.jpg 300w, http:\/\/spp3.slawno.pl\/wp-content\/uploads\/2021\/04\/2a-768x432.jpg 768w, http:\/\/spp3.slawno.pl\/wp-content\/uploads\/2021\/04\/2a-678x381.jpg 678w\" sizes=\"(max-width: 960px) 100vw, 960px\" \/> <img loading=\"lazy\" decoding=\"async\" class=\"alignnone size-large wp-image-7142\" src=\"http:\/\/spp3.slawno.pl\/wp-content\/uploads\/2021\/04\/2b.jpg\" alt=\"\" width=\"960\" height=\"540\" srcset=\"http:\/\/spp3.slawno.pl\/wp-content\/uploads\/2021\/04\/2b.jpg 960w, http:\/\/spp3.slawno.pl\/wp-content\/uploads\/2021\/04\/2b-300x169.jpg 300w, http:\/\/spp3.slawno.pl\/wp-content\/uploads\/2021\/04\/2b-768x432.jpg 768w, http:\/\/spp3.slawno.pl\/wp-content\/uploads\/2021\/04\/2b-678x381.jpg 678w\" sizes=\"(max-width: 960px) 100vw, 960px\" \/> <img loading=\"lazy\" decoding=\"async\" class=\"alignnone size-large wp-image-7143\" src=\"http:\/\/spp3.slawno.pl\/wp-content\/uploads\/2021\/04\/2c.jpg\" alt=\"\" width=\"960\" height=\"540\" srcset=\"http:\/\/spp3.slawno.pl\/wp-content\/uploads\/2021\/04\/2c.jpg 960w, http:\/\/spp3.slawno.pl\/wp-content\/uploads\/2021\/04\/2c-300x169.jpg 300w, http:\/\/spp3.slawno.pl\/wp-content\/uploads\/2021\/04\/2c-768x432.jpg 768w, http:\/\/spp3.slawno.pl\/wp-content\/uploads\/2021\/04\/2c-678x381.jpg 678w\" sizes=\"(max-width: 960px) 100vw, 960px\" \/> <img loading=\"lazy\" decoding=\"async\" class=\"alignnone size-large wp-image-7144\" src=\"http:\/\/spp3.slawno.pl\/wp-content\/uploads\/2021\/04\/3-1-1.jpg\" alt=\"\" width=\"960\" height=\"540\" srcset=\"http:\/\/spp3.slawno.pl\/wp-content\/uploads\/2021\/04\/3-1-1.jpg 960w, http:\/\/spp3.slawno.pl\/wp-content\/uploads\/2021\/04\/3-1-1-300x169.jpg 300w, http:\/\/spp3.slawno.pl\/wp-content\/uploads\/2021\/04\/3-1-1-768x432.jpg 768w, http:\/\/spp3.slawno.pl\/wp-content\/uploads\/2021\/04\/3-1-1-678x381.jpg 678w\" sizes=\"(max-width: 960px) 100vw, 960px\" \/> <img loading=\"lazy\" decoding=\"async\" class=\"alignnone size-large wp-image-7145\" src=\"http:\/\/spp3.slawno.pl\/wp-content\/uploads\/2021\/04\/3a.jpg\" alt=\"\" width=\"960\" height=\"540\" srcset=\"http:\/\/spp3.slawno.pl\/wp-content\/uploads\/2021\/04\/3a.jpg 960w, http:\/\/spp3.slawno.pl\/wp-content\/uploads\/2021\/04\/3a-300x169.jpg 300w, http:\/\/spp3.slawno.pl\/wp-content\/uploads\/2021\/04\/3a-768x432.jpg 768w, http:\/\/spp3.slawno.pl\/wp-content\/uploads\/2021\/04\/3a-678x381.jpg 678w\" sizes=\"(max-width: 960px) 100vw, 960px\" \/> <img loading=\"lazy\" decoding=\"async\" class=\"alignnone size-large wp-image-7146\" src=\"http:\/\/spp3.slawno.pl\/wp-content\/uploads\/2021\/04\/3b.jpg\" alt=\"\" width=\"960\" height=\"540\" srcset=\"http:\/\/spp3.slawno.pl\/wp-content\/uploads\/2021\/04\/3b.jpg 960w, http:\/\/spp3.slawno.pl\/wp-content\/uploads\/2021\/04\/3b-300x169.jpg 300w, http:\/\/spp3.slawno.pl\/wp-content\/uploads\/2021\/04\/3b-768x432.jpg 768w, http:\/\/spp3.slawno.pl\/wp-content\/uploads\/2021\/04\/3b-678x381.jpg 678w\" sizes=\"(max-width: 960px) 100vw, 960px\" \/><\/p>\n","protected":false},"excerpt":{"rendered":"<div class=\"mh-excerpt\"><p>Z okazji zbli\u017caj\u0105cych si\u0119 \u015bwi\u0105t majowych uczniowie klasy VIII d \u00a0przypominaj\u0105, co to za \u015bwi\u0119ta.<\/p>\n<\/div>","protected":false},"author":2,"featured_media":7139,"comment_status":"closed","ping_status":"open","sticky":false,"template":"","format":"standard","meta":{"footnotes":""},"categories":[8],"tags":[],"class_list":["post-7137","post","type-post","status-publish","format-standard","has-post-thumbnail","hentry","category-wydarzenia"],"_links":{"self":[{"href":"http:\/\/spp3.slawno.pl\/index.php?rest_route=\/wp\/v2\/posts\/7137"}],"collection":[{"href":"http:\/\/spp3.slawno.pl\/index.php?rest_route=\/wp\/v2\/posts"}],"about":[{"href":"http:\/\/spp3.slawno.pl\/index.php?rest_route=\/wp\/v2\/types\/post"}],"author":[{"embeddable":true,"href":"http:\/\/spp3.slawno.pl\/index.php?rest_route=\/wp\/v2\/users\/2"}],"replies":[{"embeddable":true,"href":"http:\/\/spp3.slawno.pl\/index.php?rest_route=%2Fwp%2Fv2%2Fcomments&post=7137"}],"version-history":[{"count":1,"href":"http:\/\/spp3.slawno.pl\/index.php?rest_route=\/wp\/v2\/posts\/7137\/revisions"}],"predecessor-version":[{"id":7147,"href":"http:\/\/spp3.slawno.pl\/index.php?rest_route=\/wp\/v2\/posts\/7137\/revisions\/7147"}],"wp:featuredmedia":[{"embeddable":true,"href":"http:\/\/spp3.slawno.pl\/index.php?rest_route=\/wp\/v2\/media\/7139"}],"wp:attachment":[{"href":"http:\/\/spp3.slawno.pl\/index.php?rest_route=%2Fwp%2Fv2%2Fmedia&parent=7137"}],"wp:term":[{"taxonomy":"category","embeddable":true,"href":"http:\/\/spp3.slawno.pl\/index.php?rest_route=%2Fwp%2Fv2%2Fcategories&post=7137"},{"taxonomy":"post_tag","embeddable":true,"href":"http:\/\/spp3.slawno.pl\/index.php?rest_route=%2Fwp%2Fv2%2Ftags&post=7137"}],"curies":[{"name":"wp","href":"https:\/\/api.w.org\/{rel}","templated":true}]}}