{"id":7148,"date":"2021-04-28T19:59:16","date_gmt":"2021-04-28T17:59:16","guid":{"rendered":"http:\/\/spp3.slawno.pl\/?p=7148"},"modified":"2021-04-28T19:59:22","modified_gmt":"2021-04-28T17:59:22","slug":"znam-polske-qwiz-i-obchody-swiat-majowych-w-2a","status":"publish","type":"post","link":"http:\/\/spp3.slawno.pl\/?p=7148","title":{"rendered":"&#8222;Znam Polsk\u0119&#8221; &#8211; qwiz i obchody \u015bwi\u0105t majowych w 2a"},"content":{"rendered":"<p>Z okazji nadchodz\u0105cych \u015bwi\u0105t 1-3 maja pani Ania przybli\u017cy\u0142a uczniom sens obchodzenia tego wa\u017cnego \u015bwi\u0119ta i przypomnia\u0142a o symbolach narodowych. Uczniowie s\u0142uchali z zaciekawieniem, czego dowodem by\u0142y bezb\u0142\u0119dne odpowiedzi z qwizu &#8222;Znam Polsk\u0119&#8221;. Uczniowie wykonali przepi\u0119kne dekoracje, a najwi\u0119kszym zainteresowaniem cieszy\u0142y si\u0119\u00a0 zabawy grupowe, gdzie zadaniem dzieci by\u0142o wyszukanie danego pa\u0144stwa na mapie \u015bwiata, odkodowanie zaszyfrowanych hase\u0142 czy u\u0142o\u017cenie z puzzli god\u0142a, czy mapy Polski. Na koniec wsp\u00f3lnie od\u015bpiewali\u015bmy hymn narodowy.<\/p>\n<p><img loading=\"lazy\" decoding=\"async\" class=\"alignnone size-full wp-image-7149\" src=\"http:\/\/spp3.slawno.pl\/wp-content\/uploads\/2021\/04\/maj\u00f3wka-2a.jpg\" alt=\"Dzieci \u015bwi\u0119tuj\u0105ce majowe \u015bwi\u0119ta\" width=\"653\" height=\"490\" srcset=\"http:\/\/spp3.slawno.pl\/wp-content\/uploads\/2021\/04\/maj\u00f3wka-2a.jpg 653w, http:\/\/spp3.slawno.pl\/wp-content\/uploads\/2021\/04\/maj\u00f3wka-2a-300x225.jpg 300w, http:\/\/spp3.slawno.pl\/wp-content\/uploads\/2021\/04\/maj\u00f3wka-2a-326x245.jpg 326w, http:\/\/spp3.slawno.pl\/wp-content\/uploads\/2021\/04\/maj\u00f3wka-2a-80x60.jpg 80w\" sizes=\"(max-width: 653px) 100vw, 653px\" \/> <img loading=\"lazy\" decoding=\"async\" class=\"alignnone size-full wp-image-7150\" src=\"http:\/\/spp3.slawno.pl\/wp-content\/uploads\/2021\/04\/maj\u00f3wka-2a1.jpg\" alt=\"Dzieci \u015bwi\u0119tuj\u0105ce majowe \u015bwi\u0119ta\" width=\"653\" height=\"490\" srcset=\"http:\/\/spp3.slawno.pl\/wp-content\/uploads\/2021\/04\/maj\u00f3wka-2a1.jpg 653w, http:\/\/spp3.slawno.pl\/wp-content\/uploads\/2021\/04\/maj\u00f3wka-2a1-300x225.jpg 300w, http:\/\/spp3.slawno.pl\/wp-content\/uploads\/2021\/04\/maj\u00f3wka-2a1-326x245.jpg 326w, http:\/\/spp3.slawno.pl\/wp-content\/uploads\/2021\/04\/maj\u00f3wka-2a1-80x60.jpg 80w\" sizes=\"(max-width: 653px) 100vw, 653px\" \/> <img loading=\"lazy\" decoding=\"async\" class=\"alignnone size-full wp-image-7151\" src=\"http:\/\/spp3.slawno.pl\/wp-content\/uploads\/2021\/04\/maj\u00f3wka-2a2.jpg\" alt=\"Dzieci \u015bwi\u0119tuj\u0105ce majowe \u015bwi\u0119ta\" width=\"653\" height=\"490\" srcset=\"http:\/\/spp3.slawno.pl\/wp-content\/uploads\/2021\/04\/maj\u00f3wka-2a2.jpg 653w, http:\/\/spp3.slawno.pl\/wp-content\/uploads\/2021\/04\/maj\u00f3wka-2a2-300x225.jpg 300w, http:\/\/spp3.slawno.pl\/wp-content\/uploads\/2021\/04\/maj\u00f3wka-2a2-326x245.jpg 326w, http:\/\/spp3.slawno.pl\/wp-content\/uploads\/2021\/04\/maj\u00f3wka-2a2-80x60.jpg 80w\" sizes=\"(max-width: 653px) 100vw, 653px\" \/> <img loading=\"lazy\" decoding=\"async\" class=\"alignnone size-full wp-image-7152\" src=\"http:\/\/spp3.slawno.pl\/wp-content\/uploads\/2021\/04\/maj\u00f3wka-2a3.jpg\" alt=\"Dzieci \u015bwi\u0119tuj\u0105ce majowe \u015bwi\u0119ta\" width=\"653\" height=\"490\" srcset=\"http:\/\/spp3.slawno.pl\/wp-content\/uploads\/2021\/04\/maj\u00f3wka-2a3.jpg 653w, http:\/\/spp3.slawno.pl\/wp-content\/uploads\/2021\/04\/maj\u00f3wka-2a3-300x225.jpg 300w, http:\/\/spp3.slawno.pl\/wp-content\/uploads\/2021\/04\/maj\u00f3wka-2a3-326x245.jpg 326w, http:\/\/spp3.slawno.pl\/wp-content\/uploads\/2021\/04\/maj\u00f3wka-2a3-80x60.jpg 80w\" sizes=\"(max-width: 653px) 100vw, 653px\" \/> <img loading=\"lazy\" decoding=\"async\" class=\"alignnone size-full wp-image-7153\" src=\"http:\/\/spp3.slawno.pl\/wp-content\/uploads\/2021\/04\/maj\u00f3wka-2a4.jpg\" alt=\"Dzieci \u015bwi\u0119tuj\u0105ce majowe \u015bwi\u0119ta\" width=\"490\" height=\"653\" srcset=\"http:\/\/spp3.slawno.pl\/wp-content\/uploads\/2021\/04\/maj\u00f3wka-2a4.jpg 490w, http:\/\/spp3.slawno.pl\/wp-content\/uploads\/2021\/04\/maj\u00f3wka-2a4-225x300.jpg 225w\" sizes=\"(max-width: 490px) 100vw, 490px\" \/> <img loading=\"lazy\" decoding=\"async\" class=\"alignnone size-full wp-image-7154\" src=\"http:\/\/spp3.slawno.pl\/wp-content\/uploads\/2021\/04\/maj\u00f3wka-2a5.jpg\" alt=\"Dzieci \u015bwi\u0119tuj\u0105ce majowe \u015bwi\u0119ta\" width=\"653\" height=\"490\" srcset=\"http:\/\/spp3.slawno.pl\/wp-content\/uploads\/2021\/04\/maj\u00f3wka-2a5.jpg 653w, http:\/\/spp3.slawno.pl\/wp-content\/uploads\/2021\/04\/maj\u00f3wka-2a5-300x225.jpg 300w, http:\/\/spp3.slawno.pl\/wp-content\/uploads\/2021\/04\/maj\u00f3wka-2a5-326x245.jpg 326w, http:\/\/spp3.slawno.pl\/wp-content\/uploads\/2021\/04\/maj\u00f3wka-2a5-80x60.jpg 80w\" sizes=\"(max-width: 653px) 100vw, 653px\" \/> <img loading=\"lazy\" decoding=\"async\" class=\"alignnone size-full wp-image-7155\" src=\"http:\/\/spp3.slawno.pl\/wp-content\/uploads\/2021\/04\/maj\u00f3wka-2a6.jpg\" alt=\"Dzieci \u015bwi\u0119tuj\u0105ce majowe \u015bwi\u0119ta\" width=\"653\" height=\"490\" srcset=\"http:\/\/spp3.slawno.pl\/wp-content\/uploads\/2021\/04\/maj\u00f3wka-2a6.jpg 653w, http:\/\/spp3.slawno.pl\/wp-content\/uploads\/2021\/04\/maj\u00f3wka-2a6-300x225.jpg 300w, http:\/\/spp3.slawno.pl\/wp-content\/uploads\/2021\/04\/maj\u00f3wka-2a6-326x245.jpg 326w, http:\/\/spp3.slawno.pl\/wp-content\/uploads\/2021\/04\/maj\u00f3wka-2a6-80x60.jpg 80w\" sizes=\"(max-width: 653px) 100vw, 653px\" \/> <img loading=\"lazy\" decoding=\"async\" class=\"alignnone size-full wp-image-7156\" src=\"http:\/\/spp3.slawno.pl\/wp-content\/uploads\/2021\/04\/maj\u00f3wka-2a7.jpg\" alt=\"Dzieci \u015bwi\u0119tuj\u0105ce majowe \u015bwi\u0119ta\" width=\"653\" height=\"490\" srcset=\"http:\/\/spp3.slawno.pl\/wp-content\/uploads\/2021\/04\/maj\u00f3wka-2a7.jpg 653w, http:\/\/spp3.slawno.pl\/wp-content\/uploads\/2021\/04\/maj\u00f3wka-2a7-300x225.jpg 300w, http:\/\/spp3.slawno.pl\/wp-content\/uploads\/2021\/04\/maj\u00f3wka-2a7-326x245.jpg 326w, http:\/\/spp3.slawno.pl\/wp-content\/uploads\/2021\/04\/maj\u00f3wka-2a7-80x60.jpg 80w\" sizes=\"(max-width: 653px) 100vw, 653px\" \/> <img loading=\"lazy\" decoding=\"async\" class=\"alignnone size-full wp-image-7157\" src=\"http:\/\/spp3.slawno.pl\/wp-content\/uploads\/2021\/04\/maj\u00f3wka-2a8.jpg\" alt=\"Dzieci \u015bwi\u0119tuj\u0105ce majowe \u015bwi\u0119ta\" width=\"490\" height=\"653\" srcset=\"http:\/\/spp3.slawno.pl\/wp-content\/uploads\/2021\/04\/maj\u00f3wka-2a8.jpg 490w, http:\/\/spp3.slawno.pl\/wp-content\/uploads\/2021\/04\/maj\u00f3wka-2a8-225x300.jpg 225w\" sizes=\"(max-width: 490px) 100vw, 490px\" \/> <img loading=\"lazy\" decoding=\"async\" class=\"alignnone size-full wp-image-7158\" src=\"http:\/\/spp3.slawno.pl\/wp-content\/uploads\/2021\/04\/maj\u00f3wka-2a9.jpg\" alt=\"Dzieci \u015bwi\u0119tuj\u0105ce majowe \u015bwi\u0119ta\" width=\"490\" height=\"653\" srcset=\"http:\/\/spp3.slawno.pl\/wp-content\/uploads\/2021\/04\/maj\u00f3wka-2a9.jpg 490w, http:\/\/spp3.slawno.pl\/wp-content\/uploads\/2021\/04\/maj\u00f3wka-2a9-225x300.jpg 225w\" sizes=\"(max-width: 490px) 100vw, 490px\" \/><\/p>\n","protected":false},"excerpt":{"rendered":"<div class=\"mh-excerpt\"><p>Z okazji nadchodz\u0105cych \u015bwi\u0105t 1-3 maja pani Ania przybli\u017cy\u0142a uczniom sens obchodzenia tego wa\u017cnego \u015bwi\u0119ta i przypomnia\u0142a o symbolach narodowych. Uczniowie s\u0142uchali z zaciekawieniem, czego <a class=\"mh-excerpt-more\" href=\"http:\/\/spp3.slawno.pl\/?p=7148\" title=\"&#8222;Znam Polsk\u0119&#8221; &#8211; qwiz i obchody \u015bwi\u0105t majowych w 2a\">[&#8230;]<\/a><\/p>\n<\/div>","protected":false},"author":2,"featured_media":7153,"comment_status":"closed","ping_status":"open","sticky":false,"template":"","format":"standard","meta":{"footnotes":""},"categories":[8],"tags":[],"class_list":["post-7148","post","type-post","status-publish","format-standard","has-post-thumbnail","hentry","category-wydarzenia"],"_links":{"self":[{"href":"http:\/\/spp3.slawno.pl\/index.php?rest_route=\/wp\/v2\/posts\/7148"}],"collection":[{"href":"http:\/\/spp3.slawno.pl\/index.php?rest_route=\/wp\/v2\/posts"}],"about":[{"href":"http:\/\/spp3.slawno.pl\/index.php?rest_route=\/wp\/v2\/types\/post"}],"author":[{"embeddable":true,"href":"http:\/\/spp3.slawno.pl\/index.php?rest_route=\/wp\/v2\/users\/2"}],"replies":[{"embeddable":true,"href":"http:\/\/spp3.slawno.pl\/index.php?rest_route=%2Fwp%2Fv2%2Fcomments&post=7148"}],"version-history":[{"count":1,"href":"http:\/\/spp3.slawno.pl\/index.php?rest_route=\/wp\/v2\/posts\/7148\/revisions"}],"predecessor-version":[{"id":7159,"href":"http:\/\/spp3.slawno.pl\/index.php?rest_route=\/wp\/v2\/posts\/7148\/revisions\/7159"}],"wp:featuredmedia":[{"embeddable":true,"href":"http:\/\/spp3.slawno.pl\/index.php?rest_route=\/wp\/v2\/media\/7153"}],"wp:attachment":[{"href":"http:\/\/spp3.slawno.pl\/index.php?rest_route=%2Fwp%2Fv2%2Fmedia&parent=7148"}],"wp:term":[{"taxonomy":"category","embeddable":true,"href":"http:\/\/spp3.slawno.pl\/index.php?rest_route=%2Fwp%2Fv2%2Fcategories&post=7148"},{"taxonomy":"post_tag","embeddable":true,"href":"http:\/\/spp3.slawno.pl\/index.php?rest_route=%2Fwp%2Fv2%2Ftags&post=7148"}],"curies":[{"name":"wp","href":"https:\/\/api.w.org\/{rel}","templated":true}]}}