{"id":7166,"date":"2021-04-30T22:06:25","date_gmt":"2021-04-30T20:06:25","guid":{"rendered":"http:\/\/spp3.slawno.pl\/?p=7166"},"modified":"2021-04-30T22:06:25","modified_gmt":"2021-04-30T20:06:25","slug":"swieta-narodowe-w-2d","status":"publish","type":"post","link":"http:\/\/spp3.slawno.pl\/?p=7166","title":{"rendered":"\u015awi\u0119ta Narodowe w 2d"},"content":{"rendered":"<p>Uczniowie kl.2d w czasie zaj\u0119\u0107 na temat \u015awi\u0105t Narodowych.<\/p>\n<p><img loading=\"lazy\" decoding=\"async\" class=\"alignnone size-full wp-image-7167\" src=\"http:\/\/spp3.slawno.pl\/wp-content\/uploads\/2021\/04\/1-maja.jpg\" alt=\"Uczniowie podczas wykonywania prac zwi\u0105zanych z symbolami narodowymi\" width=\"922\" height=\"692\" srcset=\"http:\/\/spp3.slawno.pl\/wp-content\/uploads\/2021\/04\/1-maja.jpg 922w, http:\/\/spp3.slawno.pl\/wp-content\/uploads\/2021\/04\/1-maja-300x225.jpg 300w, http:\/\/spp3.slawno.pl\/wp-content\/uploads\/2021\/04\/1-maja-768x576.jpg 768w, http:\/\/spp3.slawno.pl\/wp-content\/uploads\/2021\/04\/1-maja-678x509.jpg 678w, http:\/\/spp3.slawno.pl\/wp-content\/uploads\/2021\/04\/1-maja-326x245.jpg 326w, http:\/\/spp3.slawno.pl\/wp-content\/uploads\/2021\/04\/1-maja-80x60.jpg 80w\" sizes=\"(max-width: 922px) 100vw, 922px\" \/> <img loading=\"lazy\" decoding=\"async\" class=\"alignnone size-full wp-image-7168\" src=\"http:\/\/spp3.slawno.pl\/wp-content\/uploads\/2021\/04\/1-maja1.jpg\" alt=\"Uczniowie podczas wykonywania prac zwi\u0105zanych z symbolami narodowymi\" width=\"692\" height=\"922\" srcset=\"http:\/\/spp3.slawno.pl\/wp-content\/uploads\/2021\/04\/1-maja1.jpg 692w, http:\/\/spp3.slawno.pl\/wp-content\/uploads\/2021\/04\/1-maja1-225x300.jpg 225w\" sizes=\"(max-width: 692px) 100vw, 692px\" \/> <img loading=\"lazy\" decoding=\"async\" class=\"alignnone size-full wp-image-7169\" src=\"http:\/\/spp3.slawno.pl\/wp-content\/uploads\/2021\/04\/1-maja2.jpg\" alt=\"Uczniowie podczas wykonywania prac zwi\u0105zanych z symbolami narodowymi\" width=\"922\" height=\"692\" srcset=\"http:\/\/spp3.slawno.pl\/wp-content\/uploads\/2021\/04\/1-maja2.jpg 922w, http:\/\/spp3.slawno.pl\/wp-content\/uploads\/2021\/04\/1-maja2-300x225.jpg 300w, http:\/\/spp3.slawno.pl\/wp-content\/uploads\/2021\/04\/1-maja2-768x576.jpg 768w, http:\/\/spp3.slawno.pl\/wp-content\/uploads\/2021\/04\/1-maja2-678x509.jpg 678w, http:\/\/spp3.slawno.pl\/wp-content\/uploads\/2021\/04\/1-maja2-326x245.jpg 326w, http:\/\/spp3.slawno.pl\/wp-content\/uploads\/2021\/04\/1-maja2-80x60.jpg 80w\" sizes=\"(max-width: 922px) 100vw, 922px\" \/> <img loading=\"lazy\" decoding=\"async\" class=\"alignnone size-full wp-image-7170\" src=\"http:\/\/spp3.slawno.pl\/wp-content\/uploads\/2021\/04\/1-maja3.jpg\" alt=\"Uczniowie podczas wykonywania prac zwi\u0105zanych z symbolami narodowymi\" width=\"922\" height=\"692\" srcset=\"http:\/\/spp3.slawno.pl\/wp-content\/uploads\/2021\/04\/1-maja3.jpg 922w, http:\/\/spp3.slawno.pl\/wp-content\/uploads\/2021\/04\/1-maja3-300x225.jpg 300w, http:\/\/spp3.slawno.pl\/wp-content\/uploads\/2021\/04\/1-maja3-768x576.jpg 768w, http:\/\/spp3.slawno.pl\/wp-content\/uploads\/2021\/04\/1-maja3-678x509.jpg 678w, http:\/\/spp3.slawno.pl\/wp-content\/uploads\/2021\/04\/1-maja3-326x245.jpg 326w, http:\/\/spp3.slawno.pl\/wp-content\/uploads\/2021\/04\/1-maja3-80x60.jpg 80w\" sizes=\"(max-width: 922px) 100vw, 922px\" \/> <img loading=\"lazy\" decoding=\"async\" class=\"alignnone size-full wp-image-7171\" src=\"http:\/\/spp3.slawno.pl\/wp-content\/uploads\/2021\/04\/1-maja4.jpg\" alt=\"Uczniowie podczas wykonywania prac zwi\u0105zanych z symbolami narodowymi\" width=\"922\" height=\"692\" srcset=\"http:\/\/spp3.slawno.pl\/wp-content\/uploads\/2021\/04\/1-maja4.jpg 922w, http:\/\/spp3.slawno.pl\/wp-content\/uploads\/2021\/04\/1-maja4-300x225.jpg 300w, http:\/\/spp3.slawno.pl\/wp-content\/uploads\/2021\/04\/1-maja4-768x576.jpg 768w, http:\/\/spp3.slawno.pl\/wp-content\/uploads\/2021\/04\/1-maja4-678x509.jpg 678w, http:\/\/spp3.slawno.pl\/wp-content\/uploads\/2021\/04\/1-maja4-326x245.jpg 326w, http:\/\/spp3.slawno.pl\/wp-content\/uploads\/2021\/04\/1-maja4-80x60.jpg 80w\" sizes=\"(max-width: 922px) 100vw, 922px\" \/> <img loading=\"lazy\" decoding=\"async\" class=\"alignnone size-full wp-image-7172\" src=\"http:\/\/spp3.slawno.pl\/wp-content\/uploads\/2021\/04\/1-maja5.jpg\" alt=\"Uczniowie podczas wykonywania prac zwi\u0105zanych z symbolami narodowymi\" width=\"922\" height=\"692\" srcset=\"http:\/\/spp3.slawno.pl\/wp-content\/uploads\/2021\/04\/1-maja5.jpg 922w, http:\/\/spp3.slawno.pl\/wp-content\/uploads\/2021\/04\/1-maja5-300x225.jpg 300w, http:\/\/spp3.slawno.pl\/wp-content\/uploads\/2021\/04\/1-maja5-768x576.jpg 768w, http:\/\/spp3.slawno.pl\/wp-content\/uploads\/2021\/04\/1-maja5-678x509.jpg 678w, http:\/\/spp3.slawno.pl\/wp-content\/uploads\/2021\/04\/1-maja5-326x245.jpg 326w, http:\/\/spp3.slawno.pl\/wp-content\/uploads\/2021\/04\/1-maja5-80x60.jpg 80w\" sizes=\"(max-width: 922px) 100vw, 922px\" \/> <img loading=\"lazy\" decoding=\"async\" class=\"alignnone size-full wp-image-7173\" src=\"http:\/\/spp3.slawno.pl\/wp-content\/uploads\/2021\/04\/1-maja6.jpg\" alt=\"Uczniowie podczas wykonywania prac zwi\u0105zanych z symbolami narodowymi\" width=\"692\" height=\"922\" srcset=\"http:\/\/spp3.slawno.pl\/wp-content\/uploads\/2021\/04\/1-maja6.jpg 692w, http:\/\/spp3.slawno.pl\/wp-content\/uploads\/2021\/04\/1-maja6-225x300.jpg 225w\" sizes=\"(max-width: 692px) 100vw, 692px\" \/> <img loading=\"lazy\" decoding=\"async\" class=\"alignnone size-full wp-image-7174\" src=\"http:\/\/spp3.slawno.pl\/wp-content\/uploads\/2021\/04\/1-maja7.jpg\" alt=\"Uczniowie podczas wykonywania prac zwi\u0105zanych z symbolami narodowymi\" width=\"922\" height=\"692\" srcset=\"http:\/\/spp3.slawno.pl\/wp-content\/uploads\/2021\/04\/1-maja7.jpg 922w, http:\/\/spp3.slawno.pl\/wp-content\/uploads\/2021\/04\/1-maja7-300x225.jpg 300w, http:\/\/spp3.slawno.pl\/wp-content\/uploads\/2021\/04\/1-maja7-768x576.jpg 768w, http:\/\/spp3.slawno.pl\/wp-content\/uploads\/2021\/04\/1-maja7-678x509.jpg 678w, http:\/\/spp3.slawno.pl\/wp-content\/uploads\/2021\/04\/1-maja7-326x245.jpg 326w, http:\/\/spp3.slawno.pl\/wp-content\/uploads\/2021\/04\/1-maja7-80x60.jpg 80w\" sizes=\"(max-width: 922px) 100vw, 922px\" \/> <img loading=\"lazy\" decoding=\"async\" class=\"alignnone size-full wp-image-7175\" src=\"http:\/\/spp3.slawno.pl\/wp-content\/uploads\/2021\/04\/1-maja8.jpg\" alt=\"Uczniowie podczas wykonywania prac zwi\u0105zanych z symbolami narodowymi\" width=\"922\" height=\"692\" srcset=\"http:\/\/spp3.slawno.pl\/wp-content\/uploads\/2021\/04\/1-maja8.jpg 922w, http:\/\/spp3.slawno.pl\/wp-content\/uploads\/2021\/04\/1-maja8-300x225.jpg 300w, http:\/\/spp3.slawno.pl\/wp-content\/uploads\/2021\/04\/1-maja8-768x576.jpg 768w, http:\/\/spp3.slawno.pl\/wp-content\/uploads\/2021\/04\/1-maja8-678x509.jpg 678w, http:\/\/spp3.slawno.pl\/wp-content\/uploads\/2021\/04\/1-maja8-326x245.jpg 326w, http:\/\/spp3.slawno.pl\/wp-content\/uploads\/2021\/04\/1-maja8-80x60.jpg 80w\" sizes=\"(max-width: 922px) 100vw, 922px\" \/><\/p>\n<p>&nbsp;<\/p>\n","protected":false},"excerpt":{"rendered":"<div class=\"mh-excerpt\"><p>Uczniowie kl.2d w czasie zaj\u0119\u0107 na temat \u015awi\u0105t Narodowych. &nbsp;<\/p>\n<\/div>","protected":false},"author":2,"featured_media":7169,"comment_status":"closed","ping_status":"open","sticky":false,"template":"","format":"standard","meta":{"footnotes":""},"categories":[8],"tags":[],"class_list":["post-7166","post","type-post","status-publish","format-standard","has-post-thumbnail","hentry","category-wydarzenia"],"_links":{"self":[{"href":"http:\/\/spp3.slawno.pl\/index.php?rest_route=\/wp\/v2\/posts\/7166"}],"collection":[{"href":"http:\/\/spp3.slawno.pl\/index.php?rest_route=\/wp\/v2\/posts"}],"about":[{"href":"http:\/\/spp3.slawno.pl\/index.php?rest_route=\/wp\/v2\/types\/post"}],"author":[{"embeddable":true,"href":"http:\/\/spp3.slawno.pl\/index.php?rest_route=\/wp\/v2\/users\/2"}],"replies":[{"embeddable":true,"href":"http:\/\/spp3.slawno.pl\/index.php?rest_route=%2Fwp%2Fv2%2Fcomments&post=7166"}],"version-history":[{"count":1,"href":"http:\/\/spp3.slawno.pl\/index.php?rest_route=\/wp\/v2\/posts\/7166\/revisions"}],"predecessor-version":[{"id":7176,"href":"http:\/\/spp3.slawno.pl\/index.php?rest_route=\/wp\/v2\/posts\/7166\/revisions\/7176"}],"wp:featuredmedia":[{"embeddable":true,"href":"http:\/\/spp3.slawno.pl\/index.php?rest_route=\/wp\/v2\/media\/7169"}],"wp:attachment":[{"href":"http:\/\/spp3.slawno.pl\/index.php?rest_route=%2Fwp%2Fv2%2Fmedia&parent=7166"}],"wp:term":[{"taxonomy":"category","embeddable":true,"href":"http:\/\/spp3.slawno.pl\/index.php?rest_route=%2Fwp%2Fv2%2Fcategories&post=7166"},{"taxonomy":"post_tag","embeddable":true,"href":"http:\/\/spp3.slawno.pl\/index.php?rest_route=%2Fwp%2Fv2%2Ftags&post=7166"}],"curies":[{"name":"wp","href":"https:\/\/api.w.org\/{rel}","templated":true}]}}