{"id":7177,"date":"2021-04-30T22:24:49","date_gmt":"2021-04-30T20:24:49","guid":{"rendered":"http:\/\/spp3.slawno.pl\/?p=7177"},"modified":"2021-04-30T22:49:54","modified_gmt":"2021-04-30T20:49:54","slug":"konstytucja-3-maja-klasa-7d","status":"publish","type":"post","link":"http:\/\/spp3.slawno.pl\/?p=7177","title":{"rendered":"Konstytucja 3-go maja &#8211; klasa 7d"},"content":{"rendered":"<p>Z okazji 230. rocznicy uchwalenia Konstytucji, uczniowie klasy 7d wykonali prezentacj\u0119, kt\u00f3ra opowiada o historii tego wydarzenia a swoj\u0105 starannie wykonan\u0105 prac\u0119 zaprezentowali na lekcjach historii w swojej klasie. Ponadto na wszystkich lekcjach przeprowadzono pogadank\u0119 dotycz\u0105c\u0105 tematu Konstytucji 3-go maja, kt\u00f3ra bardzo zainteresowa\u0142a i zach\u0119ci\u0142a uczni\u00f3w do dalszego poznawania historii najwa\u017cniejszego dokumentu pa\u0144stwowego.<\/p>\n<p><a href=\"https:\/\/drive.google.com\/file\/d\/1DCe2_6xjz5NST_ovztL40_gAOyAfT5Kv\/view?usp=sharing\">Link do prezentacji<\/a><\/p>\n<p>lub kliknij na zdj\u0119cie poni\u017cej.<\/p>\n<p><a href=\"https:\/\/drive.google.com\/file\/d\/1DCe2_6xjz5NST_ovztL40_gAOyAfT5Kv\/view?usp=sharing\"><img loading=\"lazy\" decoding=\"async\" class=\"alignnone size-full wp-image-7184\" src=\"http:\/\/spp3.slawno.pl\/wp-content\/uploads\/2021\/04\/3-maja-1.png\" alt=\"Baner z prezentacji 3 maja\" width=\"415\" height=\"235\" srcset=\"http:\/\/spp3.slawno.pl\/wp-content\/uploads\/2021\/04\/3-maja-1.png 415w, http:\/\/spp3.slawno.pl\/wp-content\/uploads\/2021\/04\/3-maja-1-300x170.png 300w\" sizes=\"(max-width: 415px) 100vw, 415px\" \/><\/a><\/p>\n","protected":false},"excerpt":{"rendered":"<div class=\"mh-excerpt\"><p>Z okazji 230. rocznicy uchwalenia Konstytucji, uczniowie klasy 7d wykonali prezentacj\u0119, kt\u00f3ra opowiada o historii tego wydarzenia a swoj\u0105 starannie wykonan\u0105 prac\u0119 zaprezentowali na lekcjach <a class=\"mh-excerpt-more\" href=\"http:\/\/spp3.slawno.pl\/?p=7177\" title=\"Konstytucja 3-go maja &#8211; klasa 7d\">[&#8230;]<\/a><\/p>\n<\/div>","protected":false},"author":2,"featured_media":7187,"comment_status":"closed","ping_status":"open","sticky":false,"template":"","format":"standard","meta":{"footnotes":""},"categories":[8],"tags":[],"class_list":["post-7177","post","type-post","status-publish","format-standard","has-post-thumbnail","hentry","category-wydarzenia"],"_links":{"self":[{"href":"http:\/\/spp3.slawno.pl\/index.php?rest_route=\/wp\/v2\/posts\/7177"}],"collection":[{"href":"http:\/\/spp3.slawno.pl\/index.php?rest_route=\/wp\/v2\/posts"}],"about":[{"href":"http:\/\/spp3.slawno.pl\/index.php?rest_route=\/wp\/v2\/types\/post"}],"author":[{"embeddable":true,"href":"http:\/\/spp3.slawno.pl\/index.php?rest_route=\/wp\/v2\/users\/2"}],"replies":[{"embeddable":true,"href":"http:\/\/spp3.slawno.pl\/index.php?rest_route=%2Fwp%2Fv2%2Fcomments&post=7177"}],"version-history":[{"count":5,"href":"http:\/\/spp3.slawno.pl\/index.php?rest_route=\/wp\/v2\/posts\/7177\/revisions"}],"predecessor-version":[{"id":7188,"href":"http:\/\/spp3.slawno.pl\/index.php?rest_route=\/wp\/v2\/posts\/7177\/revisions\/7188"}],"wp:featuredmedia":[{"embeddable":true,"href":"http:\/\/spp3.slawno.pl\/index.php?rest_route=\/wp\/v2\/media\/7187"}],"wp:attachment":[{"href":"http:\/\/spp3.slawno.pl\/index.php?rest_route=%2Fwp%2Fv2%2Fmedia&parent=7177"}],"wp:term":[{"taxonomy":"category","embeddable":true,"href":"http:\/\/spp3.slawno.pl\/index.php?rest_route=%2Fwp%2Fv2%2Fcategories&post=7177"},{"taxonomy":"post_tag","embeddable":true,"href":"http:\/\/spp3.slawno.pl\/index.php?rest_route=%2Fwp%2Fv2%2Ftags&post=7177"}],"curies":[{"name":"wp","href":"https:\/\/api.w.org\/{rel}","templated":true}]}}