{"id":7189,"date":"2021-05-02T16:19:17","date_gmt":"2021-05-02T14:19:17","guid":{"rendered":"http:\/\/spp3.slawno.pl\/?p=7189"},"modified":"2021-05-30T18:06:02","modified_gmt":"2021-05-30T16:06:02","slug":"dzien-flagi-rp-kl-5a","status":"publish","type":"post","link":"http:\/\/spp3.slawno.pl\/?p=7189","title":{"rendered":"Dzie\u0144 Flagi RP &#8211; kl 5a"},"content":{"rendered":"<p>2 maja -Dzie\u0144 Flagi Rzeczpospolitej Polskiej uczniowie klasy 5a uczcili przebieraj\u0105c si\u0119 w stroje w kolorach barw narodowych.<\/p>\n<p><img loading=\"lazy\" decoding=\"async\" class=\"alignnone size-large wp-image-7190\" src=\"http:\/\/spp3.slawno.pl\/wp-content\/uploads\/2021\/05\/5a-Oliwia-768x1024.jpg\" alt=\"Uczniowie w barwach narodowych\" width=\"768\" height=\"1024\" srcset=\"http:\/\/spp3.slawno.pl\/wp-content\/uploads\/2021\/05\/5a-Oliwia-768x1024.jpg 768w, http:\/\/spp3.slawno.pl\/wp-content\/uploads\/2021\/05\/5a-Oliwia-225x300.jpg 225w, http:\/\/spp3.slawno.pl\/wp-content\/uploads\/2021\/05\/5a-Oliwia.jpg 1200w\" sizes=\"(max-width: 768px) 100vw, 768px\" \/> <img loading=\"lazy\" decoding=\"async\" class=\"alignnone size-large wp-image-7191\" src=\"http:\/\/spp3.slawno.pl\/wp-content\/uploads\/2021\/05\/5a-Oliwia1-768x1024.jpg\" alt=\"Uczniowie w barwach narodowych\" width=\"768\" height=\"1024\" srcset=\"http:\/\/spp3.slawno.pl\/wp-content\/uploads\/2021\/05\/5a-Oliwia1-768x1024.jpg 768w, http:\/\/spp3.slawno.pl\/wp-content\/uploads\/2021\/05\/5a-Oliwia1-225x300.jpg 225w, http:\/\/spp3.slawno.pl\/wp-content\/uploads\/2021\/05\/5a-Oliwia1.jpg 1200w\" sizes=\"(max-width: 768px) 100vw, 768px\" \/> <img loading=\"lazy\" decoding=\"async\" class=\"alignnone size-large wp-image-7192\" src=\"http:\/\/spp3.slawno.pl\/wp-content\/uploads\/2021\/05\/Julia-561x1024.jpg\" alt=\"Uczniowie w barwach narodowych\" width=\"561\" height=\"1024\" srcset=\"http:\/\/spp3.slawno.pl\/wp-content\/uploads\/2021\/05\/Julia-561x1024.jpg 561w, http:\/\/spp3.slawno.pl\/wp-content\/uploads\/2021\/05\/Julia-164x300.jpg 164w, http:\/\/spp3.slawno.pl\/wp-content\/uploads\/2021\/05\/Julia-768x1402.jpg 768w, http:\/\/spp3.slawno.pl\/wp-content\/uploads\/2021\/05\/Julia.jpg 877w\" sizes=\"(max-width: 561px) 100vw, 561px\" \/> <img loading=\"lazy\" decoding=\"async\" class=\"alignnone size-large wp-image-7193\" src=\"http:\/\/spp3.slawno.pl\/wp-content\/uploads\/2021\/05\/Kuba-M-766x1024.jpg\" alt=\"Uczniowie w barwach narodowych\" width=\"766\" height=\"1024\" srcset=\"http:\/\/spp3.slawno.pl\/wp-content\/uploads\/2021\/05\/Kuba-M-766x1024.jpg 766w, http:\/\/spp3.slawno.pl\/wp-content\/uploads\/2021\/05\/Kuba-M-224x300.jpg 224w, http:\/\/spp3.slawno.pl\/wp-content\/uploads\/2021\/05\/Kuba-M-768x1027.jpg 768w, http:\/\/spp3.slawno.pl\/wp-content\/uploads\/2021\/05\/Kuba-M.jpg 1197w\" sizes=\"(max-width: 766px) 100vw, 766px\" \/> <img loading=\"lazy\" decoding=\"async\" class=\"alignnone size-full wp-image-7194\" src=\"http:\/\/spp3.slawno.pl\/wp-content\/uploads\/2021\/05\/Wiktor.jpg\" alt=\"Uczniowie w barwach narodowych\" width=\"605\" height=\"807\" srcset=\"http:\/\/spp3.slawno.pl\/wp-content\/uploads\/2021\/05\/Wiktor.jpg 605w, http:\/\/spp3.slawno.pl\/wp-content\/uploads\/2021\/05\/Wiktor-225x300.jpg 225w\" sizes=\"(max-width: 605px) 100vw, 605px\" \/><\/p>\n","protected":false},"excerpt":{"rendered":"<div class=\"mh-excerpt\"><p>2 maja -Dzie\u0144 Flagi Rzeczpospolitej Polskiej uczniowie klasy 5a uczcili przebieraj\u0105c si\u0119 w stroje w kolorach barw narodowych.<\/p>\n<\/div>","protected":false},"author":2,"featured_media":7194,"comment_status":"closed","ping_status":"open","sticky":false,"template":"","format":"standard","meta":{"footnotes":""},"categories":[32,8],"tags":[],"class_list":["post-7189","post","type-post","status-publish","format-standard","has-post-thumbnail","hentry","category-akcje","category-wydarzenia"],"_links":{"self":[{"href":"http:\/\/spp3.slawno.pl\/index.php?rest_route=\/wp\/v2\/posts\/7189"}],"collection":[{"href":"http:\/\/spp3.slawno.pl\/index.php?rest_route=\/wp\/v2\/posts"}],"about":[{"href":"http:\/\/spp3.slawno.pl\/index.php?rest_route=\/wp\/v2\/types\/post"}],"author":[{"embeddable":true,"href":"http:\/\/spp3.slawno.pl\/index.php?rest_route=\/wp\/v2\/users\/2"}],"replies":[{"embeddable":true,"href":"http:\/\/spp3.slawno.pl\/index.php?rest_route=%2Fwp%2Fv2%2Fcomments&post=7189"}],"version-history":[{"count":1,"href":"http:\/\/spp3.slawno.pl\/index.php?rest_route=\/wp\/v2\/posts\/7189\/revisions"}],"predecessor-version":[{"id":7195,"href":"http:\/\/spp3.slawno.pl\/index.php?rest_route=\/wp\/v2\/posts\/7189\/revisions\/7195"}],"wp:featuredmedia":[{"embeddable":true,"href":"http:\/\/spp3.slawno.pl\/index.php?rest_route=\/wp\/v2\/media\/7194"}],"wp:attachment":[{"href":"http:\/\/spp3.slawno.pl\/index.php?rest_route=%2Fwp%2Fv2%2Fmedia&parent=7189"}],"wp:term":[{"taxonomy":"category","embeddable":true,"href":"http:\/\/spp3.slawno.pl\/index.php?rest_route=%2Fwp%2Fv2%2Fcategories&post=7189"},{"taxonomy":"post_tag","embeddable":true,"href":"http:\/\/spp3.slawno.pl\/index.php?rest_route=%2Fwp%2Fv2%2Ftags&post=7189"}],"curies":[{"name":"wp","href":"https:\/\/api.w.org\/{rel}","templated":true}]}}