{"id":7222,"date":"2021-05-08T15:17:49","date_gmt":"2021-05-08T13:17:49","guid":{"rendered":"http:\/\/spp3.slawno.pl\/?p=7222"},"modified":"2021-05-08T15:17:49","modified_gmt":"2021-05-08T13:17:49","slug":"czyzby-wiosna-w-3-c","status":"publish","type":"post","link":"http:\/\/spp3.slawno.pl\/?p=7222","title":{"rendered":"Czy\u017cby wiosna w 3 c?"},"content":{"rendered":"<p><span class=\"pq6dq46d tbxw36s4 knj5qynh kvgmc6g5 ditlmg2l oygrvhab nvdbi5me sf5mxxl7 gl3lb2sf hhz5lgdu\"><img loading=\"lazy\" decoding=\"async\" src=\"https:\/\/static.xx.fbcdn.net\/images\/emoji.php\/v9\/t73\/1.5\/16\/1f33b.png\" alt=\"\ud83c\udf3b\" width=\"16\" height=\"16\" \/><\/span><span class=\"pq6dq46d tbxw36s4 knj5qynh kvgmc6g5 ditlmg2l oygrvhab nvdbi5me sf5mxxl7 gl3lb2sf hhz5lgdu\"><img loading=\"lazy\" decoding=\"async\" src=\"https:\/\/static.xx.fbcdn.net\/images\/emoji.php\/v9\/t73\/1.5\/16\/1f33b.png\" alt=\"\ud83c\udf3b\" width=\"16\" height=\"16\" \/><\/span><span class=\"pq6dq46d tbxw36s4 knj5qynh kvgmc6g5 ditlmg2l oygrvhab nvdbi5me sf5mxxl7 gl3lb2sf hhz5lgdu\"><img loading=\"lazy\" decoding=\"async\" src=\"https:\/\/static.xx.fbcdn.net\/images\/emoji.php\/v9\/t73\/1.5\/16\/1f33b.png\" alt=\"\ud83c\udf3b\" width=\"16\" height=\"16\" \/><\/span>\u00a0Przykica\u0142y do nas wiosenne jak\u017ce eleganckie zaj\u0105czki, przylecia\u0142y biedronki, zakwit\u0142y kwiaty, a my czekaj\u0105c na plony z klasowego ogr\u00f3dka korzystamy w mi\u0119dzyczasie ze s\u0142onecznej pogody <span class=\"pq6dq46d tbxw36s4 knj5qynh kvgmc6g5 ditlmg2l oygrvhab nvdbi5me sf5mxxl7 gl3lb2sf hhz5lgdu\"><img loading=\"lazy\" decoding=\"async\" src=\"https:\/\/static.xx.fbcdn.net\/images\/emoji.php\/v9\/t73\/1.5\/16\/1f33b.png\" alt=\"\ud83c\udf3b\" width=\"16\" height=\"16\" \/><\/span><span class=\"pq6dq46d tbxw36s4 knj5qynh kvgmc6g5 ditlmg2l oygrvhab nvdbi5me sf5mxxl7 gl3lb2sf hhz5lgdu\"><img loading=\"lazy\" decoding=\"async\" src=\"https:\/\/static.xx.fbcdn.net\/images\/emoji.php\/v9\/t73\/1.5\/16\/1f33b.png\" alt=\"\ud83c\udf3b\" width=\"16\" height=\"16\" \/><\/span><span class=\"pq6dq46d tbxw36s4 knj5qynh kvgmc6g5 ditlmg2l oygrvhab nvdbi5me sf5mxxl7 gl3lb2sf hhz5lgdu\"><img loading=\"lazy\" decoding=\"async\" src=\"https:\/\/static.xx.fbcdn.net\/images\/emoji.php\/v9\/t73\/1.5\/16\/1f33b.png\" alt=\"\ud83c\udf3b\" width=\"16\" height=\"16\" \/><\/span><\/p>\n<p><img loading=\"lazy\" decoding=\"async\" class=\"alignnone size-full wp-image-7223\" src=\"http:\/\/spp3.slawno.pl\/wp-content\/uploads\/2021\/05\/Wiosna.jpg\" alt=\"Prace wiosenne dzieci z 3c\" width=\"960\" height=\"720\" srcset=\"http:\/\/spp3.slawno.pl\/wp-content\/uploads\/2021\/05\/Wiosna.jpg 960w, http:\/\/spp3.slawno.pl\/wp-content\/uploads\/2021\/05\/Wiosna-300x225.jpg 300w, http:\/\/spp3.slawno.pl\/wp-content\/uploads\/2021\/05\/Wiosna-768x576.jpg 768w, http:\/\/spp3.slawno.pl\/wp-content\/uploads\/2021\/05\/Wiosna-678x509.jpg 678w, http:\/\/spp3.slawno.pl\/wp-content\/uploads\/2021\/05\/Wiosna-326x245.jpg 326w, http:\/\/spp3.slawno.pl\/wp-content\/uploads\/2021\/05\/Wiosna-80x60.jpg 80w\" sizes=\"(max-width: 960px) 100vw, 960px\" \/> <img loading=\"lazy\" decoding=\"async\" class=\"alignnone size-full wp-image-7224\" src=\"http:\/\/spp3.slawno.pl\/wp-content\/uploads\/2021\/05\/Wiosna1.jpg\" alt=\"Prace wiosenne dzieci z 3c\" width=\"960\" height=\"720\" srcset=\"http:\/\/spp3.slawno.pl\/wp-content\/uploads\/2021\/05\/Wiosna1.jpg 960w, http:\/\/spp3.slawno.pl\/wp-content\/uploads\/2021\/05\/Wiosna1-300x225.jpg 300w, http:\/\/spp3.slawno.pl\/wp-content\/uploads\/2021\/05\/Wiosna1-768x576.jpg 768w, http:\/\/spp3.slawno.pl\/wp-content\/uploads\/2021\/05\/Wiosna1-678x509.jpg 678w, http:\/\/spp3.slawno.pl\/wp-content\/uploads\/2021\/05\/Wiosna1-326x245.jpg 326w, http:\/\/spp3.slawno.pl\/wp-content\/uploads\/2021\/05\/Wiosna1-80x60.jpg 80w\" sizes=\"(max-width: 960px) 100vw, 960px\" \/> <img loading=\"lazy\" decoding=\"async\" class=\"alignnone size-full wp-image-7225\" src=\"http:\/\/spp3.slawno.pl\/wp-content\/uploads\/2021\/05\/Wiosna2.jpg\" alt=\"Prace wiosenne dzieci z 3c\" width=\"960\" height=\"720\" srcset=\"http:\/\/spp3.slawno.pl\/wp-content\/uploads\/2021\/05\/Wiosna2.jpg 960w, http:\/\/spp3.slawno.pl\/wp-content\/uploads\/2021\/05\/Wiosna2-300x225.jpg 300w, http:\/\/spp3.slawno.pl\/wp-content\/uploads\/2021\/05\/Wiosna2-768x576.jpg 768w, http:\/\/spp3.slawno.pl\/wp-content\/uploads\/2021\/05\/Wiosna2-678x509.jpg 678w, http:\/\/spp3.slawno.pl\/wp-content\/uploads\/2021\/05\/Wiosna2-326x245.jpg 326w, http:\/\/spp3.slawno.pl\/wp-content\/uploads\/2021\/05\/Wiosna2-80x60.jpg 80w\" sizes=\"(max-width: 960px) 100vw, 960px\" \/> <img loading=\"lazy\" decoding=\"async\" class=\"alignnone size-full wp-image-7226\" src=\"http:\/\/spp3.slawno.pl\/wp-content\/uploads\/2021\/05\/Wiosna3.jpg\" alt=\"Prace wiosenne dzieci z 3c\" width=\"960\" height=\"720\" srcset=\"http:\/\/spp3.slawno.pl\/wp-content\/uploads\/2021\/05\/Wiosna3.jpg 960w, http:\/\/spp3.slawno.pl\/wp-content\/uploads\/2021\/05\/Wiosna3-300x225.jpg 300w, http:\/\/spp3.slawno.pl\/wp-content\/uploads\/2021\/05\/Wiosna3-768x576.jpg 768w, http:\/\/spp3.slawno.pl\/wp-content\/uploads\/2021\/05\/Wiosna3-678x509.jpg 678w, http:\/\/spp3.slawno.pl\/wp-content\/uploads\/2021\/05\/Wiosna3-326x245.jpg 326w, http:\/\/spp3.slawno.pl\/wp-content\/uploads\/2021\/05\/Wiosna3-80x60.jpg 80w\" sizes=\"(max-width: 960px) 100vw, 960px\" \/> <img loading=\"lazy\" decoding=\"async\" class=\"alignnone size-full wp-image-7227\" src=\"http:\/\/spp3.slawno.pl\/wp-content\/uploads\/2021\/05\/Wiosna4.jpg\" alt=\"Prace wiosenne dzieci z 3c\" width=\"960\" height=\"720\" srcset=\"http:\/\/spp3.slawno.pl\/wp-content\/uploads\/2021\/05\/Wiosna4.jpg 960w, http:\/\/spp3.slawno.pl\/wp-content\/uploads\/2021\/05\/Wiosna4-300x225.jpg 300w, http:\/\/spp3.slawno.pl\/wp-content\/uploads\/2021\/05\/Wiosna4-768x576.jpg 768w, http:\/\/spp3.slawno.pl\/wp-content\/uploads\/2021\/05\/Wiosna4-678x509.jpg 678w, http:\/\/spp3.slawno.pl\/wp-content\/uploads\/2021\/05\/Wiosna4-326x245.jpg 326w, http:\/\/spp3.slawno.pl\/wp-content\/uploads\/2021\/05\/Wiosna4-80x60.jpg 80w\" sizes=\"(max-width: 960px) 100vw, 960px\" \/> <img loading=\"lazy\" decoding=\"async\" class=\"alignnone size-full wp-image-7228\" src=\"http:\/\/spp3.slawno.pl\/wp-content\/uploads\/2021\/05\/Wiosna5.jpg\" alt=\"Prace wiosenne dzieci z 3c\" width=\"720\" height=\"960\" srcset=\"http:\/\/spp3.slawno.pl\/wp-content\/uploads\/2021\/05\/Wiosna5.jpg 720w, http:\/\/spp3.slawno.pl\/wp-content\/uploads\/2021\/05\/Wiosna5-225x300.jpg 225w\" sizes=\"(max-width: 720px) 100vw, 720px\" \/> <img loading=\"lazy\" decoding=\"async\" class=\"alignnone size-full wp-image-7229\" src=\"http:\/\/spp3.slawno.pl\/wp-content\/uploads\/2021\/05\/Wiosna6.jpg\" alt=\"Prace wiosenne dzieci z 3c\" width=\"720\" height=\"960\" srcset=\"http:\/\/spp3.slawno.pl\/wp-content\/uploads\/2021\/05\/Wiosna6.jpg 720w, http:\/\/spp3.slawno.pl\/wp-content\/uploads\/2021\/05\/Wiosna6-225x300.jpg 225w\" sizes=\"(max-width: 720px) 100vw, 720px\" \/> <img loading=\"lazy\" decoding=\"async\" class=\"alignnone size-full wp-image-7230\" src=\"http:\/\/spp3.slawno.pl\/wp-content\/uploads\/2021\/05\/Wiosna7.jpg\" alt=\"Prace wiosenne dzieci z 3c\" width=\"720\" height=\"960\" srcset=\"http:\/\/spp3.slawno.pl\/wp-content\/uploads\/2021\/05\/Wiosna7.jpg 720w, http:\/\/spp3.slawno.pl\/wp-content\/uploads\/2021\/05\/Wiosna7-225x300.jpg 225w\" sizes=\"(max-width: 720px) 100vw, 720px\" \/> <img loading=\"lazy\" decoding=\"async\" class=\"alignnone size-full wp-image-7231\" src=\"http:\/\/spp3.slawno.pl\/wp-content\/uploads\/2021\/05\/Wiosna8.jpg\" alt=\"Prace wiosenne dzieci z 3c\" width=\"720\" height=\"960\" srcset=\"http:\/\/spp3.slawno.pl\/wp-content\/uploads\/2021\/05\/Wiosna8.jpg 720w, http:\/\/spp3.slawno.pl\/wp-content\/uploads\/2021\/05\/Wiosna8-225x300.jpg 225w\" sizes=\"(max-width: 720px) 100vw, 720px\" \/> <img loading=\"lazy\" decoding=\"async\" class=\"alignnone size-full wp-image-7232\" src=\"http:\/\/spp3.slawno.pl\/wp-content\/uploads\/2021\/05\/Wiosna9.jpg\" alt=\"Prace wiosenne dzieci z 3c\" width=\"960\" height=\"720\" srcset=\"http:\/\/spp3.slawno.pl\/wp-content\/uploads\/2021\/05\/Wiosna9.jpg 960w, http:\/\/spp3.slawno.pl\/wp-content\/uploads\/2021\/05\/Wiosna9-300x225.jpg 300w, http:\/\/spp3.slawno.pl\/wp-content\/uploads\/2021\/05\/Wiosna9-768x576.jpg 768w, http:\/\/spp3.slawno.pl\/wp-content\/uploads\/2021\/05\/Wiosna9-678x509.jpg 678w, http:\/\/spp3.slawno.pl\/wp-content\/uploads\/2021\/05\/Wiosna9-326x245.jpg 326w, http:\/\/spp3.slawno.pl\/wp-content\/uploads\/2021\/05\/Wiosna9-80x60.jpg 80w\" sizes=\"(max-width: 960px) 100vw, 960px\" \/> <img loading=\"lazy\" decoding=\"async\" class=\"alignnone size-full wp-image-7233\" src=\"http:\/\/spp3.slawno.pl\/wp-content\/uploads\/2021\/05\/Wiosna10.jpg\" alt=\"Prace wiosenne dzieci z 3c\" width=\"720\" height=\"960\" srcset=\"http:\/\/spp3.slawno.pl\/wp-content\/uploads\/2021\/05\/Wiosna10.jpg 720w, http:\/\/spp3.slawno.pl\/wp-content\/uploads\/2021\/05\/Wiosna10-225x300.jpg 225w\" sizes=\"(max-width: 720px) 100vw, 720px\" \/><\/p>\n","protected":false},"excerpt":{"rendered":"<div class=\"mh-excerpt\"><p>\u00a0Przykica\u0142y do nas wiosenne jak\u017ce eleganckie zaj\u0105czki, przylecia\u0142y biedronki, zakwit\u0142y kwiaty, a my czekaj\u0105c na plony z klasowego ogr\u00f3dka korzystamy w mi\u0119dzyczasie ze s\u0142onecznej pogody<\/p>\n<\/div>","protected":false},"author":2,"featured_media":7225,"comment_status":"closed","ping_status":"open","sticky":false,"template":"","format":"standard","meta":{"footnotes":""},"categories":[8],"tags":[],"class_list":["post-7222","post","type-post","status-publish","format-standard","has-post-thumbnail","hentry","category-wydarzenia"],"_links":{"self":[{"href":"http:\/\/spp3.slawno.pl\/index.php?rest_route=\/wp\/v2\/posts\/7222"}],"collection":[{"href":"http:\/\/spp3.slawno.pl\/index.php?rest_route=\/wp\/v2\/posts"}],"about":[{"href":"http:\/\/spp3.slawno.pl\/index.php?rest_route=\/wp\/v2\/types\/post"}],"author":[{"embeddable":true,"href":"http:\/\/spp3.slawno.pl\/index.php?rest_route=\/wp\/v2\/users\/2"}],"replies":[{"embeddable":true,"href":"http:\/\/spp3.slawno.pl\/index.php?rest_route=%2Fwp%2Fv2%2Fcomments&post=7222"}],"version-history":[{"count":1,"href":"http:\/\/spp3.slawno.pl\/index.php?rest_route=\/wp\/v2\/posts\/7222\/revisions"}],"predecessor-version":[{"id":7234,"href":"http:\/\/spp3.slawno.pl\/index.php?rest_route=\/wp\/v2\/posts\/7222\/revisions\/7234"}],"wp:featuredmedia":[{"embeddable":true,"href":"http:\/\/spp3.slawno.pl\/index.php?rest_route=\/wp\/v2\/media\/7225"}],"wp:attachment":[{"href":"http:\/\/spp3.slawno.pl\/index.php?rest_route=%2Fwp%2Fv2%2Fmedia&parent=7222"}],"wp:term":[{"taxonomy":"category","embeddable":true,"href":"http:\/\/spp3.slawno.pl\/index.php?rest_route=%2Fwp%2Fv2%2Fcategories&post=7222"},{"taxonomy":"post_tag","embeddable":true,"href":"http:\/\/spp3.slawno.pl\/index.php?rest_route=%2Fwp%2Fv2%2Ftags&post=7222"}],"curies":[{"name":"wp","href":"https:\/\/api.w.org\/{rel}","templated":true}]}}