{"id":7240,"date":"2021-05-08T15:32:39","date_gmt":"2021-05-08T13:32:39","guid":{"rendered":"http:\/\/spp3.slawno.pl\/?p=7240"},"modified":"2021-05-30T18:14:51","modified_gmt":"2021-05-30T16:14:51","slug":"dzisiaj-dzien-bilbliotekarza-i-bibliotek","status":"publish","type":"post","link":"http:\/\/spp3.slawno.pl\/?p=7240","title":{"rendered":"Dzisiaj Dzie\u0144 Bilbliotekarza i Bibliotek"},"content":{"rendered":"<p>Dzisiaj Dzie\u0144 Bilbliotekarza i Bibliotek <span class=\"pq6dq46d tbxw36s4 knj5qynh kvgmc6g5 ditlmg2l oygrvhab nvdbi5me sf5mxxl7 gl3lb2sf hhz5lgdu\"><img loading=\"lazy\" decoding=\"async\" src=\"https:\/\/static.xx.fbcdn.net\/images\/emoji.php\/v9\/t86\/1.5\/16\/1f3ac.png\" alt=\"\ud83c\udfac\" width=\"16\" height=\"16\" \/><\/span><span class=\"pq6dq46d tbxw36s4 knj5qynh kvgmc6g5 ditlmg2l oygrvhab nvdbi5me sf5mxxl7 gl3lb2sf hhz5lgdu\"><img loading=\"lazy\" decoding=\"async\" src=\"https:\/\/static.xx.fbcdn.net\/images\/emoji.php\/v9\/t86\/1.5\/16\/1f3ac.png\" alt=\"\ud83c\udfac\" width=\"16\" height=\"16\" \/><\/span><span class=\"pq6dq46d tbxw36s4 knj5qynh kvgmc6g5 ditlmg2l oygrvhab nvdbi5me sf5mxxl7 gl3lb2sf hhz5lgdu\"><img loading=\"lazy\" decoding=\"async\" src=\"https:\/\/static.xx.fbcdn.net\/images\/emoji.php\/v9\/ta2\/1.5\/16\/1f4da.png\" alt=\"\ud83d\udcda\" width=\"16\" height=\"16\" \/><\/span><span class=\"pq6dq46d tbxw36s4 knj5qynh kvgmc6g5 ditlmg2l oygrvhab nvdbi5me sf5mxxl7 gl3lb2sf hhz5lgdu\"><img loading=\"lazy\" decoding=\"async\" src=\"https:\/\/static.xx.fbcdn.net\/images\/emoji.php\/v9\/t7a\/1.5\/16\/1f4d9.png\" alt=\"\ud83d\udcd9\" width=\"16\" height=\"16\" \/><\/span><span class=\"pq6dq46d tbxw36s4 knj5qynh kvgmc6g5 ditlmg2l oygrvhab nvdbi5me sf5mxxl7 gl3lb2sf hhz5lgdu\"><img loading=\"lazy\" decoding=\"async\" src=\"https:\/\/static.xx.fbcdn.net\/images\/emoji.php\/v9\/tf5\/1.5\/16\/1f4d4.png\" alt=\"\ud83d\udcd4\" width=\"16\" height=\"16\" \/><\/span><span class=\"pq6dq46d tbxw36s4 knj5qynh kvgmc6g5 ditlmg2l oygrvhab nvdbi5me sf5mxxl7 gl3lb2sf hhz5lgdu\"><img loading=\"lazy\" decoding=\"async\" src=\"https:\/\/static.xx.fbcdn.net\/images\/emoji.php\/v9\/tf3\/1.5\/16\/1f4d2.png\" alt=\"\ud83d\udcd2\" width=\"16\" height=\"16\" \/><\/span><span class=\"pq6dq46d tbxw36s4 knj5qynh kvgmc6g5 ditlmg2l oygrvhab nvdbi5me sf5mxxl7 gl3lb2sf hhz5lgdu\"><img loading=\"lazy\" decoding=\"async\" src=\"https:\/\/static.xx.fbcdn.net\/images\/emoji.php\/v9\/t76\/1.5\/16\/1f4d5.png\" alt=\"\ud83d\udcd5\" width=\"16\" height=\"16\" \/><\/span><span class=\"pq6dq46d tbxw36s4 knj5qynh kvgmc6g5 ditlmg2l oygrvhab nvdbi5me sf5mxxl7 gl3lb2sf hhz5lgdu\"><img loading=\"lazy\" decoding=\"async\" src=\"https:\/\/static.xx.fbcdn.net\/images\/emoji.php\/v9\/t78\/1.5\/16\/1f4d7.png\" alt=\"\ud83d\udcd7\" width=\"16\" height=\"16\" \/><\/span><\/p>\n<p>Klikaj\u0105c w zdj\u0119cie obejrzysz film z \u017cyczeniami dla bibliotekarzy<\/p>\n<p><a href=\"https:\/\/www.facebook.com\/100057090535208\/videos\/480876750028163\"><img loading=\"lazy\" decoding=\"async\" class=\"alignnone size-full wp-image-7242\" src=\"http:\/\/spp3.slawno.pl\/wp-content\/uploads\/2021\/05\/\u017byczenia1.png\" alt=\"Uczennica sk\u0142ada \u017cyczenia bibliotekarzom\" width=\"805\" height=\"462\" srcset=\"http:\/\/spp3.slawno.pl\/wp-content\/uploads\/2021\/05\/\u017byczenia1.png 805w, http:\/\/spp3.slawno.pl\/wp-content\/uploads\/2021\/05\/\u017byczenia1-300x172.png 300w, http:\/\/spp3.slawno.pl\/wp-content\/uploads\/2021\/05\/\u017byczenia1-768x441.png 768w\" sizes=\"(max-width: 805px) 100vw, 805px\" \/><\/a><\/p>\n<p><a href=\"https:\/\/www.facebook.com\/100057090535208\/videos\/480876750028163\"><img loading=\"lazy\" decoding=\"async\" class=\"alignnone size-full wp-image-7241\" src=\"http:\/\/spp3.slawno.pl\/wp-content\/uploads\/2021\/05\/\u017byczenia.png\" alt=\"Uczennica sk\u0142ada \u017cyczenia bibliotekarzom\" width=\"801\" height=\"463\" srcset=\"http:\/\/spp3.slawno.pl\/wp-content\/uploads\/2021\/05\/\u017byczenia.png 801w, http:\/\/spp3.slawno.pl\/wp-content\/uploads\/2021\/05\/\u017byczenia-300x173.png 300w, http:\/\/spp3.slawno.pl\/wp-content\/uploads\/2021\/05\/\u017byczenia-768x444.png 768w\" sizes=\"(max-width: 801px) 100vw, 801px\" \/><\/a><\/p>\n","protected":false},"excerpt":{"rendered":"<div class=\"mh-excerpt\"><p>Dzisiaj Dzie\u0144 Bilbliotekarza i Bibliotek Klikaj\u0105c w zdj\u0119cie obejrzysz film z \u017cyczeniami dla bibliotekarzy<\/p>\n<\/div>","protected":false},"author":2,"featured_media":7241,"comment_status":"closed","ping_status":"open","sticky":false,"template":"","format":"standard","meta":{"footnotes":""},"categories":[32,8],"tags":[],"class_list":["post-7240","post","type-post","status-publish","format-standard","has-post-thumbnail","hentry","category-akcje","category-wydarzenia"],"_links":{"self":[{"href":"http:\/\/spp3.slawno.pl\/index.php?rest_route=\/wp\/v2\/posts\/7240"}],"collection":[{"href":"http:\/\/spp3.slawno.pl\/index.php?rest_route=\/wp\/v2\/posts"}],"about":[{"href":"http:\/\/spp3.slawno.pl\/index.php?rest_route=\/wp\/v2\/types\/post"}],"author":[{"embeddable":true,"href":"http:\/\/spp3.slawno.pl\/index.php?rest_route=\/wp\/v2\/users\/2"}],"replies":[{"embeddable":true,"href":"http:\/\/spp3.slawno.pl\/index.php?rest_route=%2Fwp%2Fv2%2Fcomments&post=7240"}],"version-history":[{"count":1,"href":"http:\/\/spp3.slawno.pl\/index.php?rest_route=\/wp\/v2\/posts\/7240\/revisions"}],"predecessor-version":[{"id":7243,"href":"http:\/\/spp3.slawno.pl\/index.php?rest_route=\/wp\/v2\/posts\/7240\/revisions\/7243"}],"wp:featuredmedia":[{"embeddable":true,"href":"http:\/\/spp3.slawno.pl\/index.php?rest_route=\/wp\/v2\/media\/7241"}],"wp:attachment":[{"href":"http:\/\/spp3.slawno.pl\/index.php?rest_route=%2Fwp%2Fv2%2Fmedia&parent=7240"}],"wp:term":[{"taxonomy":"category","embeddable":true,"href":"http:\/\/spp3.slawno.pl\/index.php?rest_route=%2Fwp%2Fv2%2Fcategories&post=7240"},{"taxonomy":"post_tag","embeddable":true,"href":"http:\/\/spp3.slawno.pl\/index.php?rest_route=%2Fwp%2Fv2%2Ftags&post=7240"}],"curies":[{"name":"wp","href":"https:\/\/api.w.org\/{rel}","templated":true}]}}