{"id":7252,"date":"2021-05-11T15:56:11","date_gmt":"2021-05-11T13:56:11","guid":{"rendered":"http:\/\/spp3.slawno.pl\/?p=7252"},"modified":"2021-05-30T18:14:28","modified_gmt":"2021-05-30T16:14:28","slug":"slynni-rodacy","status":"publish","type":"post","link":"http:\/\/spp3.slawno.pl\/?p=7252","title":{"rendered":"S\u0142ynni rodacy."},"content":{"rendered":"<p>Uczniowie klas 4-8 postanowili wcieli\u0107 si\u0119 w postacie s\u0142ynnych Polak\u00f3w? Czy poznajecie, za kogo si\u0119 przebrali? My, jako Polacy mo\u017cemy by\u0107 dumni z naszych rodak\u00f3w za ich dokonania w sferze muzycznej, historycznej, naukowej czy sportowej.<\/p>\n<p><img loading=\"lazy\" decoding=\"async\" class=\"alignnone wp-image-7256\" src=\"http:\/\/spp3.slawno.pl\/wp-content\/uploads\/2021\/05\/4.jpg\" alt=\"Uczniowie przebrani za s\u0142ynnych Polak\u00f3w\" width=\"586\" height=\"789\" srcset=\"http:\/\/spp3.slawno.pl\/wp-content\/uploads\/2021\/05\/4.jpg 528w, http:\/\/spp3.slawno.pl\/wp-content\/uploads\/2021\/05\/4-223x300.jpg 223w\" sizes=\"(max-width: 586px) 100vw, 586px\" \/><\/p>\n<p>Szymon jako Jacek Kaczmarski<\/p>\n<p><strong>Jacek Marcin Kaczmarski <\/strong>\u00a0\u2013 polski poeta, prozaik, kompozytor i piosenkarz, tw\u00f3rca tekst\u00f3w piosenek. Posta\u0107 powszechnie kojarzona\u00a0 z etosem pierwszej \u201e\u201dSolidarno\u015bci\u201d oraz stanem wojennym \u2013 okresem, kiedy jego liryka, rozpowszechniana w nieoficjalnych wydawnictwach, identyfikowana by\u0142a jako g\u0142os antykomunistycznej opozycji.<\/p>\n<p><img loading=\"lazy\" decoding=\"async\" class=\"alignnone wp-image-7253\" src=\"http:\/\/spp3.slawno.pl\/wp-content\/uploads\/2021\/05\/1.jpg\" alt=\"Uczniowie przebrani za s\u0142ynnych Polak\u00f3w\" width=\"585\" height=\"779\" srcset=\"http:\/\/spp3.slawno.pl\/wp-content\/uploads\/2021\/05\/1.jpg 620w, http:\/\/spp3.slawno.pl\/wp-content\/uploads\/2021\/05\/1-225x300.jpg 225w\" sizes=\"(max-width: 585px) 100vw, 585px\" \/><\/p>\n<p>Anastazja jak Paulina Dudek<\/p>\n<p><strong>Paulina Dudek<\/strong> &#8211; polska pi\u0142karka wyst\u0119puj\u0105ca na pozycji <a href=\"https:\/\/pl.wikipedia.org\/wiki\/Pomocnik_(pi\u0142ka_no\u017cna)\">pomocnika<\/a>. Na rozegranych w czerwcu 2013 roku Mistrzowstwach Europy do lat 17 pi\u0142karka zdoby\u0142a wraz z reprezentacja Polski U-17 z\u0142oty medal. \u00a0W seniorskiej reprezentacji zadebiutowa\u0142a 8 maja 2014 roku, w meczu przeciwko Wyspom Owczym, rozgrywanym w ramach eliminacji do Mistrzostw \u015awiata w Kanadzie.<\/p>\n<p><img loading=\"lazy\" decoding=\"async\" class=\"alignnone wp-image-7254\" src=\"http:\/\/spp3.slawno.pl\/wp-content\/uploads\/2021\/05\/2.jpg\" alt=\"Uczniowie przebrani za s\u0142ynnych Polak\u00f3w\" width=\"597\" height=\"888\" srcset=\"http:\/\/spp3.slawno.pl\/wp-content\/uploads\/2021\/05\/2.jpg 406w, http:\/\/spp3.slawno.pl\/wp-content\/uploads\/2021\/05\/2-202x300.jpg 202w\" sizes=\"(max-width: 597px) 100vw, 597px\" \/><\/p>\n<p>Miko\u0142aj jako J\u00f3zef Haller<\/p>\n<p><strong>J\u00f3zef Haller <\/strong>(1873- 1960) \u2013 genera\u0142 broni Wojska Polskiego, Naczelny Dow\u00f3dca wszystkich Wojsk Polskich, dzia\u0142acz polityczny i spo\u0142eczny, kawaler Order\u00f3w: Or\u0142a Bia\u0142ego i Virtuti Militari.<\/p>\n<p><img loading=\"lazy\" decoding=\"async\" class=\"alignnone size-full wp-image-7255\" src=\"http:\/\/spp3.slawno.pl\/wp-content\/uploads\/2021\/05\/3.jpg\" alt=\"Uczniowie przebrani za s\u0142ynnych Polak\u00f3w\" width=\"600\" height=\"800\" srcset=\"http:\/\/spp3.slawno.pl\/wp-content\/uploads\/2021\/05\/3.jpg 600w, http:\/\/spp3.slawno.pl\/wp-content\/uploads\/2021\/05\/3-225x300.jpg 225w\" sizes=\"(max-width: 600px) 100vw, 600px\" \/><\/p>\n<p>Anastazja jako Agnieszka Radwa\u0144ska<\/p>\n<p><strong>Agnieszka Radwa\u0144ska<\/strong> &#8211; polska tenisistka, finalistka Wimbledonu 2012, wiceliderka rankingu WTA, zwyci\u0119\u017cczyni ko\u0144cz\u0105cego sezon turnieju WTA Finals w 2015 roku, ambasador dobrej woli UNICEF.<\/p>\n<p><img loading=\"lazy\" decoding=\"async\" class=\"alignnone wp-image-7257\" src=\"http:\/\/spp3.slawno.pl\/wp-content\/uploads\/2021\/05\/5.jpg\" alt=\"Uczniowie przebrani za s\u0142ynnych Polak\u00f3w\" width=\"482\" height=\"1074\" srcset=\"http:\/\/spp3.slawno.pl\/wp-content\/uploads\/2021\/05\/5.jpg 359w, http:\/\/spp3.slawno.pl\/wp-content\/uploads\/2021\/05\/5-135x300.jpg 135w\" sizes=\"(max-width: 482px) 100vw, 482px\" \/><\/p>\n<p>Karolina jako Cleo<\/p>\n<p><strong>Cleo<\/strong> &#8211; polska piosenkarka i autorka tekst\u00f3w. Laureatka dw\u00f3ch Superjedynek i dw\u00f3ch nagr\u00f3d Eska Music Awards, zdobywczyni statuetek na festiwalach TOPtrendy , Lato Zet i Dw\u00f3jki <em>\u00a0<\/em>oraz Polasat SuperHit Festiwal.<\/p>\n<p>\u0179r\u00f3d\u0142o: https:\/\/pl.wikipedia.org\/<\/p>\n","protected":false},"excerpt":{"rendered":"<div class=\"mh-excerpt\"><p>Uczniowie klas 4-8 postanowili wcieli\u0107 si\u0119 w postacie s\u0142ynnych Polak\u00f3w? Czy poznajecie, za kogo si\u0119 przebrali? My, jako Polacy mo\u017cemy by\u0107 dumni z naszych rodak\u00f3w <a class=\"mh-excerpt-more\" href=\"http:\/\/spp3.slawno.pl\/?p=7252\" title=\"S\u0142ynni rodacy.\">[&#8230;]<\/a><\/p>\n<\/div>","protected":false},"author":2,"featured_media":7256,"comment_status":"closed","ping_status":"open","sticky":false,"template":"","format":"standard","meta":{"footnotes":""},"categories":[32,8],"tags":[],"class_list":["post-7252","post","type-post","status-publish","format-standard","has-post-thumbnail","hentry","category-akcje","category-wydarzenia"],"_links":{"self":[{"href":"http:\/\/spp3.slawno.pl\/index.php?rest_route=\/wp\/v2\/posts\/7252"}],"collection":[{"href":"http:\/\/spp3.slawno.pl\/index.php?rest_route=\/wp\/v2\/posts"}],"about":[{"href":"http:\/\/spp3.slawno.pl\/index.php?rest_route=\/wp\/v2\/types\/post"}],"author":[{"embeddable":true,"href":"http:\/\/spp3.slawno.pl\/index.php?rest_route=\/wp\/v2\/users\/2"}],"replies":[{"embeddable":true,"href":"http:\/\/spp3.slawno.pl\/index.php?rest_route=%2Fwp%2Fv2%2Fcomments&post=7252"}],"version-history":[{"count":2,"href":"http:\/\/spp3.slawno.pl\/index.php?rest_route=\/wp\/v2\/posts\/7252\/revisions"}],"predecessor-version":[{"id":7304,"href":"http:\/\/spp3.slawno.pl\/index.php?rest_route=\/wp\/v2\/posts\/7252\/revisions\/7304"}],"wp:featuredmedia":[{"embeddable":true,"href":"http:\/\/spp3.slawno.pl\/index.php?rest_route=\/wp\/v2\/media\/7256"}],"wp:attachment":[{"href":"http:\/\/spp3.slawno.pl\/index.php?rest_route=%2Fwp%2Fv2%2Fmedia&parent=7252"}],"wp:term":[{"taxonomy":"category","embeddable":true,"href":"http:\/\/spp3.slawno.pl\/index.php?rest_route=%2Fwp%2Fv2%2Fcategories&post=7252"},{"taxonomy":"post_tag","embeddable":true,"href":"http:\/\/spp3.slawno.pl\/index.php?rest_route=%2Fwp%2Fv2%2Ftags&post=7252"}],"curies":[{"name":"wp","href":"https:\/\/api.w.org\/{rel}","templated":true}]}}