{"id":7259,"date":"2021-05-11T18:38:45","date_gmt":"2021-05-11T16:38:45","guid":{"rendered":"http:\/\/spp3.slawno.pl\/?p=7259"},"modified":"2021-05-30T18:14:20","modified_gmt":"2021-05-30T16:14:20","slug":"unia-europejska-naszym-wspolnym-dobrem","status":"publish","type":"post","link":"http:\/\/spp3.slawno.pl\/?p=7259","title":{"rendered":"Unia Europejska naszym wsp\u00f3lnym dobrem"},"content":{"rendered":"<p>Z okazji przypadaj\u0105cego 9-go maja Dnia Unii Europejskiej, kt\u00f3ry upami\u0119tnia powstanie Planu Schumana, b\u0119d\u0105cego podwalin\u0105 Unii Europejskiej, uczniowie klas VIII wykonali zdj\u0119cia inwestycji unijnych znajduj\u0105cych si\u0119 w naszym mie\u015bcie. Ponadto podzielili si\u0119 swoimi spostrze\u017ceniami na temat tych przedsi\u0119wzi\u0119\u0107. Wszystkim uczestnikom bardzo dzi\u0119kuj\u0119 za zaanga\u017cowanie.<\/p>\n<p><img loading=\"lazy\" decoding=\"async\" class=\"alignnone  wp-image-7260\" src=\"http:\/\/spp3.slawno.pl\/wp-content\/uploads\/2021\/05\/Zdj..png\" alt=\"zdj\u0119cie ulicy\" width=\"557\" height=\"404\" srcset=\"http:\/\/spp3.slawno.pl\/wp-content\/uploads\/2021\/05\/Zdj..png 784w, http:\/\/spp3.slawno.pl\/wp-content\/uploads\/2021\/05\/Zdj.-300x218.png 300w, http:\/\/spp3.slawno.pl\/wp-content\/uploads\/2021\/05\/Zdj.-768x557.png 768w\" sizes=\"(max-width: 557px) 100vw, 557px\" \/><\/p>\n<p>Ulica Jana Paw\u0142a II w Warszkowie to oko\u0142o kilometrowa droga rozpoczynaj\u0105ca si\u0119 tu\u017c za s\u0142awie\u0144sk\u0105 ulic\u0105 D\u0119bow\u0105, biegn\u0105ca od przejazdu kolejowego do ko\u015bcio\u0142a pw. NMP Kr\u00f3lowej Polski. Przy niej po\u0142o\u017cony jest rodzinny dom mojego dziadka, w kt\u00f3rym w dzieci\u0144stwie wiele czasu sp\u0119dza\u0142a moja mama. W jej wspomnieniach ulica ta by\u0142a cz\u0119\u015bciowo poln\u0105, ubit\u0105 drog\u0105 pe\u0142n\u0105 dziur i kolein, a cz\u0119\u015bciowo wy\u0142o\u017con\u0105 kostk\u0105 brukow\u0105, kt\u00f3ra cz\u0119sto przysparza\u0142a k\u0142opot\u00f3w w przemieszczaniu si\u0119, szczeg\u00f3lnie w okresie deszczowym.<\/p>\n<p>Modernizacja ulicy wsp\u00f3\u0142finansowana ze \u015brodk\u00f3w Unii Europejskiej z pewno\u015bci\u0105 przyczyni\u0142a si\u0119 do poprawy codziennego jej u\u017cytkowania przez lokalnych mieszka\u0144c\u00f3w. Natomiast dla mnie ta cz\u0119\u015b\u0107 Warszkowa ma znaczenie sentymentalne oraz rekreacyjne. Bardzo cz\u0119sto z rodzin\u0105 wybieramy t\u0119 drog\u0119 podczas wsp\u00f3lnych wycieczek rowerowych, jad\u0105c na dzia\u0142k\u0119, odwiedzaj\u0105c rodzin\u0119 mieszkaj\u0105c\u0105 w Warszkowie lub zwiedzaj\u0105c najbli\u017csz\u0105 okolic\u0119.\u00a0 Nowa nawierzchnia sprawia, \u017ce jazda jest przyjemna i komfortowa. Cz\u0119sto zatrzymujemy si\u0119 przy zniszczonym i opustosza\u0142ym domu mojego dziadka i wtedy mama opowiada r\u00f3\u017cne zabawne historie i anegdoty ze swojego dzieci\u0144stwa, kt\u00f3re tu sp\u0119dza\u0142a \u2013 dlatego t\u0119 okolic\u0119 darz\u0119 szczeg\u00f3lnym sentymentem i ciesz\u0119 si\u0119, \u017ce przebudowa tej drogi sprawi\u0142a, \u017ce sta\u0142a si\u0119 estetyczna i funkcjonalna.<\/p>\n<p>Kornelia Smutek, kl. 8b<\/p>\n<p><img loading=\"lazy\" decoding=\"async\" class=\"alignnone size-full wp-image-7261\" src=\"http:\/\/spp3.slawno.pl\/wp-content\/uploads\/2021\/05\/Cichawa.png\" alt=\"\" width=\"683\" height=\"832\" srcset=\"http:\/\/spp3.slawno.pl\/wp-content\/uploads\/2021\/05\/Cichawa.png 683w, http:\/\/spp3.slawno.pl\/wp-content\/uploads\/2021\/05\/Cichawa-246x300.png 246w\" sizes=\"(max-width: 683px) 100vw, 683px\" \/><\/p>\n<p>Anastazja Cichawa<\/p>\n<p><img loading=\"lazy\" decoding=\"async\" class=\"alignnone size-full wp-image-7262\" src=\"http:\/\/spp3.slawno.pl\/wp-content\/uploads\/2021\/05\/zdj.1.png\" alt=\"zdjecie ucznia pod tablic\u0105 inwestycje z UE\" width=\"522\" height=\"766\" srcset=\"http:\/\/spp3.slawno.pl\/wp-content\/uploads\/2021\/05\/zdj.1.png 522w, http:\/\/spp3.slawno.pl\/wp-content\/uploads\/2021\/05\/zdj.1-204x300.png 204w\" sizes=\"(max-width: 522px) 100vw, 522px\" \/><\/p>\n<p><span style=\"font-family: 'Liberation Serif', serif;\"><span style=\"color: #000000;\"><span style=\"font-size: medium;\">Inwestycja obejm<\/span><\/span><span style=\"color: #000000;\"><span style=\"font-size: medium;\">owa\u0142a<\/span><\/span><span style=\"color: #000000;\"><span style=\"font-size: medium;\"> przebudow\u0119 i rozbudow\u0119 drogi wojew\u00f3dzkiej nr 205 na odcinku o d\u0142ugo\u015bci 1,86 km w miejscowo\u015bci S\u0142awno. Zakres inwestycji obejm<\/span><\/span><span style=\"color: #000000;\"><span style=\"font-size: medium;\">owa\u0142<\/span><\/span><span style=\"color: #000000;\"><span style=\"font-size: medium;\">: wykonanie rob\u00f3t rozbi\u00f3rkowych, wykonanie rob\u00f3t nawierzchniowych, przebudow\u0119 zjazd\u00f3w, przebudow\u0119 skrzy\u017cowa\u0144 ulic, budow\u0119 miejsc postojowych, <\/span><\/span><span style=\"color: #000000;\"><span style=\"font-size: medium;\">budowa ci\u0105gu pieszo-jezdnego, <\/span><\/span><span style=\"color: #000000;\"><span style=\"font-size: medium;\">budow\u0119 nowych i przebudow\u0119 starych zatok autobusowych, budow\u0119 i przebudow\u0119 kanalizy deszczowej, przebudow\u0119 mostu, popraw\u0119 odwodnienia.<\/span><\/span> <\/span><\/p>\n<p><span style=\"color: #000000;\">Cel:Poprawa <\/span><span style=\"color: #000000;\">bezpiecze\u0144stwa a przede wszystkim <\/span><span style=\"color: #000000;\">standardu i jako\u015bci drogi wojew\u00f3dzkiej 205 S\u0142awno. <\/span><\/p>\n<p><span style=\"color: #000000;\">Dofinansowanie z Unii: <\/span><span style=\"color: #003399;\"><span style=\"font-family: 'Aller Bold';\"><span style=\"font-size: xx-large;\">10 752 632,18 z\u0142<\/span><\/span><\/span><\/p>\n<p><span style=\"color: #000000;\"> Warto\u015b\u0107 projektu: <\/span><span style=\"color: #212529;\"><span style=\"font-family: 'Aller Bold';\"><span style=\"font-size: xx-large;\">11 475 229,02 z\u0142<\/span><\/span><\/span><\/p>\n<p>Micha\u0142 Proboszcz<\/p>\n","protected":false},"excerpt":{"rendered":"<div class=\"mh-excerpt\"><p>Z okazji przypadaj\u0105cego 9-go maja Dnia Unii Europejskiej, kt\u00f3ry upami\u0119tnia powstanie Planu Schumana, b\u0119d\u0105cego podwalin\u0105 Unii Europejskiej, uczniowie klas VIII wykonali zdj\u0119cia inwestycji unijnych znajduj\u0105cych <a class=\"mh-excerpt-more\" href=\"http:\/\/spp3.slawno.pl\/?p=7259\" title=\"Unia Europejska naszym wsp\u00f3lnym dobrem\">[&#8230;]<\/a><\/p>\n<\/div>","protected":false},"author":2,"featured_media":7262,"comment_status":"closed","ping_status":"open","sticky":false,"template":"","format":"standard","meta":{"footnotes":""},"categories":[32,8],"tags":[],"class_list":["post-7259","post","type-post","status-publish","format-standard","has-post-thumbnail","hentry","category-akcje","category-wydarzenia"],"_links":{"self":[{"href":"http:\/\/spp3.slawno.pl\/index.php?rest_route=\/wp\/v2\/posts\/7259"}],"collection":[{"href":"http:\/\/spp3.slawno.pl\/index.php?rest_route=\/wp\/v2\/posts"}],"about":[{"href":"http:\/\/spp3.slawno.pl\/index.php?rest_route=\/wp\/v2\/types\/post"}],"author":[{"embeddable":true,"href":"http:\/\/spp3.slawno.pl\/index.php?rest_route=\/wp\/v2\/users\/2"}],"replies":[{"embeddable":true,"href":"http:\/\/spp3.slawno.pl\/index.php?rest_route=%2Fwp%2Fv2%2Fcomments&post=7259"}],"version-history":[{"count":1,"href":"http:\/\/spp3.slawno.pl\/index.php?rest_route=\/wp\/v2\/posts\/7259\/revisions"}],"predecessor-version":[{"id":7263,"href":"http:\/\/spp3.slawno.pl\/index.php?rest_route=\/wp\/v2\/posts\/7259\/revisions\/7263"}],"wp:featuredmedia":[{"embeddable":true,"href":"http:\/\/spp3.slawno.pl\/index.php?rest_route=\/wp\/v2\/media\/7262"}],"wp:attachment":[{"href":"http:\/\/spp3.slawno.pl\/index.php?rest_route=%2Fwp%2Fv2%2Fmedia&parent=7259"}],"wp:term":[{"taxonomy":"category","embeddable":true,"href":"http:\/\/spp3.slawno.pl\/index.php?rest_route=%2Fwp%2Fv2%2Fcategories&post=7259"},{"taxonomy":"post_tag","embeddable":true,"href":"http:\/\/spp3.slawno.pl\/index.php?rest_route=%2Fwp%2Fv2%2Ftags&post=7259"}],"curies":[{"name":"wp","href":"https:\/\/api.w.org\/{rel}","templated":true}]}}