{"id":7264,"date":"2021-05-11T18:46:16","date_gmt":"2021-05-11T16:46:16","guid":{"rendered":"http:\/\/spp3.slawno.pl\/?p=7264"},"modified":"2021-05-11T18:57:43","modified_gmt":"2021-05-11T16:57:43","slug":"lubimy-czytac","status":"publish","type":"post","link":"http:\/\/spp3.slawno.pl\/?p=7264","title":{"rendered":"Lubimy czyta\u0107!"},"content":{"rendered":"<p>To, \u017ce warto czyta\u0107 ksi\u0105\u017cki wiedz\u0105 chyba wszyscy. A czy Wy lubicie czyta\u0107? Jaka jest Wasza ulubiona ksi\u0105\u017cka? Ile razy j\u0105 przeczytali\u015bcie?<\/p>\n<p>Wasze kole\u017canki i koledzy postanowili wzi\u0105\u0107 udzia\u0142 w kolejnej akcji samorz\u0105du uczniowskiego i zaprezentowa\u0107 najciekawsze tytu\u0142y swoich ulubionych ksi\u0105\u017cek.<\/p>\n<p>A mo\u017ce wy si\u0119gniecie po tak\u0105 lektur\u0119 na weekend? Polecamy!!!<\/p>\n<p><img loading=\"lazy\" decoding=\"async\" class=\"alignnone size-full wp-image-7265\" src=\"http:\/\/spp3.slawno.pl\/wp-content\/uploads\/2021\/05\/Julka.png\" alt=\"Uczniowie z ulubionymi ksi\u0105\u017ckami\" width=\"372\" height=\"674\" srcset=\"http:\/\/spp3.slawno.pl\/wp-content\/uploads\/2021\/05\/Julka.png 372w, http:\/\/spp3.slawno.pl\/wp-content\/uploads\/2021\/05\/Julka-166x300.png 166w\" sizes=\"(max-width: 372px) 100vw, 372px\" \/> <img loading=\"lazy\" decoding=\"async\" class=\"alignnone wp-image-7266\" src=\"http:\/\/spp3.slawno.pl\/wp-content\/uploads\/2021\/05\/Kajetan.jpg\" alt=\"Uczniowie z ulubionymi ksi\u0105\u017ckami\" width=\"505\" height=\"673\" srcset=\"http:\/\/spp3.slawno.pl\/wp-content\/uploads\/2021\/05\/Kajetan.jpg 692w, http:\/\/spp3.slawno.pl\/wp-content\/uploads\/2021\/05\/Kajetan-225x300.jpg 225w\" sizes=\"(max-width: 505px) 100vw, 505px\" \/> <img loading=\"lazy\" decoding=\"async\" class=\"alignnone size-full wp-image-7268\" src=\"http:\/\/spp3.slawno.pl\/wp-content\/uploads\/2021\/05\/Ola.png\" alt=\"Uczniowie z ulubionymi ksi\u0105\u017ckami\" width=\"524\" height=\"696\" srcset=\"http:\/\/spp3.slawno.pl\/wp-content\/uploads\/2021\/05\/Ola.png 524w, http:\/\/spp3.slawno.pl\/wp-content\/uploads\/2021\/05\/Ola-226x300.png 226w\" sizes=\"(max-width: 524px) 100vw, 524px\" \/><\/p>\n<p><img loading=\"lazy\" decoding=\"async\" class=\"alignnone wp-image-7274\" src=\"http:\/\/spp3.slawno.pl\/wp-content\/uploads\/2021\/05\/Zuzia.png\" alt=\"Uczniowie z ulubionymi ksi\u0105\u017ckami\" width=\"525\" height=\"776\" srcset=\"http:\/\/spp3.slawno.pl\/wp-content\/uploads\/2021\/05\/Zuzia.png 663w, http:\/\/spp3.slawno.pl\/wp-content\/uploads\/2021\/05\/Zuzia-203x300.png 203w\" sizes=\"(max-width: 525px) 100vw, 525px\" \/> <img loading=\"lazy\" decoding=\"async\" class=\"alignnone wp-image-7273\" src=\"http:\/\/spp3.slawno.pl\/wp-content\/uploads\/2021\/05\/Szymon.jpg\" alt=\"Uczniowie z ulubionymi ksi\u0105\u017ckami\" width=\"437\" height=\"777\" srcset=\"http:\/\/spp3.slawno.pl\/wp-content\/uploads\/2021\/05\/Szymon.jpg 454w, http:\/\/spp3.slawno.pl\/wp-content\/uploads\/2021\/05\/Szymon-169x300.jpg 169w\" sizes=\"(max-width: 437px) 100vw, 437px\" \/> <img loading=\"lazy\" decoding=\"async\" class=\"alignnone wp-image-7272\" src=\"http:\/\/spp3.slawno.pl\/wp-content\/uploads\/2021\/05\/Roksana-1.jpg\" alt=\"Uczniowie z ulubionymi ksi\u0105\u017ckami\" width=\"568\" height=\"1071\" srcset=\"http:\/\/spp3.slawno.pl\/wp-content\/uploads\/2021\/05\/Roksana-1.jpg 508w, http:\/\/spp3.slawno.pl\/wp-content\/uploads\/2021\/05\/Roksana-1-159x300.jpg 159w\" sizes=\"(max-width: 568px) 100vw, 568px\" \/> <img loading=\"lazy\" decoding=\"async\" class=\"alignnone wp-image-7271\" src=\"http:\/\/spp3.slawno.pl\/wp-content\/uploads\/2021\/05\/Oliwier.jpg\" alt=\"Uczniowie z ulubionymi ksi\u0105\u017ckami\" width=\"570\" height=\"761\" srcset=\"http:\/\/spp3.slawno.pl\/wp-content\/uploads\/2021\/05\/Oliwier.jpg 624w, http:\/\/spp3.slawno.pl\/wp-content\/uploads\/2021\/05\/Oliwier-225x300.jpg 225w\" sizes=\"(max-width: 570px) 100vw, 570px\" \/><\/p>\n<p><img loading=\"lazy\" decoding=\"async\" class=\" wp-image-7270\" src=\"http:\/\/spp3.slawno.pl\/wp-content\/uploads\/2021\/05\/Oliwia.jpg\" alt=\"Uczniowie z ulubionymi ksi\u0105\u017ckami\" width=\"574\" height=\"765\" srcset=\"http:\/\/spp3.slawno.pl\/wp-content\/uploads\/2021\/05\/Oliwia.jpg 692w, http:\/\/spp3.slawno.pl\/wp-content\/uploads\/2021\/05\/Oliwia-225x300.jpg 225w\" sizes=\"(max-width: 574px) 100vw, 574px\" \/><\/p>\n<p><img loading=\"lazy\" decoding=\"async\" class=\"alignnone size-large wp-image-7279\" src=\"http:\/\/spp3.slawno.pl\/wp-content\/uploads\/2021\/05\/Nastka-1-546x1024.jpg\" alt=\"Uczniowie z ulubionymi ksi\u0105\u017ckami\" width=\"546\" height=\"1024\" srcset=\"http:\/\/spp3.slawno.pl\/wp-content\/uploads\/2021\/05\/Nastka-1.jpg 546w, http:\/\/spp3.slawno.pl\/wp-content\/uploads\/2021\/05\/Nastka-1-160x300.jpg 160w\" sizes=\"(max-width: 546px) 100vw, 546px\" \/><\/p>\n","protected":false},"excerpt":{"rendered":"<div class=\"mh-excerpt\"><p>To, \u017ce warto czyta\u0107 ksi\u0105\u017cki wiedz\u0105 chyba wszyscy. A czy Wy lubicie czyta\u0107? Jaka jest Wasza ulubiona ksi\u0105\u017cka? Ile razy j\u0105 przeczytali\u015bcie? Wasze kole\u017canki i <a class=\"mh-excerpt-more\" href=\"http:\/\/spp3.slawno.pl\/?p=7264\" title=\"Lubimy czyta\u0107!\">[&#8230;]<\/a><\/p>\n<\/div>","protected":false},"author":2,"featured_media":7274,"comment_status":"closed","ping_status":"open","sticky":false,"template":"","format":"standard","meta":{"footnotes":""},"categories":[1,8],"tags":[],"class_list":["post-7264","post","type-post","status-publish","format-standard","has-post-thumbnail","hentry","category-bez-kategorii","category-wydarzenia"],"_links":{"self":[{"href":"http:\/\/spp3.slawno.pl\/index.php?rest_route=\/wp\/v2\/posts\/7264"}],"collection":[{"href":"http:\/\/spp3.slawno.pl\/index.php?rest_route=\/wp\/v2\/posts"}],"about":[{"href":"http:\/\/spp3.slawno.pl\/index.php?rest_route=\/wp\/v2\/types\/post"}],"author":[{"embeddable":true,"href":"http:\/\/spp3.slawno.pl\/index.php?rest_route=\/wp\/v2\/users\/2"}],"replies":[{"embeddable":true,"href":"http:\/\/spp3.slawno.pl\/index.php?rest_route=%2Fwp%2Fv2%2Fcomments&post=7264"}],"version-history":[{"count":5,"href":"http:\/\/spp3.slawno.pl\/index.php?rest_route=\/wp\/v2\/posts\/7264\/revisions"}],"predecessor-version":[{"id":7280,"href":"http:\/\/spp3.slawno.pl\/index.php?rest_route=\/wp\/v2\/posts\/7264\/revisions\/7280"}],"wp:featuredmedia":[{"embeddable":true,"href":"http:\/\/spp3.slawno.pl\/index.php?rest_route=\/wp\/v2\/media\/7274"}],"wp:attachment":[{"href":"http:\/\/spp3.slawno.pl\/index.php?rest_route=%2Fwp%2Fv2%2Fmedia&parent=7264"}],"wp:term":[{"taxonomy":"category","embeddable":true,"href":"http:\/\/spp3.slawno.pl\/index.php?rest_route=%2Fwp%2Fv2%2Fcategories&post=7264"},{"taxonomy":"post_tag","embeddable":true,"href":"http:\/\/spp3.slawno.pl\/index.php?rest_route=%2Fwp%2Fv2%2Ftags&post=7264"}],"curies":[{"name":"wp","href":"https:\/\/api.w.org\/{rel}","templated":true}]}}