{"id":7295,"date":"2021-05-13T21:12:58","date_gmt":"2021-05-13T19:12:58","guid":{"rendered":"http:\/\/spp3.slawno.pl\/?p=7295"},"modified":"2021-05-30T18:12:00","modified_gmt":"2021-05-30T16:12:00","slug":"pracowita-niedziela","status":"publish","type":"post","link":"http:\/\/spp3.slawno.pl\/?p=7295","title":{"rendered":"Pracowita niedziela"},"content":{"rendered":"<p>W niedziel\u0119 uczniowie klas 7E, 7B i 8C nie pr\u00f3\u017cnowali i w samo po\u0142udnie z okazji Dnia Europy wzi\u0119li udzia\u0142 w debacie pod has\u0142em M\u0142ody G\u0142os Europy. Zastanawiali si\u0119 razem z wybitnymi prelegentami w jakiej Europie chc\u0105 \u017cy\u0107, co wymaga zmian i reform i jaka przysz\u0142o\u015b\u0107 czeka nasz\u0105 Wsp\u00f3lnot\u0119? w dyskusji uczestniczyli mi\u0119dzy innymi : dr hab.Renata Mie\u0144kowska-Norkiene &#8211; ekspertka Team Europe, dr hab. Marcin Napi\u00f3rkowski &#8211; semiotyk kultury, Justyna Suchecka, dziennikarka, autorka &#8222;Young Power&#8221; oraz dyr. Andrzej Ry\u015b, DG Sante, Komisja Europejska. Natomiast spotkanie oraz warsztaty poprowadzi\u0142a Justyna D\u017cbik. Serdecznie dzi\u0119kujemy za spotkanie!!!<\/p>\n<p><img loading=\"lazy\" decoding=\"async\" class=\"alignnone  wp-image-7297\" src=\"http:\/\/spp3.slawno.pl\/wp-content\/uploads\/2021\/05\/2-1024x584.png\" alt=\"Slajd z prezentacji &quot;M\u0142ody G\u0142os Europy&quot;\" width=\"727\" height=\"414\" srcset=\"http:\/\/spp3.slawno.pl\/wp-content\/uploads\/2021\/05\/2-1024x584.png 1024w, http:\/\/spp3.slawno.pl\/wp-content\/uploads\/2021\/05\/2-300x171.png 300w, http:\/\/spp3.slawno.pl\/wp-content\/uploads\/2021\/05\/2-768x438.png 768w, http:\/\/spp3.slawno.pl\/wp-content\/uploads\/2021\/05\/2.png 1264w\" sizes=\"(max-width: 727px) 100vw, 727px\" \/> <img loading=\"lazy\" decoding=\"async\" class=\"alignnone  wp-image-7298\" src=\"http:\/\/spp3.slawno.pl\/wp-content\/uploads\/2021\/05\/3-1024x581.png\" alt=\"Slajd z prezentacji &quot;M\u0142ody G\u0142os Europy&quot;\" width=\"726\" height=\"412\" srcset=\"http:\/\/spp3.slawno.pl\/wp-content\/uploads\/2021\/05\/3-1024x581.png 1024w, http:\/\/spp3.slawno.pl\/wp-content\/uploads\/2021\/05\/3-300x170.png 300w, http:\/\/spp3.slawno.pl\/wp-content\/uploads\/2021\/05\/3-768x436.png 768w, http:\/\/spp3.slawno.pl\/wp-content\/uploads\/2021\/05\/3.png 1270w\" sizes=\"(max-width: 726px) 100vw, 726px\" \/> <img loading=\"lazy\" decoding=\"async\" class=\"alignnone  wp-image-7299\" src=\"http:\/\/spp3.slawno.pl\/wp-content\/uploads\/2021\/05\/4-1024x580.png\" alt=\"Slajd z prezentacji &quot;M\u0142ody G\u0142os Europy&quot;\" width=\"727\" height=\"412\" srcset=\"http:\/\/spp3.slawno.pl\/wp-content\/uploads\/2021\/05\/4-1024x580.png 1024w, http:\/\/spp3.slawno.pl\/wp-content\/uploads\/2021\/05\/4-300x170.png 300w, http:\/\/spp3.slawno.pl\/wp-content\/uploads\/2021\/05\/4-768x435.png 768w, http:\/\/spp3.slawno.pl\/wp-content\/uploads\/2021\/05\/4.png 1273w\" sizes=\"(max-width: 727px) 100vw, 727px\" \/> <img loading=\"lazy\" decoding=\"async\" class=\"alignnone  wp-image-7300\" src=\"http:\/\/spp3.slawno.pl\/wp-content\/uploads\/2021\/05\/5-1024x584.png\" alt=\"Slajd z prezentacji &quot;M\u0142ody G\u0142os Europy&quot;\" width=\"725\" height=\"414\" srcset=\"http:\/\/spp3.slawno.pl\/wp-content\/uploads\/2021\/05\/5-1024x584.png 1024w, http:\/\/spp3.slawno.pl\/wp-content\/uploads\/2021\/05\/5-300x171.png 300w, http:\/\/spp3.slawno.pl\/wp-content\/uploads\/2021\/05\/5-768x438.png 768w, http:\/\/spp3.slawno.pl\/wp-content\/uploads\/2021\/05\/5.png 1265w\" sizes=\"(max-width: 725px) 100vw, 725px\" \/> <img loading=\"lazy\" decoding=\"async\" class=\"alignnone  wp-image-7301\" src=\"http:\/\/spp3.slawno.pl\/wp-content\/uploads\/2021\/05\/6-1024x581.png\" alt=\"Slajd z prezentacji &quot;M\u0142ody G\u0142os Europy&quot;\" width=\"722\" height=\"409\" srcset=\"http:\/\/spp3.slawno.pl\/wp-content\/uploads\/2021\/05\/6-1024x581.png 1024w, http:\/\/spp3.slawno.pl\/wp-content\/uploads\/2021\/05\/6-300x170.png 300w, http:\/\/spp3.slawno.pl\/wp-content\/uploads\/2021\/05\/6-768x436.png 768w, http:\/\/spp3.slawno.pl\/wp-content\/uploads\/2021\/05\/6.png 1271w\" sizes=\"(max-width: 722px) 100vw, 722px\" \/> <img loading=\"lazy\" decoding=\"async\" class=\"alignnone  wp-image-7302\" src=\"http:\/\/spp3.slawno.pl\/wp-content\/uploads\/2021\/05\/Bez-tytu\u0142u-1024x584.png\" alt=\"Slajd z prezentacji &quot;M\u0142ody G\u0142os Europy&quot;\" width=\"721\" height=\"411\" srcset=\"http:\/\/spp3.slawno.pl\/wp-content\/uploads\/2021\/05\/Bez-tytu\u0142u-1024x584.png 1024w, http:\/\/spp3.slawno.pl\/wp-content\/uploads\/2021\/05\/Bez-tytu\u0142u-300x171.png 300w, http:\/\/spp3.slawno.pl\/wp-content\/uploads\/2021\/05\/Bez-tytu\u0142u-768x438.png 768w, http:\/\/spp3.slawno.pl\/wp-content\/uploads\/2021\/05\/Bez-tytu\u0142u.png 1264w\" sizes=\"(max-width: 721px) 100vw, 721px\" \/><\/p>\n","protected":false},"excerpt":{"rendered":"<div class=\"mh-excerpt\"><p>W niedziel\u0119 uczniowie klas 7E, 7B i 8C nie pr\u00f3\u017cnowali i w samo po\u0142udnie z okazji Dnia Europy wzi\u0119li udzia\u0142 w debacie pod has\u0142em M\u0142ody <a class=\"mh-excerpt-more\" href=\"http:\/\/spp3.slawno.pl\/?p=7295\" title=\"Pracowita niedziela\">[&#8230;]<\/a><\/p>\n<\/div>","protected":false},"author":2,"featured_media":7299,"comment_status":"closed","ping_status":"open","sticky":false,"template":"","format":"standard","meta":{"footnotes":""},"categories":[33,8],"tags":[],"class_list":["post-7295","post","type-post","status-publish","format-standard","has-post-thumbnail","hentry","category-projekty","category-wydarzenia"],"_links":{"self":[{"href":"http:\/\/spp3.slawno.pl\/index.php?rest_route=\/wp\/v2\/posts\/7295"}],"collection":[{"href":"http:\/\/spp3.slawno.pl\/index.php?rest_route=\/wp\/v2\/posts"}],"about":[{"href":"http:\/\/spp3.slawno.pl\/index.php?rest_route=\/wp\/v2\/types\/post"}],"author":[{"embeddable":true,"href":"http:\/\/spp3.slawno.pl\/index.php?rest_route=\/wp\/v2\/users\/2"}],"replies":[{"embeddable":true,"href":"http:\/\/spp3.slawno.pl\/index.php?rest_route=%2Fwp%2Fv2%2Fcomments&post=7295"}],"version-history":[{"count":1,"href":"http:\/\/spp3.slawno.pl\/index.php?rest_route=\/wp\/v2\/posts\/7295\/revisions"}],"predecessor-version":[{"id":7303,"href":"http:\/\/spp3.slawno.pl\/index.php?rest_route=\/wp\/v2\/posts\/7295\/revisions\/7303"}],"wp:featuredmedia":[{"embeddable":true,"href":"http:\/\/spp3.slawno.pl\/index.php?rest_route=\/wp\/v2\/media\/7299"}],"wp:attachment":[{"href":"http:\/\/spp3.slawno.pl\/index.php?rest_route=%2Fwp%2Fv2%2Fmedia&parent=7295"}],"wp:term":[{"taxonomy":"category","embeddable":true,"href":"http:\/\/spp3.slawno.pl\/index.php?rest_route=%2Fwp%2Fv2%2Fcategories&post=7295"},{"taxonomy":"post_tag","embeddable":true,"href":"http:\/\/spp3.slawno.pl\/index.php?rest_route=%2Fwp%2Fv2%2Ftags&post=7295"}],"curies":[{"name":"wp","href":"https:\/\/api.w.org\/{rel}","templated":true}]}}