{"id":7317,"date":"2021-05-13T21:32:25","date_gmt":"2021-05-13T19:32:25","guid":{"rendered":"http:\/\/spp3.slawno.pl\/?p=7317"},"modified":"2021-05-13T21:38:54","modified_gmt":"2021-05-13T19:38:54","slug":"konkurs-ortograficzny-klas-trzecich","status":"publish","type":"post","link":"http:\/\/spp3.slawno.pl\/?p=7317","title":{"rendered":"Konkurs ortograficzny klas trzecich"},"content":{"rendered":"<p>Laureaci szkolnego konkursu ortograficznego \u201eMISTRZ ORTOGRAFII KLAS TRZECICH\u201d<\/p>\n<ol>\n<li>Zuzanna Bia\u0142kowska klasa III c<\/li>\n<\/ol>\n<p>2. Marcin Proboszcz klasa III c<\/p>\n<p>Wychowawca uczni\u00f3w pani mgr Agnieszka Lema\u0144ska<\/p>\n<p>Gratulacje !<\/p>\n<p><img loading=\"lazy\" decoding=\"async\" class=\"alignnone size-full wp-image-7319\" src=\"http:\/\/spp3.slawno.pl\/wp-content\/uploads\/2021\/05\/1-1.jpg\" alt=\"Pani dyrektor, wychowawczyni A. Lema\u0144ska i dzieci kt\u00f3re wygra\u0142y w konkursie ortograficznym klas 3\" width=\"720\" height=\"960\" srcset=\"http:\/\/spp3.slawno.pl\/wp-content\/uploads\/2021\/05\/1-1.jpg 720w, http:\/\/spp3.slawno.pl\/wp-content\/uploads\/2021\/05\/1-1-225x300.jpg 225w\" sizes=\"(max-width: 720px) 100vw, 720px\" \/><\/p>\n","protected":false},"excerpt":{"rendered":"<div class=\"mh-excerpt\"><p>Laureaci szkolnego konkursu ortograficznego \u201eMISTRZ ORTOGRAFII KLAS TRZECICH\u201d Zuzanna Bia\u0142kowska klasa III c 2. Marcin Proboszcz klasa III c Wychowawca uczni\u00f3w pani mgr Agnieszka Lema\u0144ska <a class=\"mh-excerpt-more\" href=\"http:\/\/spp3.slawno.pl\/?p=7317\" title=\"Konkurs ortograficzny klas trzecich\">[&#8230;]<\/a><\/p>\n<\/div>","protected":false},"author":2,"featured_media":7319,"comment_status":"closed","ping_status":"open","sticky":false,"template":"","format":"standard","meta":{"footnotes":""},"categories":[7,8],"tags":[],"class_list":["post-7317","post","type-post","status-publish","format-standard","has-post-thumbnail","hentry","category-konkursy","category-wydarzenia"],"_links":{"self":[{"href":"http:\/\/spp3.slawno.pl\/index.php?rest_route=\/wp\/v2\/posts\/7317"}],"collection":[{"href":"http:\/\/spp3.slawno.pl\/index.php?rest_route=\/wp\/v2\/posts"}],"about":[{"href":"http:\/\/spp3.slawno.pl\/index.php?rest_route=\/wp\/v2\/types\/post"}],"author":[{"embeddable":true,"href":"http:\/\/spp3.slawno.pl\/index.php?rest_route=\/wp\/v2\/users\/2"}],"replies":[{"embeddable":true,"href":"http:\/\/spp3.slawno.pl\/index.php?rest_route=%2Fwp%2Fv2%2Fcomments&post=7317"}],"version-history":[{"count":3,"href":"http:\/\/spp3.slawno.pl\/index.php?rest_route=\/wp\/v2\/posts\/7317\/revisions"}],"predecessor-version":[{"id":7321,"href":"http:\/\/spp3.slawno.pl\/index.php?rest_route=\/wp\/v2\/posts\/7317\/revisions\/7321"}],"wp:featuredmedia":[{"embeddable":true,"href":"http:\/\/spp3.slawno.pl\/index.php?rest_route=\/wp\/v2\/media\/7319"}],"wp:attachment":[{"href":"http:\/\/spp3.slawno.pl\/index.php?rest_route=%2Fwp%2Fv2%2Fmedia&parent=7317"}],"wp:term":[{"taxonomy":"category","embeddable":true,"href":"http:\/\/spp3.slawno.pl\/index.php?rest_route=%2Fwp%2Fv2%2Fcategories&post=7317"},{"taxonomy":"post_tag","embeddable":true,"href":"http:\/\/spp3.slawno.pl\/index.php?rest_route=%2Fwp%2Fv2%2Ftags&post=7317"}],"curies":[{"name":"wp","href":"https:\/\/api.w.org\/{rel}","templated":true}]}}