{"id":7322,"date":"2021-05-13T21:44:22","date_gmt":"2021-05-13T19:44:22","guid":{"rendered":"http:\/\/spp3.slawno.pl\/?p=7322"},"modified":"2021-05-13T21:44:22","modified_gmt":"2021-05-13T19:44:22","slug":"projekt-7-e-ja-w-spoleczenstwie","status":"publish","type":"post","link":"http:\/\/spp3.slawno.pl\/?p=7322","title":{"rendered":"Projekt 7 e &#8222;Ja w spo\u0142eczen\u0301stwie&#8221;"},"content":{"rendered":"<p>Kochani !!! Og\u0142aszamy ,z\u0307e klasa 7 e zrealizowa\u0142a projekt &#8222;Ja w spo\u0142eczen\u0301stwie. Jak moge\u0328 zmienic\u0301 s\u0301wiat?&#8221; zorganizowany przez Uniwersytet Dzieci w Klasie pod honorowym patronatem Ministra Edukacji Narodowej!!! Dzie\u0328ki udzia\u0142owi w projekcie uczniowie rozwijali wraz\u0307liwos\u0301c\u0301 na wartos\u0301ci i zaangaz\u0307owanie w two\u0301rcze budowanie z\u0307ycia spo\u0142ecznego, dzielili sie\u0328 zadaniami w grupie, wspo\u0301\u0142pracowali i da\u0328z\u0307yli do celu. A co najwaz\u0307niejsze to po prostu spe\u0328dzali wspo\u0301lnie czas na ciekawych i atrakcyjnych zaje\u0328ciach. Dzie\u0328kujemy Fundacji Uniwersytet Dzieci!!! Za rok z pewnos\u0301cia\u0328 do\u0142a\u0328czymy do WAS!!!<\/p>\n<p><img loading=\"lazy\" decoding=\"async\" class=\"alignnone  wp-image-7323\" src=\"http:\/\/spp3.slawno.pl\/wp-content\/uploads\/2021\/05\/a.png\" alt=\"Dyplomy i podzi\u0119kowania za udzia\u0142 w programie &quot;Ja w spo\u0142ecze\u0144stwie&quot;\" width=\"425\" height=\"571\" srcset=\"http:\/\/spp3.slawno.pl\/wp-content\/uploads\/2021\/05\/a.png 604w, http:\/\/spp3.slawno.pl\/wp-content\/uploads\/2021\/05\/a-223x300.png 223w\" sizes=\"(max-width: 425px) 100vw, 425px\" \/> <img loading=\"lazy\" decoding=\"async\" class=\"alignnone  wp-image-7324\" src=\"http:\/\/spp3.slawno.pl\/wp-content\/uploads\/2021\/05\/b.png\" alt=\"Dyplomy i podzi\u0119kowania za udzia\u0142 w programie &quot;Ja w spo\u0142ecze\u0144stwie&quot;\" width=\"421\" height=\"581\" srcset=\"http:\/\/spp3.slawno.pl\/wp-content\/uploads\/2021\/05\/b.png 585w, http:\/\/spp3.slawno.pl\/wp-content\/uploads\/2021\/05\/b-217x300.png 217w\" sizes=\"(max-width: 421px) 100vw, 421px\" \/> <img loading=\"lazy\" decoding=\"async\" class=\"alignnone size-full wp-image-7325\" src=\"http:\/\/spp3.slawno.pl\/wp-content\/uploads\/2021\/05\/c.png\" alt=\"Dyplomy i podzi\u0119kowania za udzia\u0142 w programie &quot;Ja w spo\u0142ecze\u0144stwie&quot;\" width=\"585\" height=\"811\" srcset=\"http:\/\/spp3.slawno.pl\/wp-content\/uploads\/2021\/05\/c.png 585w, http:\/\/spp3.slawno.pl\/wp-content\/uploads\/2021\/05\/c-216x300.png 216w\" sizes=\"(max-width: 585px) 100vw, 585px\" \/><\/p>\n","protected":false},"excerpt":{"rendered":"<div class=\"mh-excerpt\"><p>Kochani !!! Og\u0142aszamy ,z\u0307e klasa 7 e zrealizowa\u0142a projekt &#8222;Ja w spo\u0142eczen\u0301stwie. Jak moge\u0328 zmienic\u0301 s\u0301wiat?&#8221; zorganizowany przez Uniwersytet Dzieci w Klasie pod honorowym patronatem <a class=\"mh-excerpt-more\" href=\"http:\/\/spp3.slawno.pl\/?p=7322\" title=\"Projekt 7 e &#8222;Ja w spo\u0142eczen\u0301stwie&#8221;\">[&#8230;]<\/a><\/p>\n<\/div>","protected":false},"author":2,"featured_media":7323,"comment_status":"closed","ping_status":"open","sticky":false,"template":"","format":"standard","meta":{"footnotes":""},"categories":[33,8],"tags":[],"class_list":["post-7322","post","type-post","status-publish","format-standard","has-post-thumbnail","hentry","category-projekty","category-wydarzenia"],"_links":{"self":[{"href":"http:\/\/spp3.slawno.pl\/index.php?rest_route=\/wp\/v2\/posts\/7322"}],"collection":[{"href":"http:\/\/spp3.slawno.pl\/index.php?rest_route=\/wp\/v2\/posts"}],"about":[{"href":"http:\/\/spp3.slawno.pl\/index.php?rest_route=\/wp\/v2\/types\/post"}],"author":[{"embeddable":true,"href":"http:\/\/spp3.slawno.pl\/index.php?rest_route=\/wp\/v2\/users\/2"}],"replies":[{"embeddable":true,"href":"http:\/\/spp3.slawno.pl\/index.php?rest_route=%2Fwp%2Fv2%2Fcomments&post=7322"}],"version-history":[{"count":1,"href":"http:\/\/spp3.slawno.pl\/index.php?rest_route=\/wp\/v2\/posts\/7322\/revisions"}],"predecessor-version":[{"id":7326,"href":"http:\/\/spp3.slawno.pl\/index.php?rest_route=\/wp\/v2\/posts\/7322\/revisions\/7326"}],"wp:featuredmedia":[{"embeddable":true,"href":"http:\/\/spp3.slawno.pl\/index.php?rest_route=\/wp\/v2\/media\/7323"}],"wp:attachment":[{"href":"http:\/\/spp3.slawno.pl\/index.php?rest_route=%2Fwp%2Fv2%2Fmedia&parent=7322"}],"wp:term":[{"taxonomy":"category","embeddable":true,"href":"http:\/\/spp3.slawno.pl\/index.php?rest_route=%2Fwp%2Fv2%2Fcategories&post=7322"},{"taxonomy":"post_tag","embeddable":true,"href":"http:\/\/spp3.slawno.pl\/index.php?rest_route=%2Fwp%2Fv2%2Ftags&post=7322"}],"curies":[{"name":"wp","href":"https:\/\/api.w.org\/{rel}","templated":true}]}}