{"id":7331,"date":"2021-05-14T18:59:14","date_gmt":"2021-05-14T16:59:14","guid":{"rendered":"http:\/\/spp3.slawno.pl\/?p=7331"},"modified":"2021-05-30T18:11:13","modified_gmt":"2021-05-30T16:11:13","slug":"dzien-strazaka","status":"publish","type":"post","link":"http:\/\/spp3.slawno.pl\/?p=7331","title":{"rendered":"Dzie\u0144 Stra\u017caka w klasie 2 a"},"content":{"rendered":"<div dir=\"auto\">\n<p><span class=\"gwpf5df91f7_highlight\"><span class=\"gwpf5df91f7_colour\"><span class=\"gwpf5df91f7_font\"><span class=\"gwpf5df91f7_size\">Jak ka\u017cdy wie, 4 maja przypada Dzie\u0144 Stra\u017caka. Klasa 2a z wychowawczyni\u0105 Ann\u0105 Olejnik postanowi\u0142a uczci\u0107 ten dzie\u0144 podejmuj\u0105c stra\u017cackie tematy na podstawie lektury \u201eJak Wojtek zosta\u0142 stra\u017cakiem\u201d Cz. Janczarskiego. Podczas rozm\u00f3w o ksi\u0105\u017cce i pracy stra\u017caka pada\u0142y takie okre\u015blenia jak: odwaga, dzielno\u015b\u0107, m\u0105dro\u015b\u0107, po\u015bwi\u0119cenie, bohaterstwo, oddanie\u2026 Tym wszystkim charakteryzuj\u0105 si\u0119 ludzie stoj\u0105cy ka\u017cdego dnia na stra\u017cy naszego bezpiecze\u0144stwa. Podczas zaj\u0119\u0107 dzieci zaprezentowa\u0142y w\u0142asnor\u0119cznie wykonane\u00a0 \u00a0lapbboki. Odkodowa\u0142y has\u0142a, zagadki.\u00a0<\/span><\/span><\/span><\/span><span class=\"gwpf5df91f7_highlight\"><span class=\"gwpf5df91f7_colour\"><span class=\"gwpf5df91f7_font\"><span class=\"gwpf5df91f7_size\">W trakcie zaj\u0119\u0107\u00a0 dowiedzia\u0142y si\u0119, \u017ce praca stra\u017caka nie polega tylko na gaszeniu po\u017car\u00f3w, ale r\u00f3wnie\u017c na udzielaniu pomocy podczas wypadk\u00f3w samochodowych, oraz asy\u015bcie podczas r\u00f3\u017cnych akcji. Dzieci\u00a0 zapozna\u0142y si\u0119\u00a0 z sytuacjami, w kt\u00f3rych nale\u017cy wezwa\u0107 stra\u017c po\u017carn\u0105, z zasadami prawid\u0142owego zachowania si\u0119 podczas po\u017caru, oraz przypomnia\u0142y numery alarmowe do stra\u017cy, policji i na pogotowie. Uczniowie z bliska mog\u0142y podziwia\u0107 wyposa\u017cenie jakim dysponuj\u0105 stra\u017cacy podczas swojej ci\u0119\u017ckiej i odpowiedzialnej pracy. Drugoklasi\u015bci wykonali he\u0142m stra\u017cacki, dzi\u0119ki czemu mog\u0142y poczu\u0107 si\u0119 jak prawdziwi stra\u017cacy.\u00a0 Lekcja utrwali\u0142a wiedz\u0119\u00a0 w zakresie bezpiecze\u0144stwa, oraz zach\u0119ci\u0142a najm\u0142odszych do s\u0142u\u017cby w stra\u017cy po\u017carnej.\u00a0<\/span><\/span><\/span><\/span><\/p>\n<\/div>\n<div dir=\"auto\"><img loading=\"lazy\" decoding=\"async\" class=\"alignnone size-full wp-image-7332\" src=\"http:\/\/spp3.slawno.pl\/wp-content\/uploads\/2021\/05\/13.jpg\" alt=\"Uczniowie przebrani za stra\u017cak\u00f3w\" width=\"720\" height=\"960\" srcset=\"http:\/\/spp3.slawno.pl\/wp-content\/uploads\/2021\/05\/13.jpg 720w, http:\/\/spp3.slawno.pl\/wp-content\/uploads\/2021\/05\/13-225x300.jpg 225w\" sizes=\"(max-width: 720px) 100vw, 720px\" \/> <img loading=\"lazy\" decoding=\"async\" class=\"alignnone size-full wp-image-7333\" src=\"http:\/\/spp3.slawno.pl\/wp-content\/uploads\/2021\/05\/14.jpg\" alt=\"Uczniowie przebrani za stra\u017cak\u00f3w\" width=\"720\" height=\"960\" srcset=\"http:\/\/spp3.slawno.pl\/wp-content\/uploads\/2021\/05\/14.jpg 720w, http:\/\/spp3.slawno.pl\/wp-content\/uploads\/2021\/05\/14-225x300.jpg 225w\" sizes=\"(max-width: 720px) 100vw, 720px\" \/> <img loading=\"lazy\" decoding=\"async\" class=\"alignnone size-full wp-image-7334\" src=\"http:\/\/spp3.slawno.pl\/wp-content\/uploads\/2021\/05\/15.jpg\" alt=\"Uczniowie przebrani za stra\u017cak\u00f3w\" width=\"720\" height=\"960\" srcset=\"http:\/\/spp3.slawno.pl\/wp-content\/uploads\/2021\/05\/15.jpg 720w, http:\/\/spp3.slawno.pl\/wp-content\/uploads\/2021\/05\/15-225x300.jpg 225w\" sizes=\"(max-width: 720px) 100vw, 720px\" \/> <img loading=\"lazy\" decoding=\"async\" class=\"alignnone size-full wp-image-7335\" src=\"http:\/\/spp3.slawno.pl\/wp-content\/uploads\/2021\/05\/16.jpg\" alt=\"Uczniowie przebrani za stra\u017cak\u00f3w\" width=\"720\" height=\"960\" srcset=\"http:\/\/spp3.slawno.pl\/wp-content\/uploads\/2021\/05\/16.jpg 720w, http:\/\/spp3.slawno.pl\/wp-content\/uploads\/2021\/05\/16-225x300.jpg 225w\" sizes=\"(max-width: 720px) 100vw, 720px\" \/> <img loading=\"lazy\" decoding=\"async\" class=\"alignnone size-full wp-image-7336\" src=\"http:\/\/spp3.slawno.pl\/wp-content\/uploads\/2021\/05\/17.jpg\" alt=\"Uczniowie przebrani za stra\u017cak\u00f3w\" width=\"960\" height=\"720\" srcset=\"http:\/\/spp3.slawno.pl\/wp-content\/uploads\/2021\/05\/17.jpg 960w, http:\/\/spp3.slawno.pl\/wp-content\/uploads\/2021\/05\/17-300x225.jpg 300w, http:\/\/spp3.slawno.pl\/wp-content\/uploads\/2021\/05\/17-768x576.jpg 768w, http:\/\/spp3.slawno.pl\/wp-content\/uploads\/2021\/05\/17-678x509.jpg 678w, http:\/\/spp3.slawno.pl\/wp-content\/uploads\/2021\/05\/17-326x245.jpg 326w, http:\/\/spp3.slawno.pl\/wp-content\/uploads\/2021\/05\/17-80x60.jpg 80w\" sizes=\"(max-width: 960px) 100vw, 960px\" \/> <img loading=\"lazy\" decoding=\"async\" class=\"alignnone size-full wp-image-7337\" src=\"http:\/\/spp3.slawno.pl\/wp-content\/uploads\/2021\/05\/18.jpg\" alt=\"Uczniowie przebrani za stra\u017cak\u00f3w\" width=\"960\" height=\"720\" srcset=\"http:\/\/spp3.slawno.pl\/wp-content\/uploads\/2021\/05\/18.jpg 960w, http:\/\/spp3.slawno.pl\/wp-content\/uploads\/2021\/05\/18-300x225.jpg 300w, http:\/\/spp3.slawno.pl\/wp-content\/uploads\/2021\/05\/18-768x576.jpg 768w, http:\/\/spp3.slawno.pl\/wp-content\/uploads\/2021\/05\/18-678x509.jpg 678w, http:\/\/spp3.slawno.pl\/wp-content\/uploads\/2021\/05\/18-326x245.jpg 326w, http:\/\/spp3.slawno.pl\/wp-content\/uploads\/2021\/05\/18-80x60.jpg 80w\" sizes=\"(max-width: 960px) 100vw, 960px\" \/> <img loading=\"lazy\" decoding=\"async\" class=\"alignnone size-full wp-image-7338\" src=\"http:\/\/spp3.slawno.pl\/wp-content\/uploads\/2021\/05\/19.jpg\" alt=\"Uczniowie przebrani za stra\u017cak\u00f3w\" width=\"720\" height=\"960\" srcset=\"http:\/\/spp3.slawno.pl\/wp-content\/uploads\/2021\/05\/19.jpg 720w, http:\/\/spp3.slawno.pl\/wp-content\/uploads\/2021\/05\/19-225x300.jpg 225w\" sizes=\"(max-width: 720px) 100vw, 720px\" \/> <img loading=\"lazy\" decoding=\"async\" class=\"alignnone size-full wp-image-7339\" src=\"http:\/\/spp3.slawno.pl\/wp-content\/uploads\/2021\/05\/20.jpg\" alt=\"Uczniowie przebrani za stra\u017cak\u00f3w\" width=\"720\" height=\"960\" srcset=\"http:\/\/spp3.slawno.pl\/wp-content\/uploads\/2021\/05\/20.jpg 720w, http:\/\/spp3.slawno.pl\/wp-content\/uploads\/2021\/05\/20-225x300.jpg 225w\" sizes=\"(max-width: 720px) 100vw, 720px\" \/> <img loading=\"lazy\" decoding=\"async\" class=\"alignnone size-full wp-image-7340\" src=\"http:\/\/spp3.slawno.pl\/wp-content\/uploads\/2021\/05\/21.jpg\" alt=\"Uczniowie przebrani za stra\u017cak\u00f3w\" width=\"720\" height=\"960\" srcset=\"http:\/\/spp3.slawno.pl\/wp-content\/uploads\/2021\/05\/21.jpg 720w, http:\/\/spp3.slawno.pl\/wp-content\/uploads\/2021\/05\/21-225x300.jpg 225w\" sizes=\"(max-width: 720px) 100vw, 720px\" \/> <img loading=\"lazy\" decoding=\"async\" class=\"alignnone size-full wp-image-7341\" src=\"http:\/\/spp3.slawno.pl\/wp-content\/uploads\/2021\/05\/22.jpg\" alt=\"Uczniowie przebrani za stra\u017cak\u00f3w\" width=\"720\" height=\"960\" srcset=\"http:\/\/spp3.slawno.pl\/wp-content\/uploads\/2021\/05\/22.jpg 720w, http:\/\/spp3.slawno.pl\/wp-content\/uploads\/2021\/05\/22-225x300.jpg 225w\" sizes=\"(max-width: 720px) 100vw, 720px\" \/> <img loading=\"lazy\" decoding=\"async\" class=\"alignnone size-full wp-image-7342\" src=\"http:\/\/spp3.slawno.pl\/wp-content\/uploads\/2021\/05\/23.jpg\" alt=\"Uczniowie przebrani za stra\u017cak\u00f3w\" width=\"960\" height=\"720\" srcset=\"http:\/\/spp3.slawno.pl\/wp-content\/uploads\/2021\/05\/23.jpg 960w, http:\/\/spp3.slawno.pl\/wp-content\/uploads\/2021\/05\/23-300x225.jpg 300w, http:\/\/spp3.slawno.pl\/wp-content\/uploads\/2021\/05\/23-768x576.jpg 768w, http:\/\/spp3.slawno.pl\/wp-content\/uploads\/2021\/05\/23-678x509.jpg 678w, http:\/\/spp3.slawno.pl\/wp-content\/uploads\/2021\/05\/23-326x245.jpg 326w, http:\/\/spp3.slawno.pl\/wp-content\/uploads\/2021\/05\/23-80x60.jpg 80w\" sizes=\"(max-width: 960px) 100vw, 960px\" \/> <img loading=\"lazy\" decoding=\"async\" class=\"alignnone size-full wp-image-7343\" src=\"http:\/\/spp3.slawno.pl\/wp-content\/uploads\/2021\/05\/24.jpg\" alt=\"Uczniowie przebrani za stra\u017cak\u00f3w\" width=\"960\" height=\"720\" srcset=\"http:\/\/spp3.slawno.pl\/wp-content\/uploads\/2021\/05\/24.jpg 960w, http:\/\/spp3.slawno.pl\/wp-content\/uploads\/2021\/05\/24-300x225.jpg 300w, http:\/\/spp3.slawno.pl\/wp-content\/uploads\/2021\/05\/24-768x576.jpg 768w, http:\/\/spp3.slawno.pl\/wp-content\/uploads\/2021\/05\/24-678x509.jpg 678w, http:\/\/spp3.slawno.pl\/wp-content\/uploads\/2021\/05\/24-326x245.jpg 326w, http:\/\/spp3.slawno.pl\/wp-content\/uploads\/2021\/05\/24-80x60.jpg 80w\" sizes=\"(max-width: 960px) 100vw, 960px\" \/> <img loading=\"lazy\" decoding=\"async\" class=\"alignnone size-full wp-image-7344\" src=\"http:\/\/spp3.slawno.pl\/wp-content\/uploads\/2021\/05\/25.jpg\" alt=\"Uczniowie przebrani za stra\u017cak\u00f3w\" width=\"720\" height=\"960\" srcset=\"http:\/\/spp3.slawno.pl\/wp-content\/uploads\/2021\/05\/25.jpg 720w, http:\/\/spp3.slawno.pl\/wp-content\/uploads\/2021\/05\/25-225x300.jpg 225w\" sizes=\"(max-width: 720px) 100vw, 720px\" \/><\/div>\n","protected":false},"excerpt":{"rendered":"<div class=\"mh-excerpt\"><p>Jak ka\u017cdy wie, 4 maja przypada Dzie\u0144 Stra\u017caka. Klasa 2a z wychowawczyni\u0105 Ann\u0105 Olejnik postanowi\u0142a uczci\u0107 ten dzie\u0144 podejmuj\u0105c stra\u017cackie tematy na podstawie lektury \u201eJak <a class=\"mh-excerpt-more\" href=\"http:\/\/spp3.slawno.pl\/?p=7331\" title=\"Dzie\u0144 Stra\u017caka w klasie 2 a\">[&#8230;]<\/a><\/p>\n<\/div>","protected":false},"author":2,"featured_media":7336,"comment_status":"closed","ping_status":"open","sticky":false,"template":"","format":"standard","meta":{"footnotes":""},"categories":[32,8],"tags":[],"class_list":["post-7331","post","type-post","status-publish","format-standard","has-post-thumbnail","hentry","category-akcje","category-wydarzenia"],"_links":{"self":[{"href":"http:\/\/spp3.slawno.pl\/index.php?rest_route=\/wp\/v2\/posts\/7331"}],"collection":[{"href":"http:\/\/spp3.slawno.pl\/index.php?rest_route=\/wp\/v2\/posts"}],"about":[{"href":"http:\/\/spp3.slawno.pl\/index.php?rest_route=\/wp\/v2\/types\/post"}],"author":[{"embeddable":true,"href":"http:\/\/spp3.slawno.pl\/index.php?rest_route=\/wp\/v2\/users\/2"}],"replies":[{"embeddable":true,"href":"http:\/\/spp3.slawno.pl\/index.php?rest_route=%2Fwp%2Fv2%2Fcomments&post=7331"}],"version-history":[{"count":2,"href":"http:\/\/spp3.slawno.pl\/index.php?rest_route=\/wp\/v2\/posts\/7331\/revisions"}],"predecessor-version":[{"id":7356,"href":"http:\/\/spp3.slawno.pl\/index.php?rest_route=\/wp\/v2\/posts\/7331\/revisions\/7356"}],"wp:featuredmedia":[{"embeddable":true,"href":"http:\/\/spp3.slawno.pl\/index.php?rest_route=\/wp\/v2\/media\/7336"}],"wp:attachment":[{"href":"http:\/\/spp3.slawno.pl\/index.php?rest_route=%2Fwp%2Fv2%2Fmedia&parent=7331"}],"wp:term":[{"taxonomy":"category","embeddable":true,"href":"http:\/\/spp3.slawno.pl\/index.php?rest_route=%2Fwp%2Fv2%2Fcategories&post=7331"},{"taxonomy":"post_tag","embeddable":true,"href":"http:\/\/spp3.slawno.pl\/index.php?rest_route=%2Fwp%2Fv2%2Ftags&post=7331"}],"curies":[{"name":"wp","href":"https:\/\/api.w.org\/{rel}","templated":true}]}}