{"id":7452,"date":"2021-05-22T16:46:03","date_gmt":"2021-05-22T14:46:03","guid":{"rendered":"http:\/\/spp3.slawno.pl\/?p=7452"},"modified":"2021-05-22T16:46:28","modified_gmt":"2021-05-22T14:46:28","slug":"zmiany-przydzialu-sal-dla-klas-w-nauczaniu-stacjonarnym","status":"publish","type":"post","link":"http:\/\/spp3.slawno.pl\/?p=7452","title":{"rendered":"Zmiany przydzia\u0142u sal w nauczaniu stacjonarnym"},"content":{"rendered":"<div>W zwi\u0105zku z trybem nauczania hybrydowego w poniedzia\u0142ek 24.05 oraz w<\/div>\n<div>pi\u0105tek 28.05\u00a0 nast\u0119puje zmiana klas uczestnicz\u0105cych w nauczaniu<\/div>\n<div>stacjonarnym. Do szko\u0142y przychodz\u0105 nast\u0119puj\u0105ce klasy:<\/div>\n<div><\/div>\n<div>5a &#8211; 8A<\/div>\n<div><\/div>\n<div>6a &#8211; 7A<\/div>\n<div><\/div>\n<div>6b &#8211; 1 ( Budynek C )<\/div>\n<div><\/div>\n<div>6c &#8211; 27<\/div>\n<div><\/div>\n<div>6d &#8211; 47<\/div>\n<div><\/div>\n<div>7a &#8211; 46<\/div>\n<div><\/div>\n<div>7b &#8211; 25<\/div>\n<div><\/div>\n<div>7c &#8211; 15<\/div>\n<div><\/div>\n<div>7d &#8211; 35<\/div>\n<div><\/div>\n<div>Pozosta\u0142e klasy w tych dniach przechodz\u0105 w tryb nauczania online. W<\/div>\n<div>terminie 25.05-27.05 w szkole odbywa si\u0119 egzamin ko\u0144cowy klas \u00f3smych.<img loading=\"lazy\" decoding=\"async\" class=\"alignnone size-full wp-image-7453\" src=\"http:\/\/spp3.slawno.pl\/wp-content\/uploads\/2021\/05\/egzamin.jpg\" alt=\"Zasady bezpiecze\u0144stwa\" width=\"707\" height=\"1000\" srcset=\"http:\/\/spp3.slawno.pl\/wp-content\/uploads\/2021\/05\/egzamin.jpg 707w, http:\/\/spp3.slawno.pl\/wp-content\/uploads\/2021\/05\/egzamin-212x300.jpg 212w\" sizes=\"(max-width: 707px) 100vw, 707px\" \/><\/div>\n","protected":false},"excerpt":{"rendered":"<div class=\"mh-excerpt\"><p>W zwi\u0105zku z trybem nauczania hybrydowego w poniedzia\u0142ek 24.05 oraz w pi\u0105tek 28.05\u00a0 nast\u0119puje zmiana klas uczestnicz\u0105cych w nauczaniu stacjonarnym. Do szko\u0142y przychodz\u0105 nast\u0119puj\u0105ce klasy: <a class=\"mh-excerpt-more\" href=\"http:\/\/spp3.slawno.pl\/?p=7452\" title=\"Zmiany przydzia\u0142u sal w nauczaniu stacjonarnym\">[&#8230;]<\/a><\/p>\n<\/div>","protected":false},"author":2,"featured_media":7453,"comment_status":"closed","ping_status":"open","sticky":false,"template":"","format":"standard","meta":{"footnotes":""},"categories":[8],"tags":[],"class_list":["post-7452","post","type-post","status-publish","format-standard","has-post-thumbnail","hentry","category-wydarzenia"],"_links":{"self":[{"href":"http:\/\/spp3.slawno.pl\/index.php?rest_route=\/wp\/v2\/posts\/7452"}],"collection":[{"href":"http:\/\/spp3.slawno.pl\/index.php?rest_route=\/wp\/v2\/posts"}],"about":[{"href":"http:\/\/spp3.slawno.pl\/index.php?rest_route=\/wp\/v2\/types\/post"}],"author":[{"embeddable":true,"href":"http:\/\/spp3.slawno.pl\/index.php?rest_route=\/wp\/v2\/users\/2"}],"replies":[{"embeddable":true,"href":"http:\/\/spp3.slawno.pl\/index.php?rest_route=%2Fwp%2Fv2%2Fcomments&post=7452"}],"version-history":[{"count":2,"href":"http:\/\/spp3.slawno.pl\/index.php?rest_route=\/wp\/v2\/posts\/7452\/revisions"}],"predecessor-version":[{"id":7455,"href":"http:\/\/spp3.slawno.pl\/index.php?rest_route=\/wp\/v2\/posts\/7452\/revisions\/7455"}],"wp:featuredmedia":[{"embeddable":true,"href":"http:\/\/spp3.slawno.pl\/index.php?rest_route=\/wp\/v2\/media\/7453"}],"wp:attachment":[{"href":"http:\/\/spp3.slawno.pl\/index.php?rest_route=%2Fwp%2Fv2%2Fmedia&parent=7452"}],"wp:term":[{"taxonomy":"category","embeddable":true,"href":"http:\/\/spp3.slawno.pl\/index.php?rest_route=%2Fwp%2Fv2%2Fcategories&post=7452"},{"taxonomy":"post_tag","embeddable":true,"href":"http:\/\/spp3.slawno.pl\/index.php?rest_route=%2Fwp%2Fv2%2Ftags&post=7452"}],"curies":[{"name":"wp","href":"https:\/\/api.w.org\/{rel}","templated":true}]}}