{"id":7457,"date":"2021-05-23T19:22:55","date_gmt":"2021-05-23T17:22:55","guid":{"rendered":"http:\/\/spp3.slawno.pl\/?p=7457"},"modified":"2021-05-23T19:22:55","modified_gmt":"2021-05-23T17:22:55","slug":"konkurs-fotograficzny-poezja-w-obiektywie","status":"publish","type":"post","link":"http:\/\/spp3.slawno.pl\/?p=7457","title":{"rendered":"Konkurs Fotograficzny POEZJA W OBIEKTYWIE"},"content":{"rendered":"<div class=\"kvgmc6g5 cxmmr5t8 oygrvhab hcukyx3x c1et5uql ii04i59q\">\n<div dir=\"auto\">Wyniki Szkolnego Konkursu Fotograficznego POEZJA W OBIEKTYWIE<\/div>\n<div dir=\"auto\">\u00a0I m. Oliwia Hetma\u0144ska 7A<\/div>\n<div dir=\"auto\">II m. Mirek Wyszatycki 7B<\/div>\n<div dir=\"auto\">III m. Maja Tomaszewska 7B<\/div>\n<\/div>\n<div class=\"o9v6fnle cxmmr5t8 oygrvhab hcukyx3x c1et5uql ii04i59q\">\n<div dir=\"auto\">Wyr\u00f3\u017cnienia:<\/div>\n<div dir=\"auto\">Kornelia Smutek 8B<\/div>\n<div dir=\"auto\">Julia \u017buchowska 7B<\/div>\n<div dir=\"auto\">Maksym Materka 4B<\/div>\n<div dir=\"auto\">Gratulujemy wszystkim uczestnikom konkursu &#8211; macie bardzo celne oko.<\/div>\n<div dir=\"auto\"><img loading=\"lazy\" decoding=\"async\" class=\"alignnone size-full wp-image-7458\" src=\"http:\/\/spp3.slawno.pl\/wp-content\/uploads\/2021\/05\/1-3.jpg\" alt=\"Zdj\u0119cia przyrody i przedmiot\u00f3w martwych-konkurs fotograficzny\" width=\"960\" height=\"628\" srcset=\"http:\/\/spp3.slawno.pl\/wp-content\/uploads\/2021\/05\/1-3.jpg 960w, http:\/\/spp3.slawno.pl\/wp-content\/uploads\/2021\/05\/1-3-300x196.jpg 300w, http:\/\/spp3.slawno.pl\/wp-content\/uploads\/2021\/05\/1-3-768x502.jpg 768w\" sizes=\"(max-width: 960px) 100vw, 960px\" \/> <img loading=\"lazy\" decoding=\"async\" class=\"alignnone size-full wp-image-7459\" src=\"http:\/\/spp3.slawno.pl\/wp-content\/uploads\/2021\/05\/2-4.jpg\" alt=\"Zdj\u0119cia przyrody i przedmiot\u00f3w martwych-konkurs fotograficzny\" width=\"362\" height=\"576\" srcset=\"http:\/\/spp3.slawno.pl\/wp-content\/uploads\/2021\/05\/2-4.jpg 362w, http:\/\/spp3.slawno.pl\/wp-content\/uploads\/2021\/05\/2-4-189x300.jpg 189w\" sizes=\"(max-width: 362px) 100vw, 362px\" \/> <img loading=\"lazy\" decoding=\"async\" class=\"alignnone size-full wp-image-7460\" src=\"http:\/\/spp3.slawno.pl\/wp-content\/uploads\/2021\/05\/3-4.jpg\" alt=\"Zdj\u0119cia przyrody i przedmiot\u00f3w martwych-konkurs fotograficzny\" width=\"960\" height=\"768\" srcset=\"http:\/\/spp3.slawno.pl\/wp-content\/uploads\/2021\/05\/3-4.jpg 960w, http:\/\/spp3.slawno.pl\/wp-content\/uploads\/2021\/05\/3-4-300x240.jpg 300w, http:\/\/spp3.slawno.pl\/wp-content\/uploads\/2021\/05\/3-4-768x614.jpg 768w\" sizes=\"(max-width: 960px) 100vw, 960px\" \/> <img loading=\"lazy\" decoding=\"async\" class=\"alignnone size-full wp-image-7461\" src=\"http:\/\/spp3.slawno.pl\/wp-content\/uploads\/2021\/05\/4-4.jpg\" alt=\"Zdj\u0119cia przyrody i przedmiot\u00f3w martwych-konkurs fotograficzny\" width=\"691\" height=\"920\" srcset=\"http:\/\/spp3.slawno.pl\/wp-content\/uploads\/2021\/05\/4-4.jpg 691w, http:\/\/spp3.slawno.pl\/wp-content\/uploads\/2021\/05\/4-4-225x300.jpg 225w\" sizes=\"(max-width: 691px) 100vw, 691px\" \/> <img loading=\"lazy\" decoding=\"async\" class=\"alignnone size-full wp-image-7462\" src=\"http:\/\/spp3.slawno.pl\/wp-content\/uploads\/2021\/05\/5-4.jpg\" alt=\"Zdj\u0119cia przyrody i przedmiot\u00f3w martwych-konkurs fotograficzny\" width=\"495\" height=\"719\" srcset=\"http:\/\/spp3.slawno.pl\/wp-content\/uploads\/2021\/05\/5-4.jpg 495w, http:\/\/spp3.slawno.pl\/wp-content\/uploads\/2021\/05\/5-4-207x300.jpg 207w\" sizes=\"(max-width: 495px) 100vw, 495px\" \/> <img loading=\"lazy\" decoding=\"async\" class=\"alignnone size-full wp-image-7463\" src=\"http:\/\/spp3.slawno.pl\/wp-content\/uploads\/2021\/05\/6-3.jpg\" alt=\"Zdj\u0119cia przyrody i przedmiot\u00f3w martwych-konkurs fotograficzny\" width=\"493\" height=\"779\" srcset=\"http:\/\/spp3.slawno.pl\/wp-content\/uploads\/2021\/05\/6-3.jpg 493w, http:\/\/spp3.slawno.pl\/wp-content\/uploads\/2021\/05\/6-3-190x300.jpg 190w\" sizes=\"(max-width: 493px) 100vw, 493px\" \/> <img loading=\"lazy\" decoding=\"async\" class=\"alignnone size-full wp-image-7464\" src=\"http:\/\/spp3.slawno.pl\/wp-content\/uploads\/2021\/05\/7-4.jpg\" alt=\"Zdj\u0119cia przyrody i przedmiot\u00f3w martwych-konkurs fotograficzny\" width=\"774\" height=\"960\" srcset=\"http:\/\/spp3.slawno.pl\/wp-content\/uploads\/2021\/05\/7-4.jpg 774w, http:\/\/spp3.slawno.pl\/wp-content\/uploads\/2021\/05\/7-4-242x300.jpg 242w, http:\/\/spp3.slawno.pl\/wp-content\/uploads\/2021\/05\/7-4-768x953.jpg 768w\" sizes=\"(max-width: 774px) 100vw, 774px\" \/> <img loading=\"lazy\" decoding=\"async\" class=\"alignnone size-full wp-image-7465\" src=\"http:\/\/spp3.slawno.pl\/wp-content\/uploads\/2021\/05\/8-4.jpg\" alt=\"Zdj\u0119cia przyrody i przedmiot\u00f3w martwych-konkurs fotograficzny\" width=\"480\" height=\"640\" srcset=\"http:\/\/spp3.slawno.pl\/wp-content\/uploads\/2021\/05\/8-4.jpg 480w, http:\/\/spp3.slawno.pl\/wp-content\/uploads\/2021\/05\/8-4-225x300.jpg 225w\" sizes=\"(max-width: 480px) 100vw, 480px\" \/> <img loading=\"lazy\" decoding=\"async\" class=\"alignnone size-full wp-image-7466\" src=\"http:\/\/spp3.slawno.pl\/wp-content\/uploads\/2021\/05\/10-4.jpg\" alt=\"Zdj\u0119cia przyrody i przedmiot\u00f3w martwych-konkurs fotograficzny\" width=\"640\" height=\"439\" srcset=\"http:\/\/spp3.slawno.pl\/wp-content\/uploads\/2021\/05\/10-4.jpg 640w, http:\/\/spp3.slawno.pl\/wp-content\/uploads\/2021\/05\/10-4-300x206.jpg 300w\" sizes=\"(max-width: 640px) 100vw, 640px\" \/><\/div>\n<\/div>\n","protected":false},"excerpt":{"rendered":"<div class=\"mh-excerpt\"><p>Wyniki Szkolnego Konkursu Fotograficznego POEZJA W OBIEKTYWIE \u00a0I m. Oliwia Hetma\u0144ska 7A II m. Mirek Wyszatycki 7B III m. Maja Tomaszewska 7B Wyr\u00f3\u017cnienia: Kornelia Smutek <a class=\"mh-excerpt-more\" href=\"http:\/\/spp3.slawno.pl\/?p=7457\" title=\"Konkurs Fotograficzny POEZJA W OBIEKTYWIE\">[&#8230;]<\/a><\/p>\n<\/div>","protected":false},"author":2,"featured_media":7460,"comment_status":"closed","ping_status":"open","sticky":false,"template":"","format":"standard","meta":{"footnotes":""},"categories":[7,8],"tags":[],"class_list":["post-7457","post","type-post","status-publish","format-standard","has-post-thumbnail","hentry","category-konkursy","category-wydarzenia"],"_links":{"self":[{"href":"http:\/\/spp3.slawno.pl\/index.php?rest_route=\/wp\/v2\/posts\/7457"}],"collection":[{"href":"http:\/\/spp3.slawno.pl\/index.php?rest_route=\/wp\/v2\/posts"}],"about":[{"href":"http:\/\/spp3.slawno.pl\/index.php?rest_route=\/wp\/v2\/types\/post"}],"author":[{"embeddable":true,"href":"http:\/\/spp3.slawno.pl\/index.php?rest_route=\/wp\/v2\/users\/2"}],"replies":[{"embeddable":true,"href":"http:\/\/spp3.slawno.pl\/index.php?rest_route=%2Fwp%2Fv2%2Fcomments&post=7457"}],"version-history":[{"count":1,"href":"http:\/\/spp3.slawno.pl\/index.php?rest_route=\/wp\/v2\/posts\/7457\/revisions"}],"predecessor-version":[{"id":7467,"href":"http:\/\/spp3.slawno.pl\/index.php?rest_route=\/wp\/v2\/posts\/7457\/revisions\/7467"}],"wp:featuredmedia":[{"embeddable":true,"href":"http:\/\/spp3.slawno.pl\/index.php?rest_route=\/wp\/v2\/media\/7460"}],"wp:attachment":[{"href":"http:\/\/spp3.slawno.pl\/index.php?rest_route=%2Fwp%2Fv2%2Fmedia&parent=7457"}],"wp:term":[{"taxonomy":"category","embeddable":true,"href":"http:\/\/spp3.slawno.pl\/index.php?rest_route=%2Fwp%2Fv2%2Fcategories&post=7457"},{"taxonomy":"post_tag","embeddable":true,"href":"http:\/\/spp3.slawno.pl\/index.php?rest_route=%2Fwp%2Fv2%2Ftags&post=7457"}],"curies":[{"name":"wp","href":"https:\/\/api.w.org\/{rel}","templated":true}]}}