{"id":7468,"date":"2021-05-24T20:47:42","date_gmt":"2021-05-24T18:47:42","guid":{"rendered":"http:\/\/spp3.slawno.pl\/?p=7468"},"modified":"2021-05-24T20:47:36","modified_gmt":"2021-05-24T18:47:36","slug":"egzamin-osmoklasisty-2","status":"publish","type":"post","link":"http:\/\/spp3.slawno.pl\/?p=7468","title":{"rendered":"Egzamin \u00f3smoklasisty"},"content":{"rendered":"<div>W dniach 25.05 &#8211; 27.05 w naszej szkole odb\u0119dzie si\u0119 egzamin<\/div>\n<div>\u00f3smoklasisty.\u00a0 Uczniowie klas 8a, 8b, 8c i 8d w warunkach re\u017cimu<\/div>\n<div>sanitarnego zmierz\u0105 si\u0119 z testami z j. polskiego, matematyki oraz<\/div>\n<div>wybranego j\u0119zyka obcego. \u017byczymy wszystkim powodzenia, jak najlepszych<\/div>\n<div>wynik\u00f3w oraz dostania si\u0119 do wymarzonej szko\u0142y.<\/div>\n<div>Trzymamy za was kciuki !<\/div>\n<div><img loading=\"lazy\" decoding=\"async\" class=\"alignnone size-large wp-image-7469\" src=\"http:\/\/spp3.slawno.pl\/wp-content\/uploads\/2021\/05\/1-2-1-1024x576.jpg\" alt=\"Slajd o wytycznych dotycz\u0105cych egzaminu \u00f3smoklasisty\" width=\"1024\" height=\"576\" srcset=\"http:\/\/spp3.slawno.pl\/wp-content\/uploads\/2021\/05\/1-2-1.jpg 1024w, http:\/\/spp3.slawno.pl\/wp-content\/uploads\/2021\/05\/1-2-1-300x169.jpg 300w, http:\/\/spp3.slawno.pl\/wp-content\/uploads\/2021\/05\/1-2-1-768x432.jpg 768w, http:\/\/spp3.slawno.pl\/wp-content\/uploads\/2021\/05\/1-2-1-678x381.jpg 678w\" sizes=\"(max-width: 1024px) 100vw, 1024px\" \/> <img loading=\"lazy\" decoding=\"async\" class=\"alignnone size-large wp-image-7470\" src=\"http:\/\/spp3.slawno.pl\/wp-content\/uploads\/2021\/05\/2-1-1-1024x576.jpg\" alt=\"Slajd o wytycznych dotycz\u0105cych egzaminu \u00f3smoklasisty\" width=\"1024\" height=\"576\" srcset=\"http:\/\/spp3.slawno.pl\/wp-content\/uploads\/2021\/05\/2-1-1.jpg 1024w, http:\/\/spp3.slawno.pl\/wp-content\/uploads\/2021\/05\/2-1-1-300x169.jpg 300w, http:\/\/spp3.slawno.pl\/wp-content\/uploads\/2021\/05\/2-1-1-768x432.jpg 768w, http:\/\/spp3.slawno.pl\/wp-content\/uploads\/2021\/05\/2-1-1-678x381.jpg 678w\" sizes=\"(max-width: 1024px) 100vw, 1024px\" \/> <img loading=\"lazy\" decoding=\"async\" class=\"alignnone size-large wp-image-7471\" src=\"http:\/\/spp3.slawno.pl\/wp-content\/uploads\/2021\/05\/3-2-1-1024x576.jpg\" alt=\"Slajd o wytycznych dotycz\u0105cych egzaminu \u00f3smoklasisty\" width=\"1024\" height=\"576\" srcset=\"http:\/\/spp3.slawno.pl\/wp-content\/uploads\/2021\/05\/3-2-1.jpg 1024w, http:\/\/spp3.slawno.pl\/wp-content\/uploads\/2021\/05\/3-2-1-300x169.jpg 300w, http:\/\/spp3.slawno.pl\/wp-content\/uploads\/2021\/05\/3-2-1-768x432.jpg 768w, http:\/\/spp3.slawno.pl\/wp-content\/uploads\/2021\/05\/3-2-1-678x381.jpg 678w\" sizes=\"(max-width: 1024px) 100vw, 1024px\" \/> <img loading=\"lazy\" decoding=\"async\" class=\"alignnone size-large wp-image-7472\" src=\"http:\/\/spp3.slawno.pl\/wp-content\/uploads\/2021\/05\/4-2-1-1024x576.jpg\" alt=\"Slajd o wytycznych dotycz\u0105cych egzaminu \u00f3smoklasisty\" width=\"1024\" height=\"576\" srcset=\"http:\/\/spp3.slawno.pl\/wp-content\/uploads\/2021\/05\/4-2-1.jpg 1024w, http:\/\/spp3.slawno.pl\/wp-content\/uploads\/2021\/05\/4-2-1-300x169.jpg 300w, http:\/\/spp3.slawno.pl\/wp-content\/uploads\/2021\/05\/4-2-1-768x432.jpg 768w, http:\/\/spp3.slawno.pl\/wp-content\/uploads\/2021\/05\/4-2-1-678x381.jpg 678w\" sizes=\"(max-width: 1024px) 100vw, 1024px\" \/> <img loading=\"lazy\" decoding=\"async\" class=\"alignnone size-large wp-image-7473\" src=\"http:\/\/spp3.slawno.pl\/wp-content\/uploads\/2021\/05\/5-2-1-1024x576.jpg\" alt=\"Slajd o wytycznych dotycz\u0105cych egzaminu \u00f3smoklasisty\" width=\"1024\" height=\"576\" srcset=\"http:\/\/spp3.slawno.pl\/wp-content\/uploads\/2021\/05\/5-2-1.jpg 1024w, http:\/\/spp3.slawno.pl\/wp-content\/uploads\/2021\/05\/5-2-1-300x169.jpg 300w, http:\/\/spp3.slawno.pl\/wp-content\/uploads\/2021\/05\/5-2-1-768x432.jpg 768w, http:\/\/spp3.slawno.pl\/wp-content\/uploads\/2021\/05\/5-2-1-678x381.jpg 678w\" sizes=\"(max-width: 1024px) 100vw, 1024px\" \/><\/div>\n","protected":false},"excerpt":{"rendered":"<div class=\"mh-excerpt\"><p>W dniach 25.05 &#8211; 27.05 w naszej szkole odb\u0119dzie si\u0119 egzamin \u00f3smoklasisty.\u00a0 Uczniowie klas 8a, 8b, 8c i 8d w warunkach re\u017cimu sanitarnego zmierz\u0105 si\u0119 <a class=\"mh-excerpt-more\" href=\"http:\/\/spp3.slawno.pl\/?p=7468\" title=\"Egzamin \u00f3smoklasisty\">[&#8230;]<\/a><\/p>\n<\/div>","protected":false},"author":2,"featured_media":7469,"comment_status":"closed","ping_status":"open","sticky":false,"template":"","format":"standard","meta":{"footnotes":""},"categories":[8],"tags":[],"class_list":["post-7468","post","type-post","status-publish","format-standard","has-post-thumbnail","hentry","category-wydarzenia"],"_links":{"self":[{"href":"http:\/\/spp3.slawno.pl\/index.php?rest_route=\/wp\/v2\/posts\/7468"}],"collection":[{"href":"http:\/\/spp3.slawno.pl\/index.php?rest_route=\/wp\/v2\/posts"}],"about":[{"href":"http:\/\/spp3.slawno.pl\/index.php?rest_route=\/wp\/v2\/types\/post"}],"author":[{"embeddable":true,"href":"http:\/\/spp3.slawno.pl\/index.php?rest_route=\/wp\/v2\/users\/2"}],"replies":[{"embeddable":true,"href":"http:\/\/spp3.slawno.pl\/index.php?rest_route=%2Fwp%2Fv2%2Fcomments&post=7468"}],"version-history":[{"count":1,"href":"http:\/\/spp3.slawno.pl\/index.php?rest_route=\/wp\/v2\/posts\/7468\/revisions"}],"predecessor-version":[{"id":7474,"href":"http:\/\/spp3.slawno.pl\/index.php?rest_route=\/wp\/v2\/posts\/7468\/revisions\/7474"}],"wp:featuredmedia":[{"embeddable":true,"href":"http:\/\/spp3.slawno.pl\/index.php?rest_route=\/wp\/v2\/media\/7469"}],"wp:attachment":[{"href":"http:\/\/spp3.slawno.pl\/index.php?rest_route=%2Fwp%2Fv2%2Fmedia&parent=7468"}],"wp:term":[{"taxonomy":"category","embeddable":true,"href":"http:\/\/spp3.slawno.pl\/index.php?rest_route=%2Fwp%2Fv2%2Fcategories&post=7468"},{"taxonomy":"post_tag","embeddable":true,"href":"http:\/\/spp3.slawno.pl\/index.php?rest_route=%2Fwp%2Fv2%2Ftags&post=7468"}],"curies":[{"name":"wp","href":"https:\/\/api.w.org\/{rel}","templated":true}]}}