{"id":7475,"date":"2021-05-24T16:23:08","date_gmt":"2021-05-24T14:23:08","guid":{"rendered":"http:\/\/spp3.slawno.pl\/?p=7475"},"modified":"2021-05-30T18:16:40","modified_gmt":"2021-05-30T16:16:40","slug":"kidssport-dzien-drzewa","status":"publish","type":"post","link":"http:\/\/spp3.slawno.pl\/?p=7475","title":{"rendered":"#Kids&#038;Sport &#8211; Dzie\u0144 Drzewa"},"content":{"rendered":"<p>Uczniowie klasy 3 c wzi\u0119li udzia\u0142 w zaj\u0119ciach artystycznych online przygotowanych przez <a class=\"oajrlxb2 g5ia77u1 qu0x051f esr5mh6w e9989ue4 r7d6kgcz rq0escxv nhd2j8a9 nc684nl6 p7hjln8o kvgmc6g5 cxmmr5t8 oygrvhab hcukyx3x jb3vyjys rz4wbd8a qt6c0cv9 a8nywdso i1ao9s8h esuyzwwr f1sip0of lzcic4wl q66pz984 gpro0wi8 b1v8xokw\" tabindex=\"0\" role=\"link\" href=\"https:\/\/www.facebook.com\/hashtag\/kids?__eep__=6&amp;__cft__[0]=AZV5WMzhUrJjfUZvvDw9Xf-iRoAqFCgnNi56ZO88s_voCAraCz7-JEJHuGFvCf9L3YlEYcBxCJo26hsX90CYUF9GSZHSfuiBNj1Um9MgWK4qjbNRxjxszzK1mncW_r8Tcv2_SuzD5Gncpb0zYnN31xvU&amp;__tn__=*NK-R\">#Kids<\/a>&amp;Sport &#8211; Dzie\u0144 Drzewa. Podczas zaj\u0119\u0107 poznali jedno z dzie\u0142 wybitnego artysty Gustava Klimta. Wsp\u00f3lnie namalowali wyj\u0105tkowe drzewo inspirowane tw\u00f3rczo\u015bci\u0105 tego artysty.<\/p>\n<p><img loading=\"lazy\" decoding=\"async\" class=\"alignnone size-full wp-image-7476\" src=\"http:\/\/spp3.slawno.pl\/wp-content\/uploads\/2021\/05\/1-4.jpg\" alt=\"Drzewa prace i ich tw\u00f3rcy\" width=\"960\" height=\"960\" srcset=\"http:\/\/spp3.slawno.pl\/wp-content\/uploads\/2021\/05\/1-4.jpg 960w, http:\/\/spp3.slawno.pl\/wp-content\/uploads\/2021\/05\/1-4-150x150.jpg 150w, http:\/\/spp3.slawno.pl\/wp-content\/uploads\/2021\/05\/1-4-300x300.jpg 300w, http:\/\/spp3.slawno.pl\/wp-content\/uploads\/2021\/05\/1-4-768x768.jpg 768w\" sizes=\"(max-width: 960px) 100vw, 960px\" \/> <img loading=\"lazy\" decoding=\"async\" class=\"alignnone size-full wp-image-7477\" src=\"http:\/\/spp3.slawno.pl\/wp-content\/uploads\/2021\/05\/2-5.jpg\" alt=\"Drzewa prace i ich tw\u00f3rcy\" width=\"716\" height=\"960\" srcset=\"http:\/\/spp3.slawno.pl\/wp-content\/uploads\/2021\/05\/2-5.jpg 716w, http:\/\/spp3.slawno.pl\/wp-content\/uploads\/2021\/05\/2-5-224x300.jpg 224w\" sizes=\"(max-width: 716px) 100vw, 716px\" \/> <img loading=\"lazy\" decoding=\"async\" class=\"alignnone size-full wp-image-7478\" src=\"http:\/\/spp3.slawno.pl\/wp-content\/uploads\/2021\/05\/3-5.jpg\" alt=\"Drzewa prace i ich tw\u00f3rcy\" width=\"720\" height=\"960\" srcset=\"http:\/\/spp3.slawno.pl\/wp-content\/uploads\/2021\/05\/3-5.jpg 720w, http:\/\/spp3.slawno.pl\/wp-content\/uploads\/2021\/05\/3-5-225x300.jpg 225w\" sizes=\"(max-width: 720px) 100vw, 720px\" \/> <img loading=\"lazy\" decoding=\"async\" class=\"alignnone size-full wp-image-7479\" src=\"http:\/\/spp3.slawno.pl\/wp-content\/uploads\/2021\/05\/4-5.jpg\" alt=\"Drzewa prace i ich tw\u00f3rcy\" width=\"960\" height=\"720\" srcset=\"http:\/\/spp3.slawno.pl\/wp-content\/uploads\/2021\/05\/4-5.jpg 960w, http:\/\/spp3.slawno.pl\/wp-content\/uploads\/2021\/05\/4-5-300x225.jpg 300w, http:\/\/spp3.slawno.pl\/wp-content\/uploads\/2021\/05\/4-5-768x576.jpg 768w, http:\/\/spp3.slawno.pl\/wp-content\/uploads\/2021\/05\/4-5-678x509.jpg 678w, http:\/\/spp3.slawno.pl\/wp-content\/uploads\/2021\/05\/4-5-326x245.jpg 326w, http:\/\/spp3.slawno.pl\/wp-content\/uploads\/2021\/05\/4-5-80x60.jpg 80w\" sizes=\"(max-width: 960px) 100vw, 960px\" \/> <img loading=\"lazy\" decoding=\"async\" class=\"alignnone size-full wp-image-7480\" src=\"http:\/\/spp3.slawno.pl\/wp-content\/uploads\/2021\/05\/5-5.jpg\" alt=\"Drzewa prace i ich tw\u00f3rcy\" width=\"300\" height=\"402\" srcset=\"http:\/\/spp3.slawno.pl\/wp-content\/uploads\/2021\/05\/5-5.jpg 300w, http:\/\/spp3.slawno.pl\/wp-content\/uploads\/2021\/05\/5-5-224x300.jpg 224w\" sizes=\"(max-width: 300px) 100vw, 300px\" \/> <img loading=\"lazy\" decoding=\"async\" class=\"alignnone size-full wp-image-7481\" src=\"http:\/\/spp3.slawno.pl\/wp-content\/uploads\/2021\/05\/6-4.jpg\" alt=\"Drzewa prace i ich tw\u00f3rcy\" width=\"718\" height=\"960\" srcset=\"http:\/\/spp3.slawno.pl\/wp-content\/uploads\/2021\/05\/6-4.jpg 718w, http:\/\/spp3.slawno.pl\/wp-content\/uploads\/2021\/05\/6-4-224x300.jpg 224w\" sizes=\"(max-width: 718px) 100vw, 718px\" \/> <img loading=\"lazy\" decoding=\"async\" class=\"alignnone size-full wp-image-7482\" src=\"http:\/\/spp3.slawno.pl\/wp-content\/uploads\/2021\/05\/7-5.jpg\" alt=\"Drzewa prace i ich tw\u00f3rcy\" width=\"960\" height=\"720\" srcset=\"http:\/\/spp3.slawno.pl\/wp-content\/uploads\/2021\/05\/7-5.jpg 960w, http:\/\/spp3.slawno.pl\/wp-content\/uploads\/2021\/05\/7-5-300x225.jpg 300w, http:\/\/spp3.slawno.pl\/wp-content\/uploads\/2021\/05\/7-5-768x576.jpg 768w, http:\/\/spp3.slawno.pl\/wp-content\/uploads\/2021\/05\/7-5-678x509.jpg 678w, http:\/\/spp3.slawno.pl\/wp-content\/uploads\/2021\/05\/7-5-326x245.jpg 326w, http:\/\/spp3.slawno.pl\/wp-content\/uploads\/2021\/05\/7-5-80x60.jpg 80w\" sizes=\"(max-width: 960px) 100vw, 960px\" \/> <img loading=\"lazy\" decoding=\"async\" class=\"alignnone size-full wp-image-7483\" src=\"http:\/\/spp3.slawno.pl\/wp-content\/uploads\/2021\/05\/8-5.jpg\" alt=\"Drzewa prace i ich tw\u00f3rcy\" width=\"720\" height=\"960\" srcset=\"http:\/\/spp3.slawno.pl\/wp-content\/uploads\/2021\/05\/8-5.jpg 720w, http:\/\/spp3.slawno.pl\/wp-content\/uploads\/2021\/05\/8-5-225x300.jpg 225w\" sizes=\"(max-width: 720px) 100vw, 720px\" \/> <img loading=\"lazy\" decoding=\"async\" class=\"alignnone size-full wp-image-7484\" src=\"http:\/\/spp3.slawno.pl\/wp-content\/uploads\/2021\/05\/9-4.jpg\" alt=\"Drzewa prace i ich tw\u00f3rcy\" width=\"720\" height=\"960\" srcset=\"http:\/\/spp3.slawno.pl\/wp-content\/uploads\/2021\/05\/9-4.jpg 720w, http:\/\/spp3.slawno.pl\/wp-content\/uploads\/2021\/05\/9-4-225x300.jpg 225w\" sizes=\"(max-width: 720px) 100vw, 720px\" \/> <img loading=\"lazy\" decoding=\"async\" class=\"alignnone size-full wp-image-7485\" src=\"http:\/\/spp3.slawno.pl\/wp-content\/uploads\/2021\/05\/10-5.jpg\" alt=\"Drzewa prace i ich tw\u00f3rcy\" width=\"304\" height=\"540\" srcset=\"http:\/\/spp3.slawno.pl\/wp-content\/uploads\/2021\/05\/10-5.jpg 304w, http:\/\/spp3.slawno.pl\/wp-content\/uploads\/2021\/05\/10-5-169x300.jpg 169w\" sizes=\"(max-width: 304px) 100vw, 304px\" \/><\/p>\n","protected":false},"excerpt":{"rendered":"<div class=\"mh-excerpt\"><p>Uczniowie klasy 3 c wzi\u0119li udzia\u0142 w zaj\u0119ciach artystycznych online przygotowanych przez #Kids&amp;Sport &#8211; Dzie\u0144 Drzewa. Podczas zaj\u0119\u0107 poznali jedno z dzie\u0142 wybitnego artysty Gustava <a class=\"mh-excerpt-more\" href=\"http:\/\/spp3.slawno.pl\/?p=7475\" title=\"#Kids&#038;Sport &#8211; Dzie\u0144 Drzewa\">[&#8230;]<\/a><\/p>\n<\/div>","protected":false},"author":2,"featured_media":7479,"comment_status":"closed","ping_status":"open","sticky":false,"template":"","format":"standard","meta":{"footnotes":""},"categories":[32,8],"tags":[],"class_list":["post-7475","post","type-post","status-publish","format-standard","has-post-thumbnail","hentry","category-akcje","category-wydarzenia"],"_links":{"self":[{"href":"http:\/\/spp3.slawno.pl\/index.php?rest_route=\/wp\/v2\/posts\/7475"}],"collection":[{"href":"http:\/\/spp3.slawno.pl\/index.php?rest_route=\/wp\/v2\/posts"}],"about":[{"href":"http:\/\/spp3.slawno.pl\/index.php?rest_route=\/wp\/v2\/types\/post"}],"author":[{"embeddable":true,"href":"http:\/\/spp3.slawno.pl\/index.php?rest_route=\/wp\/v2\/users\/2"}],"replies":[{"embeddable":true,"href":"http:\/\/spp3.slawno.pl\/index.php?rest_route=%2Fwp%2Fv2%2Fcomments&post=7475"}],"version-history":[{"count":1,"href":"http:\/\/spp3.slawno.pl\/index.php?rest_route=\/wp\/v2\/posts\/7475\/revisions"}],"predecessor-version":[{"id":7486,"href":"http:\/\/spp3.slawno.pl\/index.php?rest_route=\/wp\/v2\/posts\/7475\/revisions\/7486"}],"wp:featuredmedia":[{"embeddable":true,"href":"http:\/\/spp3.slawno.pl\/index.php?rest_route=\/wp\/v2\/media\/7479"}],"wp:attachment":[{"href":"http:\/\/spp3.slawno.pl\/index.php?rest_route=%2Fwp%2Fv2%2Fmedia&parent=7475"}],"wp:term":[{"taxonomy":"category","embeddable":true,"href":"http:\/\/spp3.slawno.pl\/index.php?rest_route=%2Fwp%2Fv2%2Fcategories&post=7475"},{"taxonomy":"post_tag","embeddable":true,"href":"http:\/\/spp3.slawno.pl\/index.php?rest_route=%2Fwp%2Fv2%2Ftags&post=7475"}],"curies":[{"name":"wp","href":"https:\/\/api.w.org\/{rel}","templated":true}]}}