{"id":7527,"date":"2021-05-24T20:34:14","date_gmt":"2021-05-24T18:34:14","guid":{"rendered":"http:\/\/spp3.slawno.pl\/?p=7527"},"modified":"2021-05-30T13:46:03","modified_gmt":"2021-05-30T11:46:03","slug":"7527","status":"publish","type":"post","link":"http:\/\/spp3.slawno.pl\/?p=7527","title":{"rendered":"Laureaci konkursu detektywistycznego"},"content":{"rendered":"<div class=\"kvgmc6g5 cxmmr5t8 oygrvhab hcukyx3x c1et5uql ii04i59q\">\n<div dir=\"auto\">Laureaci konkursu detektywistycznego online &#8222;Znajdziesz mnie &#8230; zgadnij gdzie?&#8221;, zorganizowanego przez MBP w S\u0142awnie z okazji Og\u00f3lnopolskiego Tygodnia Bibliotek 2021.<\/div>\n<\/div>\n<div class=\"o9v6fnle cxmmr5t8 oygrvhab hcukyx3x c1et5uql ii04i59q\">\n<div dir=\"auto\">Jak przysta\u0142o na prawdziwych detektyw\u00f3w najlepsz\u0105 spostrzegawczo\u015bci\u0105 i logicznym my\u015bleniem, wykazali si\u0119 Adam Stojewski i Jakub Rosiak.\u00a0<img loading=\"lazy\" decoding=\"async\" class=\"alignnone size-large wp-image-7528\" src=\"http:\/\/spp3.slawno.pl\/wp-content\/uploads\/2021\/05\/x-768x1024.jpg\" alt=\"Uczniowie z nagrodami ksi\u0105zkowymi\" width=\"768\" height=\"1024\" srcset=\"http:\/\/spp3.slawno.pl\/wp-content\/uploads\/2021\/05\/x-768x1024.jpg 768w, http:\/\/spp3.slawno.pl\/wp-content\/uploads\/2021\/05\/x-225x300.jpg 225w, http:\/\/spp3.slawno.pl\/wp-content\/uploads\/2021\/05\/x.jpg 1170w\" sizes=\"(max-width: 768px) 100vw, 768px\" \/> <img loading=\"lazy\" decoding=\"async\" class=\"alignnone size-large wp-image-7529\" src=\"http:\/\/spp3.slawno.pl\/wp-content\/uploads\/2021\/05\/z-768x1024.jpg\" alt=\"Uczniowie z nagrodami ksi\u0105zkowymi\" width=\"768\" height=\"1024\" srcset=\"http:\/\/spp3.slawno.pl\/wp-content\/uploads\/2021\/05\/z-768x1024.jpg 768w, http:\/\/spp3.slawno.pl\/wp-content\/uploads\/2021\/05\/z-225x300.jpg 225w, http:\/\/spp3.slawno.pl\/wp-content\/uploads\/2021\/05\/z.jpg 1170w\" sizes=\"(max-width: 768px) 100vw, 768px\" \/><\/div>\n<\/div>\n<div class=\"o9v6fnle cxmmr5t8 oygrvhab hcukyx3x c1et5uql ii04i59q\">\n<div dir=\"auto\">GRATULUJEMY!!!<\/div>\n<div dir=\"auto\"><\/div>\n<\/div>\n","protected":false},"excerpt":{"rendered":"<div class=\"mh-excerpt\"><p>Laureaci konkursu detektywistycznego online &#8222;Znajdziesz mnie &#8230; zgadnij gdzie?&#8221;, zorganizowanego przez MBP w S\u0142awnie z okazji Og\u00f3lnopolskiego Tygodnia Bibliotek 2021. Jak przysta\u0142o na prawdziwych detektyw\u00f3w <a class=\"mh-excerpt-more\" href=\"http:\/\/spp3.slawno.pl\/?p=7527\" title=\"Laureaci konkursu detektywistycznego\">[&#8230;]<\/a><\/p>\n<\/div>","protected":false},"author":2,"featured_media":7529,"comment_status":"closed","ping_status":"open","sticky":false,"template":"","format":"standard","meta":{"footnotes":""},"categories":[7,8],"tags":[],"class_list":["post-7527","post","type-post","status-publish","format-standard","has-post-thumbnail","hentry","category-konkursy","category-wydarzenia"],"_links":{"self":[{"href":"http:\/\/spp3.slawno.pl\/index.php?rest_route=\/wp\/v2\/posts\/7527"}],"collection":[{"href":"http:\/\/spp3.slawno.pl\/index.php?rest_route=\/wp\/v2\/posts"}],"about":[{"href":"http:\/\/spp3.slawno.pl\/index.php?rest_route=\/wp\/v2\/types\/post"}],"author":[{"embeddable":true,"href":"http:\/\/spp3.slawno.pl\/index.php?rest_route=\/wp\/v2\/users\/2"}],"replies":[{"embeddable":true,"href":"http:\/\/spp3.slawno.pl\/index.php?rest_route=%2Fwp%2Fv2%2Fcomments&post=7527"}],"version-history":[{"count":2,"href":"http:\/\/spp3.slawno.pl\/index.php?rest_route=\/wp\/v2\/posts\/7527\/revisions"}],"predecessor-version":[{"id":7634,"href":"http:\/\/spp3.slawno.pl\/index.php?rest_route=\/wp\/v2\/posts\/7527\/revisions\/7634"}],"wp:featuredmedia":[{"embeddable":true,"href":"http:\/\/spp3.slawno.pl\/index.php?rest_route=\/wp\/v2\/media\/7529"}],"wp:attachment":[{"href":"http:\/\/spp3.slawno.pl\/index.php?rest_route=%2Fwp%2Fv2%2Fmedia&parent=7527"}],"wp:term":[{"taxonomy":"category","embeddable":true,"href":"http:\/\/spp3.slawno.pl\/index.php?rest_route=%2Fwp%2Fv2%2Fcategories&post=7527"},{"taxonomy":"post_tag","embeddable":true,"href":"http:\/\/spp3.slawno.pl\/index.php?rest_route=%2Fwp%2Fv2%2Ftags&post=7527"}],"curies":[{"name":"wp","href":"https:\/\/api.w.org\/{rel}","templated":true}]}}