{"id":7536,"date":"2021-05-24T20:46:59","date_gmt":"2021-05-24T18:46:59","guid":{"rendered":"http:\/\/spp3.slawno.pl\/?p=7536"},"modified":"2021-05-24T20:46:59","modified_gmt":"2021-05-24T18:46:59","slug":"powrot-do-szkoly","status":"publish","type":"post","link":"http:\/\/spp3.slawno.pl\/?p=7536","title":{"rendered":"Powr\u00f3t do szko\u0142y"},"content":{"rendered":"<p>Fajnie jest wr\u00f3ci\u0107 do szko\u0142y!!! Pierwsza lekcja wychowawcza w klasie 7a po nauczaniu online.<\/p>\n<p><img loading=\"lazy\" decoding=\"async\" class=\"alignnone size-full wp-image-7537\" src=\"http:\/\/spp3.slawno.pl\/wp-content\/uploads\/2021\/05\/a2.jpg\" alt=\"Spotkanie integracyjne uczni\u00f3w\" width=\"960\" height=\"720\" srcset=\"http:\/\/spp3.slawno.pl\/wp-content\/uploads\/2021\/05\/a2.jpg 960w, http:\/\/spp3.slawno.pl\/wp-content\/uploads\/2021\/05\/a2-300x225.jpg 300w, http:\/\/spp3.slawno.pl\/wp-content\/uploads\/2021\/05\/a2-768x576.jpg 768w, http:\/\/spp3.slawno.pl\/wp-content\/uploads\/2021\/05\/a2-678x509.jpg 678w, http:\/\/spp3.slawno.pl\/wp-content\/uploads\/2021\/05\/a2-326x245.jpg 326w, http:\/\/spp3.slawno.pl\/wp-content\/uploads\/2021\/05\/a2-80x60.jpg 80w\" sizes=\"(max-width: 960px) 100vw, 960px\" \/> <img loading=\"lazy\" decoding=\"async\" class=\"alignnone size-full wp-image-7538\" src=\"http:\/\/spp3.slawno.pl\/wp-content\/uploads\/2021\/05\/a3.jpg\" alt=\"Spotkanie integracyjne uczni\u00f3w\" width=\"720\" height=\"960\" srcset=\"http:\/\/spp3.slawno.pl\/wp-content\/uploads\/2021\/05\/a3.jpg 720w, http:\/\/spp3.slawno.pl\/wp-content\/uploads\/2021\/05\/a3-225x300.jpg 225w\" sizes=\"(max-width: 720px) 100vw, 720px\" \/> <img loading=\"lazy\" decoding=\"async\" class=\"alignnone size-full wp-image-7539\" src=\"http:\/\/spp3.slawno.pl\/wp-content\/uploads\/2021\/05\/a4.jpg\" alt=\"Spotkanie integracyjne uczni\u00f3w\" width=\"960\" height=\"720\" srcset=\"http:\/\/spp3.slawno.pl\/wp-content\/uploads\/2021\/05\/a4.jpg 960w, http:\/\/spp3.slawno.pl\/wp-content\/uploads\/2021\/05\/a4-300x225.jpg 300w, http:\/\/spp3.slawno.pl\/wp-content\/uploads\/2021\/05\/a4-768x576.jpg 768w, http:\/\/spp3.slawno.pl\/wp-content\/uploads\/2021\/05\/a4-678x509.jpg 678w, http:\/\/spp3.slawno.pl\/wp-content\/uploads\/2021\/05\/a4-326x245.jpg 326w, http:\/\/spp3.slawno.pl\/wp-content\/uploads\/2021\/05\/a4-80x60.jpg 80w\" sizes=\"(max-width: 960px) 100vw, 960px\" \/> <img loading=\"lazy\" decoding=\"async\" class=\"alignnone size-full wp-image-7540\" src=\"http:\/\/spp3.slawno.pl\/wp-content\/uploads\/2021\/05\/a5.jpg\" alt=\"Spotkanie integracyjne uczni\u00f3w\" width=\"960\" height=\"720\" srcset=\"http:\/\/spp3.slawno.pl\/wp-content\/uploads\/2021\/05\/a5.jpg 960w, http:\/\/spp3.slawno.pl\/wp-content\/uploads\/2021\/05\/a5-300x225.jpg 300w, http:\/\/spp3.slawno.pl\/wp-content\/uploads\/2021\/05\/a5-768x576.jpg 768w, http:\/\/spp3.slawno.pl\/wp-content\/uploads\/2021\/05\/a5-678x509.jpg 678w, http:\/\/spp3.slawno.pl\/wp-content\/uploads\/2021\/05\/a5-326x245.jpg 326w, http:\/\/spp3.slawno.pl\/wp-content\/uploads\/2021\/05\/a5-80x60.jpg 80w\" sizes=\"(max-width: 960px) 100vw, 960px\" \/> <img loading=\"lazy\" decoding=\"async\" class=\"alignnone size-full wp-image-7541\" src=\"http:\/\/spp3.slawno.pl\/wp-content\/uploads\/2021\/05\/a6.jpg\" alt=\"Spotkanie integracyjne uczni\u00f3w\" width=\"960\" height=\"720\" srcset=\"http:\/\/spp3.slawno.pl\/wp-content\/uploads\/2021\/05\/a6.jpg 960w, http:\/\/spp3.slawno.pl\/wp-content\/uploads\/2021\/05\/a6-300x225.jpg 300w, http:\/\/spp3.slawno.pl\/wp-content\/uploads\/2021\/05\/a6-768x576.jpg 768w, http:\/\/spp3.slawno.pl\/wp-content\/uploads\/2021\/05\/a6-678x509.jpg 678w, http:\/\/spp3.slawno.pl\/wp-content\/uploads\/2021\/05\/a6-326x245.jpg 326w, http:\/\/spp3.slawno.pl\/wp-content\/uploads\/2021\/05\/a6-80x60.jpg 80w\" sizes=\"(max-width: 960px) 100vw, 960px\" \/><\/p>\n","protected":false},"excerpt":{"rendered":"<div class=\"mh-excerpt\"><p>Fajnie jest wr\u00f3ci\u0107 do szko\u0142y!!! Pierwsza lekcja wychowawcza w klasie 7a po nauczaniu online.<\/p>\n<\/div>","protected":false},"author":2,"featured_media":7538,"comment_status":"closed","ping_status":"open","sticky":false,"template":"","format":"standard","meta":{"footnotes":""},"categories":[8],"tags":[],"class_list":["post-7536","post","type-post","status-publish","format-standard","has-post-thumbnail","hentry","category-wydarzenia"],"_links":{"self":[{"href":"http:\/\/spp3.slawno.pl\/index.php?rest_route=\/wp\/v2\/posts\/7536"}],"collection":[{"href":"http:\/\/spp3.slawno.pl\/index.php?rest_route=\/wp\/v2\/posts"}],"about":[{"href":"http:\/\/spp3.slawno.pl\/index.php?rest_route=\/wp\/v2\/types\/post"}],"author":[{"embeddable":true,"href":"http:\/\/spp3.slawno.pl\/index.php?rest_route=\/wp\/v2\/users\/2"}],"replies":[{"embeddable":true,"href":"http:\/\/spp3.slawno.pl\/index.php?rest_route=%2Fwp%2Fv2%2Fcomments&post=7536"}],"version-history":[{"count":1,"href":"http:\/\/spp3.slawno.pl\/index.php?rest_route=\/wp\/v2\/posts\/7536\/revisions"}],"predecessor-version":[{"id":7542,"href":"http:\/\/spp3.slawno.pl\/index.php?rest_route=\/wp\/v2\/posts\/7536\/revisions\/7542"}],"wp:featuredmedia":[{"embeddable":true,"href":"http:\/\/spp3.slawno.pl\/index.php?rest_route=\/wp\/v2\/media\/7538"}],"wp:attachment":[{"href":"http:\/\/spp3.slawno.pl\/index.php?rest_route=%2Fwp%2Fv2%2Fmedia&parent=7536"}],"wp:term":[{"taxonomy":"category","embeddable":true,"href":"http:\/\/spp3.slawno.pl\/index.php?rest_route=%2Fwp%2Fv2%2Fcategories&post=7536"},{"taxonomy":"post_tag","embeddable":true,"href":"http:\/\/spp3.slawno.pl\/index.php?rest_route=%2Fwp%2Fv2%2Ftags&post=7536"}],"curies":[{"name":"wp","href":"https:\/\/api.w.org\/{rel}","templated":true}]}}