{"id":7543,"date":"2021-05-25T18:23:35","date_gmt":"2021-05-25T16:23:35","guid":{"rendered":"http:\/\/spp3.slawno.pl\/?p=7543"},"modified":"2021-05-25T18:34:30","modified_gmt":"2021-05-25T16:34:30","slug":"pierwszy-z-egzaminow-osmoklasistow-jezyk-polski","status":"publish","type":"post","link":"http:\/\/spp3.slawno.pl\/?p=7543","title":{"rendered":"Pierwszy z egzamin\u00f3w \u00f3smoklasist\u00f3w &#8211; j\u0119zyk polski"},"content":{"rendered":"<div>W dniu dzisiejszym uczniowie klas 8a, 8b, 8c i 8d przyst\u0105pili do<\/div>\n<div>egzamin\u00f3w ko\u0144cz\u0105cych ich edukacj\u0119 w szkole podstawowej. Jak wida\u0107,<\/div>\n<div>pomimo pogody i stresu egzaminacyjnego, humory dopisywa\u0142y. Oczywi\u015bcie<\/div>\n<div>towarzyszyli im wychowawcy wspieraj\u0105cy swoich podopiecznych w tak wa\u017cnej<\/div>\n<div>dla nich chwili. Nasi\u00a0 \u00f3smoklasi\u015bci zmagania rozpocz\u0119li testem z j.<\/div>\n<div>polskiego, jutro czas na matematyk\u0119, a na koniec test z j\u0119zyka obcego.<\/div>\n<div>\u017byczymy wszystkim jak najlepszych wynik\u00f3w i pami\u0119tajcie &#8211; jeste\u015bmy z wami \ud83d\ude42<img loading=\"lazy\" decoding=\"async\" class=\"alignnone size-large wp-image-7544\" src=\"http:\/\/spp3.slawno.pl\/wp-content\/uploads\/2021\/05\/1-1024x461.png\" alt=\"Uczniowie przed egzaminem z j. polskiego\" width=\"1024\" height=\"461\" srcset=\"http:\/\/spp3.slawno.pl\/wp-content\/uploads\/2021\/05\/1-1024x461.png 1024w, http:\/\/spp3.slawno.pl\/wp-content\/uploads\/2021\/05\/1-300x135.png 300w, http:\/\/spp3.slawno.pl\/wp-content\/uploads\/2021\/05\/1-768x346.png 768w, http:\/\/spp3.slawno.pl\/wp-content\/uploads\/2021\/05\/1.png 1111w\" sizes=\"(max-width: 1024px) 100vw, 1024px\" \/> <img loading=\"lazy\" decoding=\"async\" class=\"alignnone size-large wp-image-7545\" src=\"http:\/\/spp3.slawno.pl\/wp-content\/uploads\/2021\/05\/2-1-2-1024x461.jpg\" alt=\"Uczniowie przed egzaminem z j. polskiego\" width=\"1024\" height=\"461\" srcset=\"http:\/\/spp3.slawno.pl\/wp-content\/uploads\/2021\/05\/2-1-2-1024x461.jpg 1024w, http:\/\/spp3.slawno.pl\/wp-content\/uploads\/2021\/05\/2-1-2-300x135.jpg 300w, http:\/\/spp3.slawno.pl\/wp-content\/uploads\/2021\/05\/2-1-2-768x346.jpg 768w, http:\/\/spp3.slawno.pl\/wp-content\/uploads\/2021\/05\/2-1-2.jpg 1600w\" sizes=\"(max-width: 1024px) 100vw, 1024px\" \/> <img loading=\"lazy\" decoding=\"async\" class=\"alignnone size-large wp-image-7546\" src=\"http:\/\/spp3.slawno.pl\/wp-content\/uploads\/2021\/05\/3-1-1-1024x461.jpg\" alt=\"Uczniowie przed egzaminem z j. polskiego\" width=\"1024\" height=\"461\" srcset=\"http:\/\/spp3.slawno.pl\/wp-content\/uploads\/2021\/05\/3-1-1-1024x461.jpg 1024w, http:\/\/spp3.slawno.pl\/wp-content\/uploads\/2021\/05\/3-1-1-300x135.jpg 300w, http:\/\/spp3.slawno.pl\/wp-content\/uploads\/2021\/05\/3-1-1-768x346.jpg 768w, http:\/\/spp3.slawno.pl\/wp-content\/uploads\/2021\/05\/3-1-1.jpg 1600w\" sizes=\"(max-width: 1024px) 100vw, 1024px\" \/> <img loading=\"lazy\" decoding=\"async\" class=\"alignnone size-large wp-image-7547\" src=\"http:\/\/spp3.slawno.pl\/wp-content\/uploads\/2021\/05\/4-1-1-459x1024.jpg\" alt=\"Uczniowie przed egzaminem z j. polskiego\" width=\"459\" height=\"1024\" srcset=\"http:\/\/spp3.slawno.pl\/wp-content\/uploads\/2021\/05\/4-1-1-459x1024.jpg 459w, http:\/\/spp3.slawno.pl\/wp-content\/uploads\/2021\/05\/4-1-1-134x300.jpg 134w, http:\/\/spp3.slawno.pl\/wp-content\/uploads\/2021\/05\/4-1-1-768x1714.jpg 768w, http:\/\/spp3.slawno.pl\/wp-content\/uploads\/2021\/05\/4-1-1.jpg 717w\" sizes=\"(max-width: 459px) 100vw, 459px\" \/><\/div>\n<div>Wi\u0119cej zdj\u0119\u0107 na <a href=\"https:\/\/www.facebook.com\/profile.php?id=100057090535208\">Fb SP3<\/a><\/div>\n","protected":false},"excerpt":{"rendered":"<div class=\"mh-excerpt\"><p>W dniu dzisiejszym uczniowie klas 8a, 8b, 8c i 8d przyst\u0105pili do egzamin\u00f3w ko\u0144cz\u0105cych ich edukacj\u0119 w szkole podstawowej. Jak wida\u0107, pomimo pogody i stresu <a class=\"mh-excerpt-more\" href=\"http:\/\/spp3.slawno.pl\/?p=7543\" title=\"Pierwszy z egzamin\u00f3w \u00f3smoklasist\u00f3w &#8211; j\u0119zyk polski\">[&#8230;]<\/a><\/p>\n<\/div>","protected":false},"author":2,"featured_media":7544,"comment_status":"closed","ping_status":"open","sticky":false,"template":"","format":"standard","meta":{"footnotes":""},"categories":[8],"tags":[],"class_list":["post-7543","post","type-post","status-publish","format-standard","has-post-thumbnail","hentry","category-wydarzenia"],"_links":{"self":[{"href":"http:\/\/spp3.slawno.pl\/index.php?rest_route=\/wp\/v2\/posts\/7543"}],"collection":[{"href":"http:\/\/spp3.slawno.pl\/index.php?rest_route=\/wp\/v2\/posts"}],"about":[{"href":"http:\/\/spp3.slawno.pl\/index.php?rest_route=\/wp\/v2\/types\/post"}],"author":[{"embeddable":true,"href":"http:\/\/spp3.slawno.pl\/index.php?rest_route=\/wp\/v2\/users\/2"}],"replies":[{"embeddable":true,"href":"http:\/\/spp3.slawno.pl\/index.php?rest_route=%2Fwp%2Fv2%2Fcomments&post=7543"}],"version-history":[{"count":3,"href":"http:\/\/spp3.slawno.pl\/index.php?rest_route=\/wp\/v2\/posts\/7543\/revisions"}],"predecessor-version":[{"id":7550,"href":"http:\/\/spp3.slawno.pl\/index.php?rest_route=\/wp\/v2\/posts\/7543\/revisions\/7550"}],"wp:featuredmedia":[{"embeddable":true,"href":"http:\/\/spp3.slawno.pl\/index.php?rest_route=\/wp\/v2\/media\/7544"}],"wp:attachment":[{"href":"http:\/\/spp3.slawno.pl\/index.php?rest_route=%2Fwp%2Fv2%2Fmedia&parent=7543"}],"wp:term":[{"taxonomy":"category","embeddable":true,"href":"http:\/\/spp3.slawno.pl\/index.php?rest_route=%2Fwp%2Fv2%2Fcategories&post=7543"},{"taxonomy":"post_tag","embeddable":true,"href":"http:\/\/spp3.slawno.pl\/index.php?rest_route=%2Fwp%2Fv2%2Ftags&post=7543"}],"curies":[{"name":"wp","href":"https:\/\/api.w.org\/{rel}","templated":true}]}}