{"id":7567,"date":"2021-05-26T13:20:15","date_gmt":"2021-05-26T11:20:15","guid":{"rendered":"http:\/\/spp3.slawno.pl\/?p=7567"},"modified":"2021-05-30T18:15:57","modified_gmt":"2021-05-30T16:15:57","slug":"dzien-mamy-taty-rodziny","status":"publish","type":"post","link":"http:\/\/spp3.slawno.pl\/?p=7567","title":{"rendered":"Dzie\u0144 Mamy, Taty, Rodziny"},"content":{"rendered":"<p>Pi\u0119kny dzisiaj mamy dzie\u0144&#8230;DZIE\u0143 MATKI<\/p>\n<p>Wyst\u0119p uczni\u00f3w po kliknieciu w zdj\u0119cie:<\/p>\n<p><a href=\"https:\/\/www.facebook.com\/100057090535208\/videos\/923792265067093\"><img loading=\"lazy\" decoding=\"async\" class=\"alignnone size-full wp-image-7568\" src=\"http:\/\/spp3.slawno.pl\/wp-content\/uploads\/2021\/05\/Dzie\u0144-Matki.png\" alt=\"Kwiaty na Dzie\u0144 Matki\" width=\"937\" height=\"657\" srcset=\"http:\/\/spp3.slawno.pl\/wp-content\/uploads\/2021\/05\/Dzie\u0144-Matki.png 937w, http:\/\/spp3.slawno.pl\/wp-content\/uploads\/2021\/05\/Dzie\u0144-Matki-300x210.png 300w, http:\/\/spp3.slawno.pl\/wp-content\/uploads\/2021\/05\/Dzie\u0144-Matki-768x539.png 768w\" sizes=\"(max-width: 937px) 100vw, 937px\" \/><\/a><\/p>\n<div dir=\"auto\"><\/div>\n<div dir=\"auto\"><\/div>\n<div dir=\"auto\"><\/div>\n<div dir=\"auto\"><\/div>\n","protected":false},"excerpt":{"rendered":"<div class=\"mh-excerpt\"><p>Pi\u0119kny dzisiaj mamy dzie\u0144&#8230;DZIE\u0143 MATKI Wyst\u0119p uczni\u00f3w po kliknieciu w zdj\u0119cie:<\/p>\n<\/div>","protected":false},"author":2,"featured_media":7573,"comment_status":"closed","ping_status":"open","sticky":false,"template":"","format":"standard","meta":{"footnotes":""},"categories":[32,8],"tags":[],"class_list":["post-7567","post","type-post","status-publish","format-standard","has-post-thumbnail","hentry","category-akcje","category-wydarzenia"],"_links":{"self":[{"href":"http:\/\/spp3.slawno.pl\/index.php?rest_route=\/wp\/v2\/posts\/7567"}],"collection":[{"href":"http:\/\/spp3.slawno.pl\/index.php?rest_route=\/wp\/v2\/posts"}],"about":[{"href":"http:\/\/spp3.slawno.pl\/index.php?rest_route=\/wp\/v2\/types\/post"}],"author":[{"embeddable":true,"href":"http:\/\/spp3.slawno.pl\/index.php?rest_route=\/wp\/v2\/users\/2"}],"replies":[{"embeddable":true,"href":"http:\/\/spp3.slawno.pl\/index.php?rest_route=%2Fwp%2Fv2%2Fcomments&post=7567"}],"version-history":[{"count":4,"href":"http:\/\/spp3.slawno.pl\/index.php?rest_route=\/wp\/v2\/posts\/7567\/revisions"}],"predecessor-version":[{"id":7585,"href":"http:\/\/spp3.slawno.pl\/index.php?rest_route=\/wp\/v2\/posts\/7567\/revisions\/7585"}],"wp:featuredmedia":[{"embeddable":true,"href":"http:\/\/spp3.slawno.pl\/index.php?rest_route=\/wp\/v2\/media\/7573"}],"wp:attachment":[{"href":"http:\/\/spp3.slawno.pl\/index.php?rest_route=%2Fwp%2Fv2%2Fmedia&parent=7567"}],"wp:term":[{"taxonomy":"category","embeddable":true,"href":"http:\/\/spp3.slawno.pl\/index.php?rest_route=%2Fwp%2Fv2%2Fcategories&post=7567"},{"taxonomy":"post_tag","embeddable":true,"href":"http:\/\/spp3.slawno.pl\/index.php?rest_route=%2Fwp%2Fv2%2Ftags&post=7567"}],"curies":[{"name":"wp","href":"https:\/\/api.w.org\/{rel}","templated":true}]}}