{"id":758,"date":"2017-10-12T07:48:24","date_gmt":"2017-10-12T05:48:24","guid":{"rendered":"http:\/\/spp3.slawno.pl\/?p=758"},"modified":"2018-01-23T19:01:20","modified_gmt":"2018-01-23T18:01:20","slug":"testowy-12012018","status":"publish","type":"post","link":"http:\/\/spp3.slawno.pl\/?p=758","title":{"rendered":"Konkursy rysunkowe &#8211; biblioteka"},"content":{"rendered":"<p>Konkursy biblioteczne:<\/p>\n<ol>\n<li>&#8222;M\u00f3j ulubiony bohater bajkowy&#8221; &#8211; dla klas I-III.<\/li>\n<\/ol>\n<p style=\"padding-left: 30px;\"><img loading=\"lazy\" decoding=\"async\" class=\"alignnone size-medium wp-image-1178\" src=\"http:\/\/spp3.slawno.pl\/wp-content\/uploads\/2018\/01\/M\u00f3j-ulubiony-bohater-bajkowy-169x300.jpg\" alt=\"\" width=\"169\" height=\"300\" srcset=\"http:\/\/spp3.slawno.pl\/wp-content\/uploads\/2018\/01\/M\u00f3j-ulubiony-bohater-bajkowy-169x300.jpg 169w, http:\/\/spp3.slawno.pl\/wp-content\/uploads\/2018\/01\/M\u00f3j-ulubiony-bohater-bajkowy-576x1024.jpg 576w, http:\/\/spp3.slawno.pl\/wp-content\/uploads\/2018\/01\/M\u00f3j-ulubiony-bohater-bajkowy.jpg 702w\" sizes=\"(max-width: 169px) 100vw, 169px\" \/>\u00a0<img loading=\"lazy\" decoding=\"async\" class=\"alignnone size-medium wp-image-1225\" src=\"http:\/\/spp3.slawno.pl\/wp-content\/uploads\/2018\/01\/M\u00f3j-ulubiony-bohater-bajkowy14-1-300x169.jpg\" alt=\"\" width=\"300\" height=\"169\" srcset=\"http:\/\/spp3.slawno.pl\/wp-content\/uploads\/2018\/01\/M\u00f3j-ulubiony-bohater-bajkowy14-1-300x169.jpg 300w, http:\/\/spp3.slawno.pl\/wp-content\/uploads\/2018\/01\/M\u00f3j-ulubiony-bohater-bajkowy14-1-768x432.jpg 768w, http:\/\/spp3.slawno.pl\/wp-content\/uploads\/2018\/01\/M\u00f3j-ulubiony-bohater-bajkowy14-1-678x381.jpg 678w, http:\/\/spp3.slawno.pl\/wp-content\/uploads\/2018\/01\/M\u00f3j-ulubiony-bohater-bajkowy14-1.jpg 999w\" sizes=\"(max-width: 300px) 100vw, 300px\" \/>\u00a0<img loading=\"lazy\" decoding=\"async\" class=\"alignnone size-medium wp-image-1234\" src=\"http:\/\/spp3.slawno.pl\/wp-content\/uploads\/2018\/01\/M\u00f3j-ulubiony-bohater-bajkowy23-1-169x300.jpg\" alt=\"\" width=\"169\" height=\"300\" srcset=\"http:\/\/spp3.slawno.pl\/wp-content\/uploads\/2018\/01\/M\u00f3j-ulubiony-bohater-bajkowy23-1-169x300.jpg 169w, http:\/\/spp3.slawno.pl\/wp-content\/uploads\/2018\/01\/M\u00f3j-ulubiony-bohater-bajkowy23-1-576x1024.jpg 576w, http:\/\/spp3.slawno.pl\/wp-content\/uploads\/2018\/01\/M\u00f3j-ulubiony-bohater-bajkowy23-1.jpg 702w\" sizes=\"(max-width: 169px) 100vw, 169px\" \/>\u00a0<img loading=\"lazy\" decoding=\"async\" class=\"alignnone size-medium wp-image-1241\" src=\"http:\/\/spp3.slawno.pl\/wp-content\/uploads\/2018\/01\/M\u00f3j-ulubiony-bohater-bajkowy30-1-169x300.jpg\" alt=\"\" width=\"169\" height=\"300\" srcset=\"http:\/\/spp3.slawno.pl\/wp-content\/uploads\/2018\/01\/M\u00f3j-ulubiony-bohater-bajkowy30-1-169x300.jpg 169w, http:\/\/spp3.slawno.pl\/wp-content\/uploads\/2018\/01\/M\u00f3j-ulubiony-bohater-bajkowy30-1-576x1024.jpg 576w, http:\/\/spp3.slawno.pl\/wp-content\/uploads\/2018\/01\/M\u00f3j-ulubiony-bohater-bajkowy30-1.jpg 702w\" sizes=\"(max-width: 169px) 100vw, 169px\" \/><\/p>\n<p>\u00a0 \u00a0 \u00a0 \u00a02. &#8222;Plakat reklamuj\u0105cy bibliotek\u0119 szkoln\u0105&#8221; &#8211; dla klas IV-VII.<\/p>\n<p style=\"padding-left: 30px;\"><img loading=\"lazy\" decoding=\"async\" class=\"alignnone size-medium wp-image-1244\" src=\"http:\/\/spp3.slawno.pl\/wp-content\/uploads\/2018\/01\/Plakat-promuj\u0105cy-bibliotek\u0119-szkoln\u0105-169x300.jpg\" alt=\"\" width=\"169\" height=\"300\" srcset=\"http:\/\/spp3.slawno.pl\/wp-content\/uploads\/2018\/01\/Plakat-promuj\u0105cy-bibliotek\u0119-szkoln\u0105-169x300.jpg 169w, http:\/\/spp3.slawno.pl\/wp-content\/uploads\/2018\/01\/Plakat-promuj\u0105cy-bibliotek\u0119-szkoln\u0105-576x1024.jpg 576w, http:\/\/spp3.slawno.pl\/wp-content\/uploads\/2018\/01\/Plakat-promuj\u0105cy-bibliotek\u0119-szkoln\u0105.jpg 702w\" sizes=\"(max-width: 169px) 100vw, 169px\" \/>\u00a0<img loading=\"lazy\" decoding=\"async\" class=\"alignnone size-medium wp-image-1248\" src=\"http:\/\/spp3.slawno.pl\/wp-content\/uploads\/2018\/01\/Plakat-promuj\u0105cy-bibliotek\u0119-szkoln\u01054-300x169.jpg\" alt=\"\" width=\"300\" height=\"169\" srcset=\"http:\/\/spp3.slawno.pl\/wp-content\/uploads\/2018\/01\/Plakat-promuj\u0105cy-bibliotek\u0119-szkoln\u01054-300x169.jpg 300w, http:\/\/spp3.slawno.pl\/wp-content\/uploads\/2018\/01\/Plakat-promuj\u0105cy-bibliotek\u0119-szkoln\u01054-768x432.jpg 768w, http:\/\/spp3.slawno.pl\/wp-content\/uploads\/2018\/01\/Plakat-promuj\u0105cy-bibliotek\u0119-szkoln\u01054-678x381.jpg 678w, http:\/\/spp3.slawno.pl\/wp-content\/uploads\/2018\/01\/Plakat-promuj\u0105cy-bibliotek\u0119-szkoln\u01054.jpg 999w\" sizes=\"(max-width: 300px) 100vw, 300px\" \/>\u00a0<img loading=\"lazy\" decoding=\"async\" class=\"alignnone size-medium wp-image-1246\" src=\"http:\/\/spp3.slawno.pl\/wp-content\/uploads\/2018\/01\/Plakat-promuj\u0105cy-bibliotek\u0119-szkoln\u01052-300x169.jpg\" alt=\"\" width=\"300\" height=\"169\" srcset=\"http:\/\/spp3.slawno.pl\/wp-content\/uploads\/2018\/01\/Plakat-promuj\u0105cy-bibliotek\u0119-szkoln\u01052-300x169.jpg 300w, http:\/\/spp3.slawno.pl\/wp-content\/uploads\/2018\/01\/Plakat-promuj\u0105cy-bibliotek\u0119-szkoln\u01052-768x432.jpg 768w, http:\/\/spp3.slawno.pl\/wp-content\/uploads\/2018\/01\/Plakat-promuj\u0105cy-bibliotek\u0119-szkoln\u01052-1024x576.jpg 1024w, http:\/\/spp3.slawno.pl\/wp-content\/uploads\/2018\/01\/Plakat-promuj\u0105cy-bibliotek\u0119-szkoln\u01052-678x381.jpg 678w, http:\/\/spp3.slawno.pl\/wp-content\/uploads\/2018\/01\/Plakat-promuj\u0105cy-bibliotek\u0119-szkoln\u01052.jpg 1248w\" sizes=\"(max-width: 300px) 100vw, 300px\" \/>\u00a0<img loading=\"lazy\" decoding=\"async\" class=\"alignnone size-medium wp-image-1250\" src=\"http:\/\/spp3.slawno.pl\/wp-content\/uploads\/2018\/01\/Plakat-promuj\u0105cy-bibliotek\u0119-szkoln\u01056-169x300.jpg\" alt=\"\" width=\"169\" height=\"300\" srcset=\"http:\/\/spp3.slawno.pl\/wp-content\/uploads\/2018\/01\/Plakat-promuj\u0105cy-bibliotek\u0119-szkoln\u01056-169x300.jpg 169w, http:\/\/spp3.slawno.pl\/wp-content\/uploads\/2018\/01\/Plakat-promuj\u0105cy-bibliotek\u0119-szkoln\u01056-576x1024.jpg 576w, http:\/\/spp3.slawno.pl\/wp-content\/uploads\/2018\/01\/Plakat-promuj\u0105cy-bibliotek\u0119-szkoln\u01056.jpg 702w\" sizes=\"(max-width: 169px) 100vw, 169px\" \/><\/p>\n<p>Wi\u0119cej zdj\u0119\u0107 w galerii.<\/p>\n","protected":false},"excerpt":{"rendered":"<div class=\"mh-excerpt\"><p>Konkursy biblioteczne: &#8222;M\u00f3j ulubiony bohater bajkowy&#8221; &#8211; dla klas I-III. \u00a0\u00a0\u00a0 \u00a0 \u00a0 \u00a0 \u00a02. &#8222;Plakat reklamuj\u0105cy bibliotek\u0119 szkoln\u0105&#8221; &#8211; dla klas IV-VII. \u00a0\u00a0\u00a0 Wi\u0119cej <a class=\"mh-excerpt-more\" href=\"http:\/\/spp3.slawno.pl\/?p=758\" title=\"Konkursy rysunkowe &#8211; biblioteka\">[&#8230;]<\/a><\/p>\n<\/div>","protected":false},"author":1,"featured_media":1235,"comment_status":"closed","ping_status":"open","sticky":false,"template":"","format":"standard","meta":{"footnotes":""},"categories":[7],"tags":[],"class_list":["post-758","post","type-post","status-publish","format-standard","has-post-thumbnail","hentry","category-konkursy"],"_links":{"self":[{"href":"http:\/\/spp3.slawno.pl\/index.php?rest_route=\/wp\/v2\/posts\/758"}],"collection":[{"href":"http:\/\/spp3.slawno.pl\/index.php?rest_route=\/wp\/v2\/posts"}],"about":[{"href":"http:\/\/spp3.slawno.pl\/index.php?rest_route=\/wp\/v2\/types\/post"}],"author":[{"embeddable":true,"href":"http:\/\/spp3.slawno.pl\/index.php?rest_route=\/wp\/v2\/users\/1"}],"replies":[{"embeddable":true,"href":"http:\/\/spp3.slawno.pl\/index.php?rest_route=%2Fwp%2Fv2%2Fcomments&post=758"}],"version-history":[{"count":7,"href":"http:\/\/spp3.slawno.pl\/index.php?rest_route=\/wp\/v2\/posts\/758\/revisions"}],"predecessor-version":[{"id":1413,"href":"http:\/\/spp3.slawno.pl\/index.php?rest_route=\/wp\/v2\/posts\/758\/revisions\/1413"}],"wp:featuredmedia":[{"embeddable":true,"href":"http:\/\/spp3.slawno.pl\/index.php?rest_route=\/wp\/v2\/media\/1235"}],"wp:attachment":[{"href":"http:\/\/spp3.slawno.pl\/index.php?rest_route=%2Fwp%2Fv2%2Fmedia&parent=758"}],"wp:term":[{"taxonomy":"category","embeddable":true,"href":"http:\/\/spp3.slawno.pl\/index.php?rest_route=%2Fwp%2Fv2%2Fcategories&post=758"},{"taxonomy":"post_tag","embeddable":true,"href":"http:\/\/spp3.slawno.pl\/index.php?rest_route=%2Fwp%2Fv2%2Ftags&post=758"}],"curies":[{"name":"wp","href":"https:\/\/api.w.org\/{rel}","templated":true}]}}