{"id":7584,"date":"2021-05-26T13:33:28","date_gmt":"2021-05-26T11:33:28","guid":{"rendered":"http:\/\/spp3.slawno.pl\/?p=7584"},"modified":"2021-05-30T18:15:31","modified_gmt":"2021-05-30T16:15:31","slug":"kwiaty-i-zyczenia-dla-mam","status":"publish","type":"post","link":"http:\/\/spp3.slawno.pl\/?p=7584","title":{"rendered":"Kwiaty i \u017cyczenia dla Mam"},"content":{"rendered":"<div dir=\"auto\">Drogie Mamusie z okazji dzisiejszego \u015bwi\u0119ta \u017cyczymy Wam du\u017co zdrowia, rado\u015bci, pogody ducha oraz nies\u0142abn\u0105cych zasob\u00f3w mi\u0142o\u015bci do swoich pociech.<span class=\"pq6dq46d tbxw36s4 knj5qynh kvgmc6g5 ditlmg2l oygrvhab nvdbi5me sf5mxxl7 gl3lb2sf hhz5lgdu\"><img loading=\"lazy\" decoding=\"async\" src=\"https:\/\/static.xx.fbcdn.net\/images\/emoji.php\/v9\/t6c\/1\/16\/2764.png\" alt=\"\u2764\ufe0f\" width=\"16\" height=\"16\" \/><\/span><span class=\"pq6dq46d tbxw36s4 knj5qynh kvgmc6g5 ditlmg2l oygrvhab nvdbi5me sf5mxxl7 gl3lb2sf hhz5lgdu\"><img loading=\"lazy\" decoding=\"async\" src=\"https:\/\/static.xx.fbcdn.net\/images\/emoji.php\/v9\/t6c\/1\/16\/2764.png\" alt=\"\u2764\ufe0f\" width=\"16\" height=\"16\" \/><\/span><span class=\"pq6dq46d tbxw36s4 knj5qynh kvgmc6g5 ditlmg2l oygrvhab nvdbi5me sf5mxxl7 gl3lb2sf hhz5lgdu\"><img loading=\"lazy\" decoding=\"async\" src=\"https:\/\/static.xx.fbcdn.net\/images\/emoji.php\/v9\/t6c\/1\/16\/2764.png\" alt=\"\u2764\ufe0f\" width=\"16\" height=\"16\" \/><\/span><\/div>\n<div dir=\"auto\">Oto muzyczne, plastyczne i taneczne niespodzianki w naszym wykonaniu. <span class=\"pq6dq46d tbxw36s4 knj5qynh kvgmc6g5 ditlmg2l oygrvhab nvdbi5me sf5mxxl7 gl3lb2sf hhz5lgdu\"><img loading=\"lazy\" decoding=\"async\" src=\"https:\/\/static.xx.fbcdn.net\/images\/emoji.php\/v9\/t84\/1\/16\/1f381.png\" alt=\"\ud83c\udf81\" width=\"16\" height=\"16\" \/><\/span><span class=\"pq6dq46d tbxw36s4 knj5qynh kvgmc6g5 ditlmg2l oygrvhab nvdbi5me sf5mxxl7 gl3lb2sf hhz5lgdu\"><img loading=\"lazy\" decoding=\"async\" src=\"https:\/\/static.xx.fbcdn.net\/images\/emoji.php\/v9\/te3\/1\/16\/1f490.png\" alt=\"\ud83d\udc90\" width=\"16\" height=\"16\" \/><\/span><\/div>\n<div dir=\"auto\">Kochamy Was ca\u0142ym sercem.<\/div>\n<div dir=\"auto\">Galeria zdj\u0119\u0107 po klikni\u0119ciu w zdj\u0119cie:<\/div>\n<div dir=\"auto\"><\/div>\n<div dir=\"auto\"><a href=\"https:\/\/www.facebook.com\/photo?fbid=257272092852473&amp;set=pcb.257272896185726\"><img loading=\"lazy\" decoding=\"async\" class=\"alignnone size-full wp-image-7586\" src=\"http:\/\/spp3.slawno.pl\/wp-content\/uploads\/2021\/05\/Dzie\u0144-Matki5.png\" alt=\"Dzieci podczas wyst\u0119p\u00f3w z okazji Dnia Matki\" width=\"958\" height=\"665\" srcset=\"http:\/\/spp3.slawno.pl\/wp-content\/uploads\/2021\/05\/Dzie\u0144-Matki5.png 958w, http:\/\/spp3.slawno.pl\/wp-content\/uploads\/2021\/05\/Dzie\u0144-Matki5-300x208.png 300w, http:\/\/spp3.slawno.pl\/wp-content\/uploads\/2021\/05\/Dzie\u0144-Matki5-768x533.png 768w\" sizes=\"(max-width: 958px) 100vw, 958px\" \/><\/a><\/div>\n","protected":false},"excerpt":{"rendered":"<div class=\"mh-excerpt\"><p>Drogie Mamusie z okazji dzisiejszego \u015bwi\u0119ta \u017cyczymy Wam du\u017co zdrowia, rado\u015bci, pogody ducha oraz nies\u0142abn\u0105cych zasob\u00f3w mi\u0142o\u015bci do swoich pociech. Oto muzyczne, plastyczne i taneczne <a class=\"mh-excerpt-more\" href=\"http:\/\/spp3.slawno.pl\/?p=7584\" title=\"Kwiaty i \u017cyczenia dla Mam\">[&#8230;]<\/a><\/p>\n<\/div>","protected":false},"author":2,"featured_media":7569,"comment_status":"closed","ping_status":"open","sticky":false,"template":"","format":"standard","meta":{"footnotes":""},"categories":[32,8],"tags":[],"class_list":["post-7584","post","type-post","status-publish","format-standard","has-post-thumbnail","hentry","category-akcje","category-wydarzenia"],"_links":{"self":[{"href":"http:\/\/spp3.slawno.pl\/index.php?rest_route=\/wp\/v2\/posts\/7584"}],"collection":[{"href":"http:\/\/spp3.slawno.pl\/index.php?rest_route=\/wp\/v2\/posts"}],"about":[{"href":"http:\/\/spp3.slawno.pl\/index.php?rest_route=\/wp\/v2\/types\/post"}],"author":[{"embeddable":true,"href":"http:\/\/spp3.slawno.pl\/index.php?rest_route=\/wp\/v2\/users\/2"}],"replies":[{"embeddable":true,"href":"http:\/\/spp3.slawno.pl\/index.php?rest_route=%2Fwp%2Fv2%2Fcomments&post=7584"}],"version-history":[{"count":2,"href":"http:\/\/spp3.slawno.pl\/index.php?rest_route=\/wp\/v2\/posts\/7584\/revisions"}],"predecessor-version":[{"id":7588,"href":"http:\/\/spp3.slawno.pl\/index.php?rest_route=\/wp\/v2\/posts\/7584\/revisions\/7588"}],"wp:featuredmedia":[{"embeddable":true,"href":"http:\/\/spp3.slawno.pl\/index.php?rest_route=\/wp\/v2\/media\/7569"}],"wp:attachment":[{"href":"http:\/\/spp3.slawno.pl\/index.php?rest_route=%2Fwp%2Fv2%2Fmedia&parent=7584"}],"wp:term":[{"taxonomy":"category","embeddable":true,"href":"http:\/\/spp3.slawno.pl\/index.php?rest_route=%2Fwp%2Fv2%2Fcategories&post=7584"},{"taxonomy":"post_tag","embeddable":true,"href":"http:\/\/spp3.slawno.pl\/index.php?rest_route=%2Fwp%2Fv2%2Ftags&post=7584"}],"curies":[{"name":"wp","href":"https:\/\/api.w.org\/{rel}","templated":true}]}}