{"id":7613,"date":"2021-05-28T19:51:05","date_gmt":"2021-05-28T17:51:05","guid":{"rendered":"http:\/\/spp3.slawno.pl\/?p=7613"},"modified":"2021-05-28T19:51:05","modified_gmt":"2021-05-28T17:51:05","slug":"wizyta-w-bibliotece-szkolnej","status":"publish","type":"post","link":"http:\/\/spp3.slawno.pl\/?p=7613","title":{"rendered":"Wizyta w bibliotece szkolnej"},"content":{"rendered":"<div>Z okazji obchodz\u0105cego<b>\u00a0Tygodnia Bibliotek\u00a0<\/b>\u00a0dzieci ze \u015bwietlicy szkoknej\u00a0wybra\u0142y si\u0119 na wycieczk\u0119 do biblioteki szkolnej.<\/div>\n<div>W bibliotece przywita\u0142a dzieci pani bibliotekarka i zaprosi\u0142a do zwiedzania. Uczniowie z wielkim zainteresowaniem przygl\u0105da\u0142y si\u0119 ksi\u0105\u017ckom znajduj\u0105cym si\u0119 na p\u00f3\u0142kach. Bardzo spodoba\u0142y si\u0119 im kolorowe i bogato ilustrowane ksi\u0105\u017ceczki, kt\u00f3re z ch\u0119ci\u0105 ogl\u0105da\u0142y.<\/div>\n<div>Pani Ala opowiedzia\u0142a o bibliotece, o zbiorach znajduj\u0105cych si\u0119 na p\u00f3\u0142kach. Dzieci zobaczy\u0142y, jak wygl\u0105da karta czytelnika oraz pozna\u0142y zasady wypo\u017cyczania ksi\u0105\u017cek. Dowiedzia\u0142y si\u0119 tak\u017ce, jak nale\u017cy dba\u0107 o ksi\u0105\u017cki.<\/div>\n<div>Na koniec wr\u0119czy\u0142y Pani kartk\u0119 z podzi\u0119kowaniem.<\/div>\n<div><\/div>\n<div><img loading=\"lazy\" decoding=\"async\" class=\"alignnone size-large wp-image-7614\" src=\"http:\/\/spp3.slawno.pl\/wp-content\/uploads\/2021\/05\/Biblioteka-1024x576.jpg\" alt=\"Dzieci podczas zaj\u0119\u0107 bibliotecznych\" width=\"1024\" height=\"576\" srcset=\"http:\/\/spp3.slawno.pl\/wp-content\/uploads\/2021\/05\/Biblioteka-1024x576.jpg 1024w, http:\/\/spp3.slawno.pl\/wp-content\/uploads\/2021\/05\/Biblioteka-300x169.jpg 300w, http:\/\/spp3.slawno.pl\/wp-content\/uploads\/2021\/05\/Biblioteka-768x432.jpg 768w, http:\/\/spp3.slawno.pl\/wp-content\/uploads\/2021\/05\/Biblioteka-678x381.jpg 678w, http:\/\/spp3.slawno.pl\/wp-content\/uploads\/2021\/05\/Biblioteka.jpg 1210w\" sizes=\"(max-width: 1024px) 100vw, 1024px\" \/> <img loading=\"lazy\" decoding=\"async\" class=\"alignnone size-large wp-image-7615\" src=\"http:\/\/spp3.slawno.pl\/wp-content\/uploads\/2021\/05\/Biblioteka1-576x1024.jpg\" alt=\"Dzieci podczas zaj\u0119\u0107 bibliotecznych\" width=\"576\" height=\"1024\" srcset=\"http:\/\/spp3.slawno.pl\/wp-content\/uploads\/2021\/05\/Biblioteka1-576x1024.jpg 576w, http:\/\/spp3.slawno.pl\/wp-content\/uploads\/2021\/05\/Biblioteka1-169x300.jpg 169w, http:\/\/spp3.slawno.pl\/wp-content\/uploads\/2021\/05\/Biblioteka1.jpg 681w\" sizes=\"(max-width: 576px) 100vw, 576px\" \/> <img loading=\"lazy\" decoding=\"async\" class=\"alignnone size-large wp-image-7616\" src=\"http:\/\/spp3.slawno.pl\/wp-content\/uploads\/2021\/05\/Biblioteka2-1024x576.jpg\" alt=\"Dzieci podczas zaj\u0119\u0107 bibliotecznych\" width=\"1024\" height=\"576\" srcset=\"http:\/\/spp3.slawno.pl\/wp-content\/uploads\/2021\/05\/Biblioteka2-1024x576.jpg 1024w, http:\/\/spp3.slawno.pl\/wp-content\/uploads\/2021\/05\/Biblioteka2-300x169.jpg 300w, http:\/\/spp3.slawno.pl\/wp-content\/uploads\/2021\/05\/Biblioteka2-768x432.jpg 768w, http:\/\/spp3.slawno.pl\/wp-content\/uploads\/2021\/05\/Biblioteka2-678x381.jpg 678w, http:\/\/spp3.slawno.pl\/wp-content\/uploads\/2021\/05\/Biblioteka2.jpg 1210w\" sizes=\"(max-width: 1024px) 100vw, 1024px\" \/> <img loading=\"lazy\" decoding=\"async\" class=\"alignnone size-large wp-image-7617\" src=\"http:\/\/spp3.slawno.pl\/wp-content\/uploads\/2021\/05\/Biblioteka3-1024x576.jpg\" alt=\"Dzieci podczas zaj\u0119\u0107 bibliotecznych\" width=\"1024\" height=\"576\" srcset=\"http:\/\/spp3.slawno.pl\/wp-content\/uploads\/2021\/05\/Biblioteka3-1024x576.jpg 1024w, http:\/\/spp3.slawno.pl\/wp-content\/uploads\/2021\/05\/Biblioteka3-300x169.jpg 300w, http:\/\/spp3.slawno.pl\/wp-content\/uploads\/2021\/05\/Biblioteka3-768x432.jpg 768w, http:\/\/spp3.slawno.pl\/wp-content\/uploads\/2021\/05\/Biblioteka3-678x381.jpg 678w, http:\/\/spp3.slawno.pl\/wp-content\/uploads\/2021\/05\/Biblioteka3.jpg 1210w\" sizes=\"(max-width: 1024px) 100vw, 1024px\" \/> <img loading=\"lazy\" decoding=\"async\" class=\"alignnone size-large wp-image-7618\" src=\"http:\/\/spp3.slawno.pl\/wp-content\/uploads\/2021\/05\/Biblioteka4-1024x576.jpg\" alt=\"Dzieci podczas zaj\u0119\u0107 bibliotecznych\" width=\"1024\" height=\"576\" srcset=\"http:\/\/spp3.slawno.pl\/wp-content\/uploads\/2021\/05\/Biblioteka4-1024x576.jpg 1024w, http:\/\/spp3.slawno.pl\/wp-content\/uploads\/2021\/05\/Biblioteka4-300x169.jpg 300w, http:\/\/spp3.slawno.pl\/wp-content\/uploads\/2021\/05\/Biblioteka4-768x432.jpg 768w, http:\/\/spp3.slawno.pl\/wp-content\/uploads\/2021\/05\/Biblioteka4-678x381.jpg 678w, http:\/\/spp3.slawno.pl\/wp-content\/uploads\/2021\/05\/Biblioteka4.jpg 1210w\" sizes=\"(max-width: 1024px) 100vw, 1024px\" \/> <img loading=\"lazy\" decoding=\"async\" class=\"alignnone size-large wp-image-7619\" src=\"http:\/\/spp3.slawno.pl\/wp-content\/uploads\/2021\/05\/Biblioteka5-1024x576.jpg\" alt=\"Dzieci podczas zaj\u0119\u0107 bibliotecznych\" width=\"1024\" height=\"576\" srcset=\"http:\/\/spp3.slawno.pl\/wp-content\/uploads\/2021\/05\/Biblioteka5-1024x576.jpg 1024w, http:\/\/spp3.slawno.pl\/wp-content\/uploads\/2021\/05\/Biblioteka5-300x169.jpg 300w, http:\/\/spp3.slawno.pl\/wp-content\/uploads\/2021\/05\/Biblioteka5-768x432.jpg 768w, http:\/\/spp3.slawno.pl\/wp-content\/uploads\/2021\/05\/Biblioteka5-678x381.jpg 678w, http:\/\/spp3.slawno.pl\/wp-content\/uploads\/2021\/05\/Biblioteka5.jpg 1210w\" sizes=\"(max-width: 1024px) 100vw, 1024px\" \/> <img loading=\"lazy\" decoding=\"async\" class=\"alignnone size-large wp-image-7620\" src=\"http:\/\/spp3.slawno.pl\/wp-content\/uploads\/2021\/05\/Biblioteka6-576x1024.jpg\" alt=\"Dzieci podczas zaj\u0119\u0107 bibliotecznych\" width=\"576\" height=\"1024\" srcset=\"http:\/\/spp3.slawno.pl\/wp-content\/uploads\/2021\/05\/Biblioteka6-576x1024.jpg 576w, http:\/\/spp3.slawno.pl\/wp-content\/uploads\/2021\/05\/Biblioteka6-169x300.jpg 169w, http:\/\/spp3.slawno.pl\/wp-content\/uploads\/2021\/05\/Biblioteka6.jpg 681w\" sizes=\"(max-width: 576px) 100vw, 576px\" \/> <img loading=\"lazy\" decoding=\"async\" class=\"alignnone size-large wp-image-7621\" src=\"http:\/\/spp3.slawno.pl\/wp-content\/uploads\/2021\/05\/Biblioteka7-576x1024.jpg\" alt=\"Dzieci podczas zaj\u0119\u0107 bibliotecznych\" width=\"576\" height=\"1024\" srcset=\"http:\/\/spp3.slawno.pl\/wp-content\/uploads\/2021\/05\/Biblioteka7-576x1024.jpg 576w, http:\/\/spp3.slawno.pl\/wp-content\/uploads\/2021\/05\/Biblioteka7-169x300.jpg 169w, http:\/\/spp3.slawno.pl\/wp-content\/uploads\/2021\/05\/Biblioteka7.jpg 681w\" sizes=\"(max-width: 576px) 100vw, 576px\" \/> <img loading=\"lazy\" decoding=\"async\" class=\"alignnone size-large wp-image-7622\" src=\"http:\/\/spp3.slawno.pl\/wp-content\/uploads\/2021\/05\/Biblioteka8-1024x576.jpg\" alt=\"Dzieci podczas zaj\u0119\u0107 bibliotecznych\" width=\"1024\" height=\"576\" srcset=\"http:\/\/spp3.slawno.pl\/wp-content\/uploads\/2021\/05\/Biblioteka8-1024x576.jpg 1024w, http:\/\/spp3.slawno.pl\/wp-content\/uploads\/2021\/05\/Biblioteka8-300x169.jpg 300w, http:\/\/spp3.slawno.pl\/wp-content\/uploads\/2021\/05\/Biblioteka8-768x432.jpg 768w, http:\/\/spp3.slawno.pl\/wp-content\/uploads\/2021\/05\/Biblioteka8-678x381.jpg 678w, http:\/\/spp3.slawno.pl\/wp-content\/uploads\/2021\/05\/Biblioteka8.jpg 1210w\" sizes=\"(max-width: 1024px) 100vw, 1024px\" \/> <img loading=\"lazy\" decoding=\"async\" class=\"alignnone size-large wp-image-7623\" src=\"http:\/\/spp3.slawno.pl\/wp-content\/uploads\/2021\/05\/Biblioteka9-1024x576.jpg\" alt=\"Dzieci podczas zaj\u0119\u0107 bibliotecznych\" width=\"1024\" height=\"576\" srcset=\"http:\/\/spp3.slawno.pl\/wp-content\/uploads\/2021\/05\/Biblioteka9-1024x576.jpg 1024w, http:\/\/spp3.slawno.pl\/wp-content\/uploads\/2021\/05\/Biblioteka9-300x169.jpg 300w, http:\/\/spp3.slawno.pl\/wp-content\/uploads\/2021\/05\/Biblioteka9-768x432.jpg 768w, http:\/\/spp3.slawno.pl\/wp-content\/uploads\/2021\/05\/Biblioteka9-678x381.jpg 678w, http:\/\/spp3.slawno.pl\/wp-content\/uploads\/2021\/05\/Biblioteka9.jpg 1210w\" sizes=\"(max-width: 1024px) 100vw, 1024px\" \/> <img loading=\"lazy\" decoding=\"async\" class=\"alignnone size-large wp-image-7624\" src=\"http:\/\/spp3.slawno.pl\/wp-content\/uploads\/2021\/05\/Biblioteka10-576x1024.jpg\" alt=\"Dzieci podczas zaj\u0119\u0107 bibliotecznych\" width=\"576\" height=\"1024\" srcset=\"http:\/\/spp3.slawno.pl\/wp-content\/uploads\/2021\/05\/Biblioteka10-576x1024.jpg 576w, http:\/\/spp3.slawno.pl\/wp-content\/uploads\/2021\/05\/Biblioteka10-169x300.jpg 169w, http:\/\/spp3.slawno.pl\/wp-content\/uploads\/2021\/05\/Biblioteka10.jpg 681w\" sizes=\"(max-width: 576px) 100vw, 576px\" \/> <img loading=\"lazy\" decoding=\"async\" class=\"alignnone size-large wp-image-7625\" src=\"http:\/\/spp3.slawno.pl\/wp-content\/uploads\/2021\/05\/Biblioteka11-1024x576.jpg\" alt=\"Dzieci podczas zaj\u0119\u0107 bibliotecznych\" width=\"1024\" height=\"576\" srcset=\"http:\/\/spp3.slawno.pl\/wp-content\/uploads\/2021\/05\/Biblioteka11-1024x576.jpg 1024w, http:\/\/spp3.slawno.pl\/wp-content\/uploads\/2021\/05\/Biblioteka11-300x169.jpg 300w, http:\/\/spp3.slawno.pl\/wp-content\/uploads\/2021\/05\/Biblioteka11-768x432.jpg 768w, http:\/\/spp3.slawno.pl\/wp-content\/uploads\/2021\/05\/Biblioteka11-678x381.jpg 678w, http:\/\/spp3.slawno.pl\/wp-content\/uploads\/2021\/05\/Biblioteka11.jpg 1210w\" sizes=\"(max-width: 1024px) 100vw, 1024px\" \/> <img loading=\"lazy\" decoding=\"async\" class=\"alignnone size-large wp-image-7626\" src=\"http:\/\/spp3.slawno.pl\/wp-content\/uploads\/2021\/05\/Biblioteka12-1024x576.jpg\" alt=\"Dzieci podczas zaj\u0119\u0107 bibliotecznych\" width=\"1024\" height=\"576\" srcset=\"http:\/\/spp3.slawno.pl\/wp-content\/uploads\/2021\/05\/Biblioteka12-1024x576.jpg 1024w, http:\/\/spp3.slawno.pl\/wp-content\/uploads\/2021\/05\/Biblioteka12-300x169.jpg 300w, http:\/\/spp3.slawno.pl\/wp-content\/uploads\/2021\/05\/Biblioteka12-768x432.jpg 768w, http:\/\/spp3.slawno.pl\/wp-content\/uploads\/2021\/05\/Biblioteka12-678x381.jpg 678w, http:\/\/spp3.slawno.pl\/wp-content\/uploads\/2021\/05\/Biblioteka12.jpg 1210w\" sizes=\"(max-width: 1024px) 100vw, 1024px\" \/> <img loading=\"lazy\" decoding=\"async\" class=\"alignnone size-large wp-image-7627\" src=\"http:\/\/spp3.slawno.pl\/wp-content\/uploads\/2021\/05\/Biblioteka13-576x1024.jpg\" alt=\"Dzieci podczas zaj\u0119\u0107 bibliotecznych\" width=\"576\" height=\"1024\" srcset=\"http:\/\/spp3.slawno.pl\/wp-content\/uploads\/2021\/05\/Biblioteka13-576x1024.jpg 576w, http:\/\/spp3.slawno.pl\/wp-content\/uploads\/2021\/05\/Biblioteka13-169x300.jpg 169w, http:\/\/spp3.slawno.pl\/wp-content\/uploads\/2021\/05\/Biblioteka13.jpg 681w\" sizes=\"(max-width: 576px) 100vw, 576px\" \/> <img loading=\"lazy\" decoding=\"async\" class=\"alignnone size-large wp-image-7628\" src=\"http:\/\/spp3.slawno.pl\/wp-content\/uploads\/2021\/05\/Biblioteka14-1024x576.jpg\" alt=\"Dzieci podczas zaj\u0119\u0107 bibliotecznych\" width=\"1024\" height=\"576\" srcset=\"http:\/\/spp3.slawno.pl\/wp-content\/uploads\/2021\/05\/Biblioteka14-1024x576.jpg 1024w, http:\/\/spp3.slawno.pl\/wp-content\/uploads\/2021\/05\/Biblioteka14-300x169.jpg 300w, http:\/\/spp3.slawno.pl\/wp-content\/uploads\/2021\/05\/Biblioteka14-768x432.jpg 768w, http:\/\/spp3.slawno.pl\/wp-content\/uploads\/2021\/05\/Biblioteka14-678x381.jpg 678w, http:\/\/spp3.slawno.pl\/wp-content\/uploads\/2021\/05\/Biblioteka14.jpg 1210w\" sizes=\"(max-width: 1024px) 100vw, 1024px\" \/> <img loading=\"lazy\" decoding=\"async\" class=\"alignnone size-large wp-image-7629\" src=\"http:\/\/spp3.slawno.pl\/wp-content\/uploads\/2021\/05\/Biblioteka15-576x1024.jpg\" alt=\"Dzieci podczas zaj\u0119\u0107 bibliotecznych\" width=\"576\" height=\"1024\" srcset=\"http:\/\/spp3.slawno.pl\/wp-content\/uploads\/2021\/05\/Biblioteka15-576x1024.jpg 576w, http:\/\/spp3.slawno.pl\/wp-content\/uploads\/2021\/05\/Biblioteka15-169x300.jpg 169w, http:\/\/spp3.slawno.pl\/wp-content\/uploads\/2021\/05\/Biblioteka15.jpg 681w\" sizes=\"(max-width: 576px) 100vw, 576px\" \/> <img loading=\"lazy\" decoding=\"async\" class=\"alignnone size-large wp-image-7630\" src=\"http:\/\/spp3.slawno.pl\/wp-content\/uploads\/2021\/05\/Biblioteka16-576x1024.jpg\" alt=\"Dzieci podczas zaj\u0119\u0107 bibliotecznych\" width=\"576\" height=\"1024\" srcset=\"http:\/\/spp3.slawno.pl\/wp-content\/uploads\/2021\/05\/Biblioteka16-576x1024.jpg 576w, http:\/\/spp3.slawno.pl\/wp-content\/uploads\/2021\/05\/Biblioteka16-169x300.jpg 169w, http:\/\/spp3.slawno.pl\/wp-content\/uploads\/2021\/05\/Biblioteka16.jpg 681w\" sizes=\"(max-width: 576px) 100vw, 576px\" \/><\/div>\n","protected":false},"excerpt":{"rendered":"<div class=\"mh-excerpt\"><p>Z okazji obchodz\u0105cego\u00a0Tygodnia Bibliotek\u00a0\u00a0dzieci ze \u015bwietlicy szkoknej\u00a0wybra\u0142y si\u0119 na wycieczk\u0119 do biblioteki szkolnej. W bibliotece przywita\u0142a dzieci pani bibliotekarka i zaprosi\u0142a do zwiedzania. Uczniowie z <a class=\"mh-excerpt-more\" href=\"http:\/\/spp3.slawno.pl\/?p=7613\" title=\"Wizyta w bibliotece szkolnej\">[&#8230;]<\/a><\/p>\n<\/div>","protected":false},"author":2,"featured_media":7628,"comment_status":"closed","ping_status":"open","sticky":false,"template":"","format":"standard","meta":{"footnotes":""},"categories":[1,8],"tags":[],"class_list":["post-7613","post","type-post","status-publish","format-standard","has-post-thumbnail","hentry","category-bez-kategorii","category-wydarzenia"],"_links":{"self":[{"href":"http:\/\/spp3.slawno.pl\/index.php?rest_route=\/wp\/v2\/posts\/7613"}],"collection":[{"href":"http:\/\/spp3.slawno.pl\/index.php?rest_route=\/wp\/v2\/posts"}],"about":[{"href":"http:\/\/spp3.slawno.pl\/index.php?rest_route=\/wp\/v2\/types\/post"}],"author":[{"embeddable":true,"href":"http:\/\/spp3.slawno.pl\/index.php?rest_route=\/wp\/v2\/users\/2"}],"replies":[{"embeddable":true,"href":"http:\/\/spp3.slawno.pl\/index.php?rest_route=%2Fwp%2Fv2%2Fcomments&post=7613"}],"version-history":[{"count":1,"href":"http:\/\/spp3.slawno.pl\/index.php?rest_route=\/wp\/v2\/posts\/7613\/revisions"}],"predecessor-version":[{"id":7631,"href":"http:\/\/spp3.slawno.pl\/index.php?rest_route=\/wp\/v2\/posts\/7613\/revisions\/7631"}],"wp:featuredmedia":[{"embeddable":true,"href":"http:\/\/spp3.slawno.pl\/index.php?rest_route=\/wp\/v2\/media\/7628"}],"wp:attachment":[{"href":"http:\/\/spp3.slawno.pl\/index.php?rest_route=%2Fwp%2Fv2%2Fmedia&parent=7613"}],"wp:term":[{"taxonomy":"category","embeddable":true,"href":"http:\/\/spp3.slawno.pl\/index.php?rest_route=%2Fwp%2Fv2%2Fcategories&post=7613"},{"taxonomy":"post_tag","embeddable":true,"href":"http:\/\/spp3.slawno.pl\/index.php?rest_route=%2Fwp%2Fv2%2Ftags&post=7613"}],"curies":[{"name":"wp","href":"https:\/\/api.w.org\/{rel}","templated":true}]}}