{"id":7642,"date":"2021-05-31T17:25:06","date_gmt":"2021-05-31T15:25:06","guid":{"rendered":"http:\/\/spp3.slawno.pl\/?p=7642"},"modified":"2021-06-01T17:28:49","modified_gmt":"2021-06-01T15:28:49","slug":"swiatowy-dzien-bez-tytoniu","status":"publish","type":"post","link":"http:\/\/spp3.slawno.pl\/?p=7642","title":{"rendered":"\u015awiatowy Dzie\u0144 Bez Tytoniu"},"content":{"rendered":"<p>31 maja przypada \u015awiatowy Dzie\u0144 Bez Tytoniu. \u015awi\u0119to to zosta\u0142o ustanowione przez WHO w 1987 roku ze wzgl\u0119du na rosn\u0105c\u0105 liczb\u0119 os\u00f3b uzale\u017cnionych i pacjent\u00f3w ze schorzeniami wywo\u0142anymi paleniem papieros\u00f3w. Z okazji tego dnia pedagodzy przeprowadzili w\u015br\u00f3d uczni\u00f3w klas IV zaj\u0119cia profilaktyczne na temat szkodliwo\u015bci palenia papieros\u00f3w po\u0142\u0105czone z projekcj\u0105 filmu &#8222;Nie spal si\u0119 na starcie&#8221;. Og\u0142oszono r\u00f3wnie\u017c konkurs plastyczny na plakat pt &#8221; Nie pal &#8211; palenie szkodzi!&#8221;<\/p>\n<p><img loading=\"lazy\" decoding=\"async\" class=\"alignnone size-full wp-image-7643\" src=\"http:\/\/spp3.slawno.pl\/wp-content\/uploads\/2021\/06\/1.jpg\" alt=\"\u015awiatowy Dzie\u0144 Bez Tytoniu- dzieci ogl\u0105daj\u0105ce prezentacj\u0119\" width=\"720\" height=\"960\" srcset=\"http:\/\/spp3.slawno.pl\/wp-content\/uploads\/2021\/06\/1.jpg 720w, http:\/\/spp3.slawno.pl\/wp-content\/uploads\/2021\/06\/1-225x300.jpg 225w\" sizes=\"(max-width: 720px) 100vw, 720px\" \/> <img loading=\"lazy\" decoding=\"async\" class=\"alignnone size-full wp-image-7644\" src=\"http:\/\/spp3.slawno.pl\/wp-content\/uploads\/2021\/06\/2.jpg\" alt=\"\u015awiatowy Dzie\u0144 Bez Tytoniu- dzieci ogl\u0105daj\u0105ce prezentacj\u0119\" width=\"720\" height=\"960\" srcset=\"http:\/\/spp3.slawno.pl\/wp-content\/uploads\/2021\/06\/2.jpg 720w, http:\/\/spp3.slawno.pl\/wp-content\/uploads\/2021\/06\/2-225x300.jpg 225w\" sizes=\"(max-width: 720px) 100vw, 720px\" \/> <img loading=\"lazy\" decoding=\"async\" class=\"alignnone size-full wp-image-7645\" src=\"http:\/\/spp3.slawno.pl\/wp-content\/uploads\/2021\/06\/3.jpg\" alt=\"\u015awiatowy Dzie\u0144 Bez Tytoniu- dzieci ogl\u0105daj\u0105ce prezentacj\u0119\" width=\"720\" height=\"960\" srcset=\"http:\/\/spp3.slawno.pl\/wp-content\/uploads\/2021\/06\/3.jpg 720w, http:\/\/spp3.slawno.pl\/wp-content\/uploads\/2021\/06\/3-225x300.jpg 225w\" sizes=\"(max-width: 720px) 100vw, 720px\" \/> <img loading=\"lazy\" decoding=\"async\" class=\"alignnone size-full wp-image-7646\" src=\"http:\/\/spp3.slawno.pl\/wp-content\/uploads\/2021\/06\/4.jpg\" alt=\"\u015awiatowy Dzie\u0144 Bez Tytoniu- dzieci ogl\u0105daj\u0105ce prezentacj\u0119\" width=\"720\" height=\"960\" srcset=\"http:\/\/spp3.slawno.pl\/wp-content\/uploads\/2021\/06\/4.jpg 720w, http:\/\/spp3.slawno.pl\/wp-content\/uploads\/2021\/06\/4-225x300.jpg 225w\" sizes=\"(max-width: 720px) 100vw, 720px\" \/><\/p>\n","protected":false},"excerpt":{"rendered":"<div class=\"mh-excerpt\"><p>31 maja przypada \u015awiatowy Dzie\u0144 Bez Tytoniu. \u015awi\u0119to to zosta\u0142o ustanowione przez WHO w 1987 roku ze wzgl\u0119du na rosn\u0105c\u0105 liczb\u0119 os\u00f3b uzale\u017cnionych i pacjent\u00f3w <a class=\"mh-excerpt-more\" href=\"http:\/\/spp3.slawno.pl\/?p=7642\" title=\"\u015awiatowy Dzie\u0144 Bez Tytoniu\">[&#8230;]<\/a><\/p>\n<\/div>","protected":false},"author":2,"featured_media":7644,"comment_status":"closed","ping_status":"open","sticky":false,"template":"","format":"standard","meta":{"footnotes":""},"categories":[32,8],"tags":[],"class_list":["post-7642","post","type-post","status-publish","format-standard","has-post-thumbnail","hentry","category-akcje","category-wydarzenia"],"_links":{"self":[{"href":"http:\/\/spp3.slawno.pl\/index.php?rest_route=\/wp\/v2\/posts\/7642"}],"collection":[{"href":"http:\/\/spp3.slawno.pl\/index.php?rest_route=\/wp\/v2\/posts"}],"about":[{"href":"http:\/\/spp3.slawno.pl\/index.php?rest_route=\/wp\/v2\/types\/post"}],"author":[{"embeddable":true,"href":"http:\/\/spp3.slawno.pl\/index.php?rest_route=\/wp\/v2\/users\/2"}],"replies":[{"embeddable":true,"href":"http:\/\/spp3.slawno.pl\/index.php?rest_route=%2Fwp%2Fv2%2Fcomments&post=7642"}],"version-history":[{"count":1,"href":"http:\/\/spp3.slawno.pl\/index.php?rest_route=\/wp\/v2\/posts\/7642\/revisions"}],"predecessor-version":[{"id":7647,"href":"http:\/\/spp3.slawno.pl\/index.php?rest_route=\/wp\/v2\/posts\/7642\/revisions\/7647"}],"wp:featuredmedia":[{"embeddable":true,"href":"http:\/\/spp3.slawno.pl\/index.php?rest_route=\/wp\/v2\/media\/7644"}],"wp:attachment":[{"href":"http:\/\/spp3.slawno.pl\/index.php?rest_route=%2Fwp%2Fv2%2Fmedia&parent=7642"}],"wp:term":[{"taxonomy":"category","embeddable":true,"href":"http:\/\/spp3.slawno.pl\/index.php?rest_route=%2Fwp%2Fv2%2Fcategories&post=7642"},{"taxonomy":"post_tag","embeddable":true,"href":"http:\/\/spp3.slawno.pl\/index.php?rest_route=%2Fwp%2Fv2%2Ftags&post=7642"}],"curies":[{"name":"wp","href":"https:\/\/api.w.org\/{rel}","templated":true}]}}