{"id":7648,"date":"2021-06-01T17:36:13","date_gmt":"2021-06-01T15:36:13","guid":{"rendered":"http:\/\/spp3.slawno.pl\/?p=7648"},"modified":"2021-06-01T17:36:13","modified_gmt":"2021-06-01T15:36:13","slug":"niezwykly-czas-zaczynamy-bo-dzien-dziecka-mamy","status":"publish","type":"post","link":"http:\/\/spp3.slawno.pl\/?p=7648","title":{"rendered":"Niezwyk\u0142y czas zaczynamy- bo Dzie\u0144 Dziecka mamy!"},"content":{"rendered":"<div class=\"kvgmc6g5 cxmmr5t8 oygrvhab hcukyx3x c1et5uql ii04i59q\">\n<div dir=\"auto\">Takimi s\u0142owami uczniowie z klasy 2 a zostali zaproszeni na gry i zabawy i wiele innych atrakcji z okazji Dnia dziecka. Jak by\u0142o, przeczytajcie sami: Zabaw by\u0142o wiele,<\/div>\n<\/div>\n<div class=\"o9v6fnle cxmmr5t8 oygrvhab hcukyx3x c1et5uql ii04i59q\">\n<div dir=\"auto\">Byli nasi przyjaciele,<\/div>\n<\/div>\n<div class=\"o9v6fnle cxmmr5t8 oygrvhab hcukyx3x c1et5uql ii04i59q\">\n<div dir=\"auto\">Zabawy by\u0142o po pas<\/div>\n<\/div>\n<div class=\"o9v6fnle cxmmr5t8 oygrvhab hcukyx3x c1et5uql ii04i59q\">\n<div dir=\"auto\">A\u017c nie chcia\u0142o si\u0119 wraca\u0107 do szko\u0142y na czas<\/div>\n<\/div>\n<div class=\"o9v6fnle cxmmr5t8 oygrvhab hcukyx3x c1et5uql ii04i59q\">\n<div dir=\"auto\">Niespodzianek by\u0142o bez liku,<\/div>\n<\/div>\n<div class=\"o9v6fnle cxmmr5t8 oygrvhab hcukyx3x c1et5uql ii04i59q\">\n<div dir=\"auto\">Nawet Pizz\u0119 zjedli\u015bmy ze smakiem podczas pikniku.<\/div>\n<div dir=\"auto\"><img loading=\"lazy\" decoding=\"async\" class=\"alignnone size-full wp-image-7649\" src=\"http:\/\/spp3.slawno.pl\/wp-content\/uploads\/2021\/06\/1-1.jpg\" alt=\"Dzie\u0144 Dziecka- uczniowie podczas zabaw\" width=\"720\" height=\"960\" srcset=\"http:\/\/spp3.slawno.pl\/wp-content\/uploads\/2021\/06\/1-1.jpg 720w, http:\/\/spp3.slawno.pl\/wp-content\/uploads\/2021\/06\/1-1-225x300.jpg 225w\" sizes=\"(max-width: 720px) 100vw, 720px\" \/> <img loading=\"lazy\" decoding=\"async\" class=\"alignnone size-full wp-image-7650\" src=\"http:\/\/spp3.slawno.pl\/wp-content\/uploads\/2021\/06\/2-1.jpg\" alt=\"Dzie\u0144 Dziecka- uczniowie podczas zabaw\" width=\"720\" height=\"960\" srcset=\"http:\/\/spp3.slawno.pl\/wp-content\/uploads\/2021\/06\/2-1.jpg 720w, http:\/\/spp3.slawno.pl\/wp-content\/uploads\/2021\/06\/2-1-225x300.jpg 225w\" sizes=\"(max-width: 720px) 100vw, 720px\" \/> <img loading=\"lazy\" decoding=\"async\" class=\"alignnone size-full wp-image-7651\" src=\"http:\/\/spp3.slawno.pl\/wp-content\/uploads\/2021\/06\/3-1.jpg\" alt=\"Dzie\u0144 Dziecka- uczniowie podczas zabaw\" width=\"720\" height=\"960\" srcset=\"http:\/\/spp3.slawno.pl\/wp-content\/uploads\/2021\/06\/3-1.jpg 720w, http:\/\/spp3.slawno.pl\/wp-content\/uploads\/2021\/06\/3-1-225x300.jpg 225w\" sizes=\"(max-width: 720px) 100vw, 720px\" \/> <img loading=\"lazy\" decoding=\"async\" class=\"alignnone size-full wp-image-7652\" src=\"http:\/\/spp3.slawno.pl\/wp-content\/uploads\/2021\/06\/4-1.jpg\" alt=\"Dzie\u0144 Dziecka- uczniowie podczas zabaw\" width=\"720\" height=\"960\" srcset=\"http:\/\/spp3.slawno.pl\/wp-content\/uploads\/2021\/06\/4-1.jpg 720w, http:\/\/spp3.slawno.pl\/wp-content\/uploads\/2021\/06\/4-1-225x300.jpg 225w\" sizes=\"(max-width: 720px) 100vw, 720px\" \/> <img loading=\"lazy\" decoding=\"async\" class=\"alignnone size-full wp-image-7653\" src=\"http:\/\/spp3.slawno.pl\/wp-content\/uploads\/2021\/06\/5.jpg\" alt=\"Dzie\u0144 Dziecka- uczniowie podczas zabaw\" width=\"720\" height=\"960\" srcset=\"http:\/\/spp3.slawno.pl\/wp-content\/uploads\/2021\/06\/5.jpg 720w, http:\/\/spp3.slawno.pl\/wp-content\/uploads\/2021\/06\/5-225x300.jpg 225w\" sizes=\"(max-width: 720px) 100vw, 720px\" \/> <img loading=\"lazy\" decoding=\"async\" class=\"alignnone size-full wp-image-7654\" src=\"http:\/\/spp3.slawno.pl\/wp-content\/uploads\/2021\/06\/6.jpg\" alt=\"Dzie\u0144 Dziecka- uczniowie podczas zabaw\" width=\"720\" height=\"960\" srcset=\"http:\/\/spp3.slawno.pl\/wp-content\/uploads\/2021\/06\/6.jpg 720w, http:\/\/spp3.slawno.pl\/wp-content\/uploads\/2021\/06\/6-225x300.jpg 225w\" sizes=\"(max-width: 720px) 100vw, 720px\" \/> <img loading=\"lazy\" decoding=\"async\" class=\"alignnone size-full wp-image-7655\" src=\"http:\/\/spp3.slawno.pl\/wp-content\/uploads\/2021\/06\/7.jpg\" alt=\"Dzie\u0144 Dziecka- uczniowie jedza pizz\u0119\" width=\"960\" height=\"720\" srcset=\"http:\/\/spp3.slawno.pl\/wp-content\/uploads\/2021\/06\/7.jpg 960w, http:\/\/spp3.slawno.pl\/wp-content\/uploads\/2021\/06\/7-300x225.jpg 300w, http:\/\/spp3.slawno.pl\/wp-content\/uploads\/2021\/06\/7-768x576.jpg 768w, http:\/\/spp3.slawno.pl\/wp-content\/uploads\/2021\/06\/7-678x509.jpg 678w, http:\/\/spp3.slawno.pl\/wp-content\/uploads\/2021\/06\/7-326x245.jpg 326w, http:\/\/spp3.slawno.pl\/wp-content\/uploads\/2021\/06\/7-80x60.jpg 80w\" sizes=\"(max-width: 960px) 100vw, 960px\" \/> <img loading=\"lazy\" decoding=\"async\" class=\"alignnone size-full wp-image-7656\" src=\"http:\/\/spp3.slawno.pl\/wp-content\/uploads\/2021\/06\/8.jpg\" alt=\"Dzie\u0144 Dziecka- uczniowie jedz\u0105 pizz\u0119\" width=\"960\" height=\"720\" srcset=\"http:\/\/spp3.slawno.pl\/wp-content\/uploads\/2021\/06\/8.jpg 960w, http:\/\/spp3.slawno.pl\/wp-content\/uploads\/2021\/06\/8-300x225.jpg 300w, http:\/\/spp3.slawno.pl\/wp-content\/uploads\/2021\/06\/8-768x576.jpg 768w, http:\/\/spp3.slawno.pl\/wp-content\/uploads\/2021\/06\/8-678x509.jpg 678w, http:\/\/spp3.slawno.pl\/wp-content\/uploads\/2021\/06\/8-326x245.jpg 326w, http:\/\/spp3.slawno.pl\/wp-content\/uploads\/2021\/06\/8-80x60.jpg 80w\" sizes=\"(max-width: 960px) 100vw, 960px\" \/> <img loading=\"lazy\" decoding=\"async\" class=\"alignnone size-full wp-image-7658\" src=\"http:\/\/spp3.slawno.pl\/wp-content\/uploads\/2021\/06\/9.jpg\" alt=\"Dzie\u0144 Dziecka- uczniowie jedz\u0105 pizz\u0119\" width=\"960\" height=\"720\" srcset=\"http:\/\/spp3.slawno.pl\/wp-content\/uploads\/2021\/06\/9.jpg 960w, http:\/\/spp3.slawno.pl\/wp-content\/uploads\/2021\/06\/9-300x225.jpg 300w, http:\/\/spp3.slawno.pl\/wp-content\/uploads\/2021\/06\/9-768x576.jpg 768w, http:\/\/spp3.slawno.pl\/wp-content\/uploads\/2021\/06\/9-678x509.jpg 678w, http:\/\/spp3.slawno.pl\/wp-content\/uploads\/2021\/06\/9-326x245.jpg 326w, http:\/\/spp3.slawno.pl\/wp-content\/uploads\/2021\/06\/9-80x60.jpg 80w\" sizes=\"(max-width: 960px) 100vw, 960px\" \/> <img loading=\"lazy\" decoding=\"async\" class=\"alignnone size-full wp-image-7659\" src=\"http:\/\/spp3.slawno.pl\/wp-content\/uploads\/2021\/06\/10.jpg\" alt=\"Dzie\u0144 Dziecka- uczniowie podczas zabaw\" width=\"720\" height=\"960\" srcset=\"http:\/\/spp3.slawno.pl\/wp-content\/uploads\/2021\/06\/10.jpg 720w, http:\/\/spp3.slawno.pl\/wp-content\/uploads\/2021\/06\/10-225x300.jpg 225w\" sizes=\"(max-width: 720px) 100vw, 720px\" \/> <img loading=\"lazy\" decoding=\"async\" class=\"alignnone size-full wp-image-7660\" src=\"http:\/\/spp3.slawno.pl\/wp-content\/uploads\/2021\/06\/11.jpg\" alt=\"Dzie\u0144 Dziecka- uczniowie podczas zabaw\" width=\"720\" height=\"960\" srcset=\"http:\/\/spp3.slawno.pl\/wp-content\/uploads\/2021\/06\/11.jpg 720w, http:\/\/spp3.slawno.pl\/wp-content\/uploads\/2021\/06\/11-225x300.jpg 225w\" sizes=\"(max-width: 720px) 100vw, 720px\" \/> <img loading=\"lazy\" decoding=\"async\" class=\"alignnone size-full wp-image-7661\" src=\"http:\/\/spp3.slawno.pl\/wp-content\/uploads\/2021\/06\/12.jpg\" alt=\"Dzie\u0144 Dziecka- uczniowie podczas zabaw\" width=\"720\" height=\"960\" srcset=\"http:\/\/spp3.slawno.pl\/wp-content\/uploads\/2021\/06\/12.jpg 720w, http:\/\/spp3.slawno.pl\/wp-content\/uploads\/2021\/06\/12-225x300.jpg 225w\" sizes=\"(max-width: 720px) 100vw, 720px\" \/> <img loading=\"lazy\" decoding=\"async\" class=\"alignnone size-full wp-image-7662\" src=\"http:\/\/spp3.slawno.pl\/wp-content\/uploads\/2021\/06\/13.jpg\" alt=\"Dzie\u0144 Dziecka- uczniowie podczas zabaw\" width=\"720\" height=\"960\" srcset=\"http:\/\/spp3.slawno.pl\/wp-content\/uploads\/2021\/06\/13.jpg 720w, http:\/\/spp3.slawno.pl\/wp-content\/uploads\/2021\/06\/13-225x300.jpg 225w\" sizes=\"(max-width: 720px) 100vw, 720px\" \/> <img loading=\"lazy\" decoding=\"async\" class=\"alignnone size-full wp-image-7663\" src=\"http:\/\/spp3.slawno.pl\/wp-content\/uploads\/2021\/06\/14.jpg\" alt=\"Dzie\u0144 Dziecka- uczniowie podczas zabaw\" width=\"720\" height=\"960\" srcset=\"http:\/\/spp3.slawno.pl\/wp-content\/uploads\/2021\/06\/14.jpg 720w, http:\/\/spp3.slawno.pl\/wp-content\/uploads\/2021\/06\/14-225x300.jpg 225w\" sizes=\"(max-width: 720px) 100vw, 720px\" \/> <img loading=\"lazy\" decoding=\"async\" class=\"alignnone size-full wp-image-7664\" src=\"http:\/\/spp3.slawno.pl\/wp-content\/uploads\/2021\/06\/15.jpg\" alt=\"Dzie\u0144 Dziecka- uczniowie podczas zabaw\" width=\"720\" height=\"960\" srcset=\"http:\/\/spp3.slawno.pl\/wp-content\/uploads\/2021\/06\/15.jpg 720w, http:\/\/spp3.slawno.pl\/wp-content\/uploads\/2021\/06\/15-225x300.jpg 225w\" sizes=\"(max-width: 720px) 100vw, 720px\" \/><\/div>\n<\/div>\n","protected":false},"excerpt":{"rendered":"<div class=\"mh-excerpt\"><p>Takimi s\u0142owami uczniowie z klasy 2 a zostali zaproszeni na gry i zabawy i wiele innych atrakcji z okazji Dnia dziecka. Jak by\u0142o, przeczytajcie sami: <a class=\"mh-excerpt-more\" href=\"http:\/\/spp3.slawno.pl\/?p=7648\" title=\"Niezwyk\u0142y czas zaczynamy- bo Dzie\u0144 Dziecka mamy!\">[&#8230;]<\/a><\/p>\n<\/div>","protected":false},"author":2,"featured_media":7650,"comment_status":"closed","ping_status":"open","sticky":false,"template":"","format":"standard","meta":{"footnotes":""},"categories":[8],"tags":[],"class_list":["post-7648","post","type-post","status-publish","format-standard","has-post-thumbnail","hentry","category-wydarzenia"],"_links":{"self":[{"href":"http:\/\/spp3.slawno.pl\/index.php?rest_route=\/wp\/v2\/posts\/7648"}],"collection":[{"href":"http:\/\/spp3.slawno.pl\/index.php?rest_route=\/wp\/v2\/posts"}],"about":[{"href":"http:\/\/spp3.slawno.pl\/index.php?rest_route=\/wp\/v2\/types\/post"}],"author":[{"embeddable":true,"href":"http:\/\/spp3.slawno.pl\/index.php?rest_route=\/wp\/v2\/users\/2"}],"replies":[{"embeddable":true,"href":"http:\/\/spp3.slawno.pl\/index.php?rest_route=%2Fwp%2Fv2%2Fcomments&post=7648"}],"version-history":[{"count":1,"href":"http:\/\/spp3.slawno.pl\/index.php?rest_route=\/wp\/v2\/posts\/7648\/revisions"}],"predecessor-version":[{"id":7665,"href":"http:\/\/spp3.slawno.pl\/index.php?rest_route=\/wp\/v2\/posts\/7648\/revisions\/7665"}],"wp:featuredmedia":[{"embeddable":true,"href":"http:\/\/spp3.slawno.pl\/index.php?rest_route=\/wp\/v2\/media\/7650"}],"wp:attachment":[{"href":"http:\/\/spp3.slawno.pl\/index.php?rest_route=%2Fwp%2Fv2%2Fmedia&parent=7648"}],"wp:term":[{"taxonomy":"category","embeddable":true,"href":"http:\/\/spp3.slawno.pl\/index.php?rest_route=%2Fwp%2Fv2%2Fcategories&post=7648"},{"taxonomy":"post_tag","embeddable":true,"href":"http:\/\/spp3.slawno.pl\/index.php?rest_route=%2Fwp%2Fv2%2Ftags&post=7648"}],"curies":[{"name":"wp","href":"https:\/\/api.w.org\/{rel}","templated":true}]}}